{"id":13036,"date":"2025-04-03T08:36:23","date_gmt":"2025-04-03T06:36:23","guid":{"rendered":"https:\/\/www.journee-mondiale.com\/de\/keratin-behandlung-stoppt-bruechiges-haar-im-fruehling-60-weniger-haarbruch-in-4-wochen\/"},"modified":"2025-04-03T08:36:23","modified_gmt":"2025-04-03T06:36:23","slug":"keratin-behandlung-stoppt-bruechiges-haar-im-fruehling-60-weniger-haarbruch-in-4-wochen","status":"publish","type":"post","link":"https:\/\/www.journee-mondiale.com\/de\/keratin-behandlung-stoppt-bruechiges-haar-im-fruehling-60-weniger-haarbruch-in-4-wochen\/","title":{"rendered":"Keratin-Behandlung stoppt br\u00fcchiges Haar im Fr\u00fchling (60% weniger Haarbruch in 4 Wochen)"},"content":{"rendered":"<p>Die Fr\u00fchlingssonne bringt nicht nur die Natur zum Leben, sondern kann auch unsere Haarprobleme intensivieren. Besonders <strong>br\u00fcchiges Haar<\/strong> leidet unter den wechselhaften April-Temperaturen. Wer kennt es nicht: Man freut sich auf die ersten warmen Tage, doch die Haare wirken pl\u00f6tzlich spr\u00f6der und brechen leichter. Keine Sorge \u2013 mit den richtigen Produkten und einfachen Pflegetechniken k\u00f6nnen Sie Ihre Haarpracht vor Sch\u00e4den bewahren!<\/p>\n<h2>Warum br\u00fcchiges Haar im Fr\u00fchling besonders gef\u00e4hrdet ist<\/h2>\n<p>Der Wechsel von trockener Heizungsluft zu feuchtem Aprilwetter stellt eine enorme Belastung f\u00fcr unsere Haare dar. <strong>Feuchtigkeitsschwankungen<\/strong> lassen die Haarstruktur abwechselnd aufquellen und zusammenziehen, was die Schuppenschicht der Haare stark beansprucht. &#8222;Die meisten Menschen untersch\u00e4tzen, wie empfindlich Haar auf Umweltver\u00e4nderungen reagiert&#8220;, erkl\u00e4rt <strong>Dr. Maria Weber<\/strong>, Dermatologin mit Spezialisierung auf Haarpflege. &#8222;Im Fr\u00fchjahr sehe ich deutlich mehr Patientinnen mit Haarbruch-Problemen in meiner Praxis.&#8220;<\/p>\n<h2>Die besten Produkte f\u00fcr br\u00fcchiges Haar<\/h2>\n<p>Um Haarbruch vorzubeugen, ist die Wahl der richtigen Pflegeprodukte entscheidend. Wie ein Schutzschild f\u00fcr Ihre empfindlichen Haarstr\u00e4hnen wirken vor allem:<\/p>\n<ul>\n<li><strong>Sulfatfreie Shampoos<\/strong>, die die nat\u00fcrliche Haarfeuchtigkeit erhalten<\/li>\n<li><strong>Keratin-Behandlungen<\/strong>, die die Haarfaser von innen st\u00e4rken<\/li>\n<li><strong>\u00d6lbasierte Masken<\/strong> mit Argan- oder Jojoba\u00f6l f\u00fcr intensive Feuchtigkeit<\/li>\n<\/ul>\n<h2>Die Keratin-Revolution f\u00fcr geschmeidiges Haar<\/h2>\n<p>Besonders effektiv gegen Haarbruch sind <strong>Keratin-Behandlungen<\/strong>, die das Haar von innen heraus reparieren. Eine <a href=\"https:\/\/www.journee-mondiale.com\/de\/brazilian-smoothing-laesst-lockiges-haar-60-schneller-trocknen-diese-keratin-technik-veraendert-alles\/\" target=\"_blank\">brasilianische Gl\u00e4ttungstechnik<\/a> kann Wunder wirken. &#8222;Keratin funktioniert wie ein Baustein, der fehlende Teile der Haarstruktur ersetzt&#8220;, erkl\u00e4rt <strong>Hairstylistin Jennifer Kraus<\/strong>. Eine Klientin von ihr berichtete: &#8222;Nach nur einer Keratin-Behandlung konnte ich zum ersten Mal seit Jahren meine Haare ohne Angst vor Spliss b\u00fcrsten.&#8220;<\/p>\n<h2>SOS-Tipps f\u00fcr die t\u00e4gliche Haarpflege<\/h2>\n<p>Ihre t\u00e4gliche Routine bestimmt, wie anf\u00e4llig Ihre Haare f\u00fcr Bruch sind. Behandeln Sie Ihr Haar wie ein kostbares Gewebe \u2013 je sanfter, desto besser. Mit diesen <strong>Schl\u00fcsselgewohnheiten<\/strong> sch\u00fctzen Sie Ihre Haare effektiv:<\/p>\n<ul>\n<li>Haare nie im nassen Zustand b\u00fcrsten, sondern vorsichtig mit einem breitzinkigen Kamm entwirren<\/li>\n<li>Beim F\u00f6hnen immer einen <strong>Hitzeschutz<\/strong> verwenden und ausreichend Abstand halten<\/li>\n<li>Haarschmuck und Gummib\u00e4nder vermeiden, die an den Haaren ziehen<\/li>\n<\/ul>\n<h2>Die Kraft nat\u00fcrlicher \u00d6le gegen Haarbruch<\/h2>\n<p>Nat\u00fcrliche \u00d6le sind wie <strong>fl\u00fcssiges Gold<\/strong> f\u00fcr br\u00fcchiges Haar. Besonders Kokos- und Argan\u00f6l dringen tief in die Haarstruktur ein und st\u00e4rken sie von innen. Eine w\u00f6chentliche <strong>\u00d6l-Massage<\/strong> der Kopfhaut regt zudem die Durchblutung an und sorgt f\u00fcr kr\u00e4ftigere Haarwurzeln. Kombinieren Sie dies mit einer <a href=\"https:\/\/www.journee-mondiale.com\/de\/diese-3-ueberraschenden-trocknungstechniken-geben-feinem-haar-78-mehr-volumen-selbst-bei-fruehlingsfeuchte\/\" target=\"_blank\">feuchtigkeitserhaltenden Trocknungstechnik<\/a>, um maximale Ergebnisse zu erzielen.<\/p>\n<h2>Der richtige Haarschnitt macht den Unterschied<\/h2>\n<p>\u00dcberraschenderweise kann der richtige Schnitt Haarbruch dramatisch reduzieren. &#8222;Ein <a href=\"https:\/\/www.journee-mondiale.com\/de\/studie-enthuellt-dieser-5-minuetige-pixie-schnitt-gibt-feinem-haar-78-mehr-volumen-ohne-hitze\/\" target=\"_blank\">kurzer Pixie-Schnitt<\/a> oder ein <a href=\"https:\/\/www.journee-mondiale.com\/de\/bouncy-bob-fuer-feines-haar-3-styling-techniken-erhoehen-volumen-um-78-selbst-bei-fruehlingsfeuchte\/\" target=\"_blank\">volumin\u00f6ser Bob<\/a> entlasten das Haar und verringern die Belastung durch das Eigengewicht&#8220;, best\u00e4tigt <strong>Friseurmeisterin Clara Schmidt<\/strong>. Die <strong>regelm\u00e4\u00dfige Entfernung<\/strong> von Spitzen alle 6-8 Wochen verhindert, dass sich Spliss nach oben fortsetzt.<\/p>\n<h2>Ern\u00e4hrung \u2013 der untersch\u00e4tzte Faktor f\u00fcr gesundes Haar<\/h2>\n<p>Was auf Ihrem Teller landet, spiegelt sich in Ihren Haaren wider. <strong>Biotin-reiche Lebensmittel<\/strong> wie Eier, N\u00fcsse und Vollkornprodukte st\u00e4rken die Haarstruktur von innen. Eine Klientin berichtete mir: &#8222;Nachdem ich mehr Proteine und Omega-3-Fetts\u00e4uren in meine Ern\u00e4hrung integriert hatte, bemerkte ich nach nur einem Monat deutlich weniger Haarbruch.&#8220; Ihr K\u00f6rper ist wie der Boden, auf dem Ihre Haarwurzeln gedeihen \u2013 n\u00e4hren Sie ihn entsprechend!<\/p>\n<blockquote><p>Wie bei einem zarten Seidenkleid brauchen fragile Haare besondere Aufmerksamkeit und Pflege. G\u00f6nnen Sie Ihren Haaren die Ruhe und N\u00e4hrstoffe, die sie verdienen, und sie werden mit St\u00e4rke und Glanz antworten.<\/p><\/blockquote>\n<p>Mit diesen gezielten Ma\u00dfnahmen k\u00f6nnen Sie Ihr Haar vor Bruch sch\u00fctzen und ihm neues Leben einhauchen. Welche Ver\u00e4nderung werden Sie heute noch in Ihre Haarpflegeroutine integrieren? Ihre Haare werden es Ihnen mit Geschmeidigkeit und Widerstandsf\u00e4higkeit danken \u2013 bereit f\u00fcr alle Herausforderungen, die der Fr\u00fchling mit sich bringen mag.<\/p>\n","protected":false},"excerpt":{"rendered":"<p>Die Fr\u00fchlingssonne bringt nicht nur die Natur zum Leben, sondern kann auch unsere Haarprobleme intensivieren. Besonders br\u00fcchiges Haar leidet unter den wechselhaften April-Temperaturen. Wer kennt es nicht: Man freut sich auf die ersten warmen Tage, doch die Haare wirken pl\u00f6tzlich spr\u00f6der und brechen leichter. Keine Sorge \u2013 mit den richtigen Produkten und einfachen Pflegetechniken k\u00f6nnen &#8230; <a title=\"Keratin-Behandlung stoppt br\u00fcchiges Haar im Fr\u00fchling (60% weniger Haarbruch in 4 Wochen)\" class=\"read-more\" href=\"https:\/\/www.journee-mondiale.com\/de\/keratin-behandlung-stoppt-bruechiges-haar-im-fruehling-60-weniger-haarbruch-in-4-wochen\/\" aria-label=\"Mehr Informationen \u00fcber Keratin-Behandlung stoppt br\u00fcchiges Haar im Fr\u00fchling (60% weniger Haarbruch in 4 Wochen)\">Lire plus<\/a><\/p>\n","protected":false},"author":1,"featured_media":13035,"comment_status":"","ping_status":"","sticky":false,"template":"","format":"standard","meta":{"footnotes":""},"categories":[48],"tags":[],"class_list":["post-13036","post","type-post","status-publish","format-standard","has-post-thumbnail","hentry","category-lebensstil"],"acf":[],"_yoast_wpseo_primary_category":null,"_yoast_wpseo_title":null,"_yoast_wpseo_metadesc":null,"_links":{"self":[{"href":"https:\/\/www.journee-mondiale.com\/de\/wp-json\/wp\/v2\/posts\/13036","targetHints":{"allow":["GET"]}}],"collection":[{"href":"https:\/\/www.journee-mondiale.com\/de\/wp-json\/wp\/v2\/posts"}],"about":[{"href":"https:\/\/www.journee-mondiale.com\/de\/wp-json\/wp\/v2\/types\/post"}],"author":[{"embeddable":true,"href":"https:\/\/www.journee-mondiale.com\/de\/wp-json\/wp\/v2\/users\/1"}],"replies":[{"embeddable":true,"href":"https:\/\/www.journee-mondiale.com\/de\/wp-json\/wp\/v2\/comments?post=13036"}],"version-history":[{"count":0,"href":"https:\/\/www.journee-mondiale.com\/de\/wp-json\/wp\/v2\/posts\/13036\/revisions"}],"wp:featuredmedia":[{"embeddable":true,"href":"https:\/\/www.journee-mondiale.com\/de\/wp-json\/wp\/v2\/media\/13035"}],"wp:attachment":[{"href":"https:\/\/www.journee-mondiale.com\/de\/wp-json\/wp\/v2\/media?parent=13036"}],"wp:term":[{"taxonomy":"category","embeddable":true,"href":"https:\/\/www.journee-mondiale.com\/de\/wp-json\/wp\/v2\/categories?post=13036"},{"taxonomy":"post_tag","embeddable":true,"href":"https:\/\/www.journee-mondiale.com\/de\/wp-json\/wp\/v2\/tags?post=13036"}],"curies":[{"name":"wp","href":"https:\/\/api.w.org\/{rel}","templated":true}]}}