{"id":13030,"date":"2025-04-02T18:50:41","date_gmt":"2025-04-02T16:50:41","guid":{"rendered":"https:\/\/www.journee-mondiale.com\/de\/studie-enthuellt-dieser-5-minuetige-pixie-schnitt-gibt-feinem-haar-78-mehr-volumen-ohne-hitze\/"},"modified":"2025-04-02T18:50:41","modified_gmt":"2025-04-02T16:50:41","slug":"studie-enthuellt-dieser-5-minuetige-pixie-schnitt-gibt-feinem-haar-78-mehr-volumen-ohne-hitze","status":"publish","type":"post","link":"https:\/\/www.journee-mondiale.com\/de\/studie-enthuellt-dieser-5-minuetige-pixie-schnitt-gibt-feinem-haar-78-mehr-volumen-ohne-hitze\/","title":{"rendered":"Studie enth\u00fcllt: Dieser 5-min\u00fctige Pixie-Schnitt gibt feinem Haar 78% mehr Volumen (ohne Hitze&#8230;)"},"content":{"rendered":"<p>Der Fr\u00fchling bringt frischen Wind f\u00fcr unsere Frisuren! Besonders f\u00fcr Frauen \u00fcber 48 mit feinem Haar wird der <strong>texturierte Pixie-Cut<\/strong> zur idealen Wahl f\u00fcr die w\u00e4rmeren Monate 2025. Diese moderne Kurzhaarfrisur vereint Eleganz mit Praktikabilit\u00e4t und schenkt feinem Haar die dringend ben\u00f6tigte F\u00fclle \u2013 genau das Richtige, um selbstbewusst in den Fr\u00fchling zu starten.<\/p>\n<h2>Warum der texturierte Pixie das Haar-Upgrade des Fr\u00fchlings 2025 ist<\/h2>\n<p>Der klassische Pixie erh\u00e4lt durch gezielte Texturierung ein zeitgem\u00e4\u00dfes Update. &#8222;Die <strong>geschichteten Schneidetechniken<\/strong> schaffen eine optische T\u00e4uschung von Volumen, die besonders feinem Haar zugute kommt,&#8220; erkl\u00e4rt Haarexpertin Christina Weber vom Berliner Salon &#8222;Haarkunst&#8220;. Anders als bei glatten Schnitten erzeugt die Texturierung nat\u00fcrliche Bewegung und l\u00e4sst das Haar sofort voller wirken \u2013 perfekt f\u00fcr die warme Jahreszeit, wenn schwere Frisuren oft zu warm werden.<\/p>\n<h2>F\u00fcnf Vorteile des texturierten Pixie f\u00fcr feines Haar<\/h2>\n<ul>\n<li>Schafft bis zu <strong>40% mehr Volumen<\/strong> durch strategische Schichtung<\/li>\n<li>Reduziert die Styling-Zeit auf wenige Minuten<\/li>\n<li>Betont die Gesichtskonturen und wirkt verj\u00fcngend<\/li>\n<li>Passt sich perfekt den w\u00e4rmeren Temperaturen an<\/li>\n<\/ul>\n<p>&#8222;Feines Haar ist wie ein zartes Seidengewebe \u2013 mit dem richtigen Schnitt entfaltet es seine volle Sch\u00f6nheit,&#8220; vergleicht Weber. Der texturierte Pixie verwandelt diese Feinheit in einen Vorteil, indem er <strong>Leichtigkeit und Bewegung<\/strong> in den Fokus stellt.<\/p>\n<h2>So stylen Sie Ihren texturierten Pixie im Fr\u00fchling 2025<\/h2>\n<p>F\u00fcr den perfekten Fr\u00fchlingslook braucht der Pixie nur minimales Styling. Nach einer <a href=\"https:\/\/www.journee-mondiale.com\/de\/pixie-revolution-bei-feinen-haaren-dieser-5-minuten-schnitt-schenkt-frauen-ueber-50-genau-78-mehr-volumen-studie-zeigt-erstaunliche-ergebnisse\/\" target=\"_blank\">Studie schenkt dieser 5-Minuten-Schnitt Frauen \u00fcber 50 bis zu 78% mehr Volumen<\/a>. Besonders vorteilhaft: Morgens reichen oft schon wenige Handgriffe f\u00fcr einen perfekten Look.<\/p>\n<h2>Die frischen Pixie-Varianten f\u00fcr Fr\u00fchjahr 2025<\/h2>\n<p>Der Fr\u00fchling 2025 bringt spannende Neuinterpretationen des texturierten Pixie. Besonders beliebt ist der <strong>asymmetrische Pixie<\/strong> mit l\u00e4ngerer Partie im vorderen Bereich, der sowohl Volumen als auch Vielseitigkeit bietet. Dabei ist die <a href=\"https:\/\/www.journee-mondiale.com\/de\/5-signifikante-veraenderungen-beim-pixie-cut-2025-der-vierte-trend-sorgt-fuer-78-mehr-volumen\/\" target=\"_blank\">vierte Trend-Variante des Pixie-Cuts 2025<\/a> besonders effektiv f\u00fcr mehr Volumen.<\/p>\n<h2>Expertentipps f\u00fcr maximales Volumen<\/h2>\n<p>Stylist Marcel Krause empfiehlt: &#8222;Verwenden Sie eine <strong>volumengebende Paste<\/strong> und arbeiten Sie sie mit den Fingerspitzen sanft in die Haarwurzeln ein. Wie ein Bauger\u00fcst st\u00fctzt sie das feine Haar von innen.&#8220; F\u00fcr besonders feine Haare k\u00f6nnen auch <a href=\"https:\/\/www.journee-mondiale.com\/de\/diese-5-curly-scalp-techniken-verdreifachen-das-lockenvolumen-friseure-sind-ueberrascht\/\" target=\"_blank\">spezielle Curly-Scalp-Techniken<\/a> das Volumen drastisch erh\u00f6hen.<\/p>\n<ul>\n<li>F\u00f6hnen Sie gegen die Wuchsrichtung f\u00fcr mehr Volumen<\/li>\n<li>Verwenden Sie leichte Texturprodukte statt schwerer Wachse<\/li>\n<li>Setzen Sie auf <strong>trockene Textursprays<\/strong> f\u00fcr nachhaltigen Halt<\/li>\n<\/ul>\n<h2>Die verj\u00fcngende Wirkung des Fr\u00fchjahrs-Pixies<\/h2>\n<p>Nicht nur das zus\u00e4tzliche Volumen macht den texturierten Pixie so beliebt. Die <a href=\"https:\/\/www.journee-mondiale.com\/de\/7-verjuengende-kurzhaarschnitte-fuer-feines-haar-diese-pixie-variante-schenkt-40-mehr-volumen-nach-den-wechseljahren\/\" target=\"_blank\">verj\u00fcngende Wirkung dieser Pixie-Variante<\/a> ist wissenschaftlich belegt. Durch die Betonung der Augen und Wangenknochen wirkt das Gesicht frischer und definierter \u2013 ein nat\u00fcrlicher Lifting-Effekt ohne Skalpell.<\/p>\n<h2>Warum nicht der Bob? Der Pixie-Vorteil im Fr\u00fchjahr<\/h2>\n<p>W\u00e4hrend der <a href=\"https:\/\/www.journee-mondiale.com\/de\/dieser-natuerliche-bob-2025-verleiht-78-mehr-volumen-in-nur-5-minuten-revolutionaere-fruehlingsfrisur\/\" target=\"_blank\">nat\u00fcrliche Bob 2025<\/a> ebenfalls ein Volumen-Booster ist, punktet der texturierte Pixie besonders an warmen Fr\u00fchlingstagen. Er ist wie eine <strong>erfrischende Fr\u00fchlingsbrise<\/strong> f\u00fcr Ihren Look \u2013 luftig, unbeschwert und perfekt f\u00fcr steigende Temperaturen.<\/p>\n<h2>F\u00fcr wen eignet sich der Fr\u00fchlings-Pixie?<\/h2>\n<p>Der texturierte Pixie harmoniert mit verschiedenen Gesichtsformen, besonders vorteilhaft ist er jedoch f\u00fcr ovale und herzf\u00f6rmige Gesichter. Die <strong>nat\u00fcrliche Textur<\/strong> betont die Gesichtsz\u00fcge auf schmeichelhafte Weise und lenkt den Blick auf die Augen \u2013 ideal f\u00fcr einen strahlenden Fr\u00fchlingslook.<\/p>\n<p>Sind Sie bereit, mit einem texturierten Pixie in den Fr\u00fchling zu starten? Diese mutige, aber elegante Wahl k\u00f6nnte genau die Ver\u00e4nderung sein, die Ihr feines Haar zum Strahlen bringt. Lassen Sie sich von der frischen Energie der Jahreszeit inspirieren und entdecken Sie, wie ein einfacher Schnitt Ihre gesamte Ausstrahlung verwandeln kann.<\/p>\n","protected":false},"excerpt":{"rendered":"<p>Der Fr\u00fchling bringt frischen Wind f\u00fcr unsere Frisuren! Besonders f\u00fcr Frauen \u00fcber 48 mit feinem Haar wird der texturierte Pixie-Cut zur idealen Wahl f\u00fcr die w\u00e4rmeren Monate 2025. Diese moderne Kurzhaarfrisur vereint Eleganz mit Praktikabilit\u00e4t und schenkt feinem Haar die dringend ben\u00f6tigte F\u00fclle \u2013 genau das Richtige, um selbstbewusst in den Fr\u00fchling zu starten. Warum &#8230; <a title=\"Studie enth\u00fcllt: Dieser 5-min\u00fctige Pixie-Schnitt gibt feinem Haar 78% mehr Volumen (ohne Hitze&#8230;)\" class=\"read-more\" href=\"https:\/\/www.journee-mondiale.com\/de\/studie-enthuellt-dieser-5-minuetige-pixie-schnitt-gibt-feinem-haar-78-mehr-volumen-ohne-hitze\/\" aria-label=\"Mehr Informationen \u00fcber Studie enth\u00fcllt: Dieser 5-min\u00fctige Pixie-Schnitt gibt feinem Haar 78% mehr Volumen (ohne Hitze&#8230;)\">Lire plus<\/a><\/p>\n","protected":false},"author":1,"featured_media":13029,"comment_status":"","ping_status":"","sticky":false,"template":"","format":"standard","meta":{"footnotes":""},"categories":[48],"tags":[],"class_list":["post-13030","post","type-post","status-publish","format-standard","has-post-thumbnail","hentry","category-lebensstil"],"acf":[],"_yoast_wpseo_primary_category":null,"_yoast_wpseo_title":null,"_yoast_wpseo_metadesc":null,"_links":{"self":[{"href":"https:\/\/www.journee-mondiale.com\/de\/wp-json\/wp\/v2\/posts\/13030","targetHints":{"allow":["GET"]}}],"collection":[{"href":"https:\/\/www.journee-mondiale.com\/de\/wp-json\/wp\/v2\/posts"}],"about":[{"href":"https:\/\/www.journee-mondiale.com\/de\/wp-json\/wp\/v2\/types\/post"}],"author":[{"embeddable":true,"href":"https:\/\/www.journee-mondiale.com\/de\/wp-json\/wp\/v2\/users\/1"}],"replies":[{"embeddable":true,"href":"https:\/\/www.journee-mondiale.com\/de\/wp-json\/wp\/v2\/comments?post=13030"}],"version-history":[{"count":0,"href":"https:\/\/www.journee-mondiale.com\/de\/wp-json\/wp\/v2\/posts\/13030\/revisions"}],"wp:featuredmedia":[{"embeddable":true,"href":"https:\/\/www.journee-mondiale.com\/de\/wp-json\/wp\/v2\/media\/13029"}],"wp:attachment":[{"href":"https:\/\/www.journee-mondiale.com\/de\/wp-json\/wp\/v2\/media?parent=13030"}],"wp:term":[{"taxonomy":"category","embeddable":true,"href":"https:\/\/www.journee-mondiale.com\/de\/wp-json\/wp\/v2\/categories?post=13030"},{"taxonomy":"post_tag","embeddable":true,"href":"https:\/\/www.journee-mondiale.com\/de\/wp-json\/wp\/v2\/tags?post=13030"}],"curies":[{"name":"wp","href":"https:\/\/api.w.org\/{rel}","templated":true}]}}