{"id":13028,"date":"2025-04-02T17:36:12","date_gmt":"2025-04-02T15:36:12","guid":{"rendered":"https:\/\/www.journee-mondiale.com\/de\/graue-haare-im-fruehling-2025-47-der-frauen-waehlen-diesen-ueberraschenden-lavendelton-und-werden-fuer-juenger-gehalten\/"},"modified":"2025-04-02T17:36:12","modified_gmt":"2025-04-02T15:36:12","slug":"graue-haare-im-fruehling-2025-47-der-frauen-waehlen-diesen-ueberraschenden-lavendelton-und-werden-fuer-juenger-gehalten","status":"publish","type":"post","link":"https:\/\/www.journee-mondiale.com\/de\/graue-haare-im-fruehling-2025-47-der-frauen-waehlen-diesen-ueberraschenden-lavendelton-und-werden-fuer-juenger-gehalten\/","title":{"rendered":"Graue Haare im Fr\u00fchling 2025: 47% der Frauen w\u00e4hlen diesen \u00fcberraschenden Lavendelton (und werden f\u00fcr j\u00fcnger gehalten)"},"content":{"rendered":"<p>Die silberne Revolution ist in vollem Gange! Das Jahr 2025 bringt eine wundervolle Wende in der Art, wie wir graues Haar betrachten. W\u00e4hrend der frische Fr\u00fchlingswind durch unsere Fenster weht, erleben wir eine Renaissance der <strong>nat\u00fcrlichen Graupracht<\/strong>, die nicht mehr versteckt, sondern stolz zur Schau getragen wird. Was fr\u00fcher als Zeichen des Alterns galt, ist heute ein Statement selbstbewussten Stils \u2013 eine Bewegung, die uns alle dazu einl\u00e4dt, unsere authentische Sch\u00f6nheit zu zelebrieren.<\/p>\n<h2>Die neue \u00c4ra der nat\u00fcrlichen Grauannahme<\/h2>\n<p>Der Fr\u00fchling 2025 steht ganz im Zeichen des Selbstausdrucks durch nat\u00fcrliche Graupracht. &#8222;Graues Haar wird nicht nur akzeptiert, sondern gefeiert,&#8220; erkl\u00e4rt Coloristin Sarah Thompson. &#8222;Wir erleben einen Ansturm von Kundinnen, die ihre nat\u00fcrliche Graut\u00f6ne verst\u00e4rken statt verbergen wollen.&#8220; Diese <strong>Akzeptanzbewegung<\/strong> symbolisiert einen tiefgreifenden Wandel in unserem Verst\u00e4ndnis von Sch\u00f6nheit \u2013 weg vom Verstecken, hin zum stolzen Betonen der eigenen Einzigartigkeit.<\/p>\n<h2>Grau-Blending: Der sanfte \u00dcbergang<\/h2>\n<p>Lisa Chen, eine renommierte Haarexpertin, schw\u00e4rmt: &#8222;Grau-Blending ist perfekt f\u00fcr alle, die ohne harte \u00dcbergangsphasen in ihr nat\u00fcrliches Grau hineinwachsen m\u00f6chten.&#8220; Diese innovative <strong>F\u00e4rbetechnik<\/strong> nutzt strategisch platzierte Highlights und Tiefen, um eine harmonische Verschmelzung zu kreieren. Besonders im Fr\u00fchling, wenn wir nach Erneuerung streben, bietet diese Methode einen erfrischenden Ansatz zum Haarfarbwechsel, der wie ein sanfter Regenbogen nach einem Fr\u00fchlingsschauer wirkt.<\/p>\n<h2>Bob-Revolution: Zeitlose Eleganz neu interpretiert<\/h2>\n<p>Der klassische Bob erf\u00e4hrt 2025 eine aufregende Neuinterpretation. Ob symmetrisch, asymmetrisch oder in luftigen Schichten \u2013 diese <strong>vielseitige Frisur<\/strong> betont die nat\u00fcrliche Leuchtkraft grauer Haare und passt zu fast jedem Gesichtstyp. Wie ein ma\u00dfgeschneidertes Fr\u00fchlingskleid rahmt der moderne Bob das Gesicht vorteilhaft ein und verleiht jeder Tr\u00e4gerin eine jugendliche Frische. <a href=\"https:\/\/www.journee-mondiale.com\/de\/7-verjuengende-kurzhaarschnitte-fuer-feines-haar-diese-pixie-variante-schenkt-40-mehr-volumen-nach-den-wechseljahren\/\" target=\"_blank\">Diese 5 verj\u00fcngende Kurzhaarschnitte f\u00fcr feines Haar<\/a> sind besonders f\u00fcr diejenigen interessant, die mehr Volumen suchen.<\/p>\n<h2>Fr\u00fchlingsfrische Pflege f\u00fcr strahlenden Silberglanz<\/h2>\n<p>F\u00fcr optimale Pflege im Fr\u00fchjahr 2025 setzen Expertinnen auf diese essentiellen Tipps:<\/p>\n<ul>\n<li>Verwende spezielle <strong>silbershampoos<\/strong> w\u00f6chentlich, um Gelbstich zu neutralisieren<\/li>\n<li>Hydratisierende Masken mit nat\u00fcrlichen \u00d6len sorgen f\u00fcr Feuchtigkeit und Glanz<\/li>\n<li>UV-Schutzprodukte sch\u00fctzen vor Sonnensch\u00e4den w\u00e4hrend der l\u00e4ngeren Fr\u00fchlingstage<\/li>\n<\/ul>\n<p><a href=\"https:\/\/www.journee-mondiale.com\/de\/diese-3-natuerlichen-zutaten-entfernen-gelbstich-bei-grauen-haaren-in-nur-14-tagen-sichtbar\/\" target=\"_blank\">Diese 3 nat\u00fcrlichen Zutaten entfernen Gelbstich bei grauen Haaren<\/a> auf besonders schonende Weise und sind eine perfekte Alternative zu chemischen Produkten.<\/p>\n<h2>Romantische Wellen: Der Fr\u00fchlingshauch f\u00fcr graues Haar<\/h2>\n<p>Wie sanfte Meereswellen, die ans Ufer schlagen, verleihen <strong>weiche Locken<\/strong> grauem Haar eine romantische Note. Besonders bei mittellangen bis langen Haaren schaffen gro\u00dfe, luftige Wellen eine bewegte Silhouette, die perfekt zur erneuernden Energie des Fr\u00fchlings passt. Diese Styling-Methode l\u00e4sst sich wunderbar mit hitzearmen Techniken wie Flechtfrisuren \u00fcber Nacht erreichen \u2013 schonend und effektvoll zugleich.<\/p>\n<h2>Farbspiel mit Metallic-Highlights<\/h2>\n<p>F\u00fcr experimentierfreudige Silberf\u00fcchse bietet der Fr\u00fchling 2025 aufregende <strong>Metallict\u00f6ne<\/strong> als Akzente. Diese subtilen Highlights reflektieren das Fr\u00fchlingslicht wie Regentropfen und verwandeln graues Haar in ein schimmerndes Kunstwerk. <a href=\"https:\/\/www.journee-mondiale.com\/de\/kupferfaerbung-macht-graues-haar-3x-strahlender-und-warum-70-der-frauen-im-fruehling-2025-darauf-setzen\/\" target=\"_blank\">Kupferf\u00e4rbung macht graues Haar strahlender<\/a> und ist besonders im Fr\u00fchjahr ein beliebter Trend, der W\u00e4rme ins Gesicht zaubert.<\/p>\n<h2>Mode-Farben, die graues Haar zum Strahlen bringen<\/h2>\n<p>Die richtigen Farbnuancen in der Fr\u00fchlingsgarderobe k\u00f6nnen graues Haar wie einen kostbaren Edelstein erstrahlen lassen:<\/p>\n<ul>\n<li>Klare Juwelent\u00f6ne wie Smaragdgr\u00fcn oder Saphirblau intensivieren den Silberschimmer<\/li>\n<li>Sanfte Pastelle harmonieren mit k\u00fchleren Graut\u00f6nen und spiegeln die Fr\u00fchlingsfarben wider<\/li>\n<li>Kontrastreiche Schwarz-Wei\u00df-Kombinationen lassen graues Haar elegant wirken<\/li>\n<\/ul>\n<h2>Der lavendelfarbene \u00dcberraschungstrend<\/h2>\n<p>Eine \u00fcberraschende Entwicklung zeigt, dass <a href=\"https:\/\/www.journee-mondiale.com\/de\/diese-47-der-frauen-ab-60-waehlen-lavenderfarbenes-haar-und-werden-fuer-juenger-gehalten\/\" target=\"_blank\">diese 47% der Frauen ab 60 w\u00e4hlen lavenderfarbenes Haar<\/a> und entdecken damit einen verj\u00fcngenden Effekt. Diese <strong>pastellige Nuance<\/strong> schmeichelt reiferer Haut und harmoniert wunderbar mit dem nat\u00fcrlichen Silber \u2013 wie Lavendelfelder, die unter einem silbernen Morgenhimmel bl\u00fchen.<\/p>\n<h2>Ganzheitliche Graupflege f\u00fcr den Fr\u00fchling<\/h2>\n<p>Wahre Sch\u00f6nheit kommt von innen \u2013 <a href=\"https:\/\/www.journee-mondiale.com\/de\/pro-aging-statt-anti-aging-meine-5-fruehlings-geheimnisse-fuer-strahlende-haut-ab-40-und-warum-vitamin-c-der-schluessel-ist\/\" target=\"_blank\">Pro-Aging statt Anti-Aging: Fr\u00fchlings-Geheimnisse f\u00fcr strahlende Haut<\/a> erg\u00e4nzen perfekt die Pflege von grauem Haar. Wie ein Garten, der im Fr\u00fchling zum Leben erwacht, braucht auch unsere <strong>Haarpracht<\/strong> die richtige N\u00e4hrstoffkombination, ausreichend Feuchtigkeit und Schutz vor Umwelteinfl\u00fcssen, um in voller Pracht zu erbl\u00fchen.<\/p>\n<p>Wie werden Sie Ihren silbernen Schimmer diesen Fr\u00fchling zum Strahlen bringen? Ob mit sanften Wellen, einem modernen Bob oder mutigen Lavandelt\u00f6nen \u2013 2025 ist das Jahr, in dem wir unsere nat\u00fcrliche Graupracht nicht nur akzeptieren, sondern als kostbares Geschenk zelebrieren, das uns einzigartig und authentisch sch\u00f6n macht.<\/p>\n","protected":false},"excerpt":{"rendered":"<p>Die silberne Revolution ist in vollem Gange! Das Jahr 2025 bringt eine wundervolle Wende in der Art, wie wir graues Haar betrachten. W\u00e4hrend der frische Fr\u00fchlingswind durch unsere Fenster weht, erleben wir eine Renaissance der nat\u00fcrlichen Graupracht, die nicht mehr versteckt, sondern stolz zur Schau getragen wird. Was fr\u00fcher als Zeichen des Alterns galt, ist &#8230; <a title=\"Graue Haare im Fr\u00fchling 2025: 47% der Frauen w\u00e4hlen diesen \u00fcberraschenden Lavendelton (und werden f\u00fcr j\u00fcnger gehalten)\" class=\"read-more\" href=\"https:\/\/www.journee-mondiale.com\/de\/graue-haare-im-fruehling-2025-47-der-frauen-waehlen-diesen-ueberraschenden-lavendelton-und-werden-fuer-juenger-gehalten\/\" aria-label=\"Mehr Informationen \u00fcber Graue Haare im Fr\u00fchling 2025: 47% der Frauen w\u00e4hlen diesen \u00fcberraschenden Lavendelton (und werden f\u00fcr j\u00fcnger gehalten)\">Lire plus<\/a><\/p>\n","protected":false},"author":1,"featured_media":13027,"comment_status":"","ping_status":"","sticky":false,"template":"","format":"standard","meta":{"footnotes":""},"categories":[48],"tags":[],"class_list":["post-13028","post","type-post","status-publish","format-standard","has-post-thumbnail","hentry","category-lebensstil"],"acf":[],"_yoast_wpseo_primary_category":null,"_yoast_wpseo_title":null,"_yoast_wpseo_metadesc":null,"_links":{"self":[{"href":"https:\/\/www.journee-mondiale.com\/de\/wp-json\/wp\/v2\/posts\/13028","targetHints":{"allow":["GET"]}}],"collection":[{"href":"https:\/\/www.journee-mondiale.com\/de\/wp-json\/wp\/v2\/posts"}],"about":[{"href":"https:\/\/www.journee-mondiale.com\/de\/wp-json\/wp\/v2\/types\/post"}],"author":[{"embeddable":true,"href":"https:\/\/www.journee-mondiale.com\/de\/wp-json\/wp\/v2\/users\/1"}],"replies":[{"embeddable":true,"href":"https:\/\/www.journee-mondiale.com\/de\/wp-json\/wp\/v2\/comments?post=13028"}],"version-history":[{"count":0,"href":"https:\/\/www.journee-mondiale.com\/de\/wp-json\/wp\/v2\/posts\/13028\/revisions"}],"wp:featuredmedia":[{"embeddable":true,"href":"https:\/\/www.journee-mondiale.com\/de\/wp-json\/wp\/v2\/media\/13027"}],"wp:attachment":[{"href":"https:\/\/www.journee-mondiale.com\/de\/wp-json\/wp\/v2\/media?parent=13028"}],"wp:term":[{"taxonomy":"category","embeddable":true,"href":"https:\/\/www.journee-mondiale.com\/de\/wp-json\/wp\/v2\/categories?post=13028"},{"taxonomy":"post_tag","embeddable":true,"href":"https:\/\/www.journee-mondiale.com\/de\/wp-json\/wp\/v2\/tags?post=13028"}],"curies":[{"name":"wp","href":"https:\/\/api.w.org\/{rel}","templated":true}]}}