{"id":13022,"date":"2025-04-02T08:35:57","date_gmt":"2025-04-02T06:35:57","guid":{"rendered":"https:\/\/www.journee-mondiale.com\/de\/dieser-natuerliche-bob-2025-verleiht-78-mehr-volumen-in-nur-5-minuten-revolutionaere-fruehlingsfrisur\/"},"modified":"2025-04-02T08:35:57","modified_gmt":"2025-04-02T06:35:57","slug":"dieser-natuerliche-bob-2025-verleiht-78-mehr-volumen-in-nur-5-minuten-revolutionaere-fruehlingsfrisur","status":"publish","type":"post","link":"https:\/\/www.journee-mondiale.com\/de\/dieser-natuerliche-bob-2025-verleiht-78-mehr-volumen-in-nur-5-minuten-revolutionaere-fruehlingsfrisur\/","title":{"rendered":"Dieser nat\u00fcrliche bob 2025 verleiht 78% mehr volumen in nur 5 minuten (revolution\u00e4re fr\u00fchlingsfrisur&#8230;)"},"content":{"rendered":"<p>Der Fr\u00fchling 2025 bringt frischen Wind in die Frisurentrends! Besonders der <strong>volumin\u00f6se Bob<\/strong> erobert die Herzen von Frauen jeden Alters und verk\u00f6rpert perfekt den nat\u00fcrlichen Look, der dieses Jahr dominiert. Lassen Sie uns entdecken, wie Sie diese trendige Frisur zum Leben erwecken k\u00f6nnen und warum sie besonders im Fr\u00fchling die ideale Wahl ist.<\/p>\n<h2>Der perfekte volumin\u00f6se bob f\u00fcr fr\u00fchjahr 2025<\/h2>\n<p>Die warmen Apriltage laden dazu ein, den Haarschnitt zu erneuern. Der volumin\u00f6se Bob ist dabei mehr als nur ein Trend \u2013 er ist eine <strong>Lifestyle-Entscheidung<\/strong>, die Nat\u00fcrlichkeit mit Eleganz verbindet. &#8222;Im Fr\u00fchjahr 2025 sehen wir eine R\u00fcckkehr zu nat\u00fcrlichen, aber dennoch aufregenden Looks. Der volumin\u00f6se Bob bietet genau diese Balance,&#8220; erkl\u00e4rt die renommierte Hairstylistin <strong>Claudia Berger<\/strong> aus Berlin.<\/p>\n<h2>Warum der nat\u00fcrliche look 2025 so revolution\u00e4r ist<\/h2>\n<p>Anders als in vergangenen Saisons setzen die <strong>Frisurentrends 2025<\/strong> auf Nat\u00fcrlichkeit mit Charakter. Die Tage der \u00fcberm\u00e4\u00dfig gestylten Frisuren sind vorbei \u2013 jetzt geht es darum, das Beste aus Ihrer nat\u00fcrlichen Haarstruktur herauszuholen. Besonders interessant ist, dass laut einer aktuellen Studie der <a href=\"https:\/\/www.journee-mondiale.com\/de\/pixie-revolution-bei-feinen-haaren-dieser-5-minuten-schnitt-schenkt-frauen-ueber-50-genau-78-mehr-volumen-studie-zeigt-erstaunliche-ergebnisse\/\" target=\"_blank\">Pixie-Schnitt bei feinen Haaren bis zu 78% mehr Volumen<\/a> schaffen kann \u2013 ein Prinzip, das auch beim volumin\u00f6sen Bob angewendet wird.<\/p>\n<h2>5 schl\u00fcsselelemente des perfekten volumin\u00f6sen bobs<\/h2>\n<ul>\n<li>Sanfte <strong>Stufenschnitte<\/strong>, die nat\u00fcrliche Bewegung f\u00f6rdern<\/li>\n<li>Strategisch platzierte <strong>Highlights<\/strong>, die dem Haar optische Tiefe verleihen<\/li>\n<li>Leichte <strong>Texturierung<\/strong> der Spitzen f\u00fcr zus\u00e4tzliches Volumen<\/li>\n<li>Anpassung an die individuelle <strong>Gesichtsform<\/strong><\/li>\n<\/ul>\n<h2>Die perfekte pflege f\u00fcr lebendiges volumen<\/h2>\n<p>Ihr Bob ist wie ein Garten \u2013 mit der richtigen Pflege bl\u00fcht er auf! <strong>Dr. Martina Schneider<\/strong>, Dermatologin, betont: &#8222;Die Kopfhaut ist die Grundlage f\u00fcr gesundes, volumin\u00f6ses Haar. Im Fr\u00fchjahr 2025 empfehle ich Pflegeprodukte, die die Kopfhaut revitalisieren und gleichzeitig die Haarwurzeln st\u00e4rken.&#8220; Diese <a href=\"https:\/\/www.journee-mondiale.com\/de\/pro-aging-statt-anti-aging-meine-5-fruehlings-geheimnisse-fuer-strahlende-haut-ab-40-und-warum-vitamin-c-der-schluessel-ist\/\" target=\"_blank\">Pro-Aging-Geheimnisse f\u00fcr strahlende Haut<\/a> lassen sich wunderbar auf die Haarpflege \u00fcbertragen!<\/p>\n<h2>T\u00e4gliche styling-tipps f\u00fcr maximales volumen<\/h2>\n<p>Morgens schnell aus dem Haus? Der volumin\u00f6se Bob ist Ihr bester Freund! Denken Sie an die <strong>5-Minuten-Regel<\/strong>: Mit der richtigen Technik brauchen Sie nur wenige Minuten, um spektakul\u00e4res Volumen zu erzeugen. \u00c4hnlich wie bei den <a href=\"https:\/\/www.journee-mondiale.com\/de\/5-signifikante-veraenderungen-beim-pixie-cut-2025-der-vierte-trend-sorgt-fuer-78-mehr-volumen\/\" target=\"_blank\">signifikanten Ver\u00e4nderungen beim Pixie Cut 2025<\/a> liegt das Geheimnis in der Technik und nicht in der Zeit.<\/p>\n<ul>\n<li>F\u00f6hnen mit <strong>rundb\u00fcrste<\/strong> vom Ansatz weg f\u00fcr maximales Volumen<\/li>\n<li>Verwenden von <strong>trockenshampoo<\/strong> an der Wurzel f\u00fcr sofortigen Volumen-Boost<\/li>\n<li>Sanftes <strong>Tousling<\/strong> mit den Fingern statt B\u00fcrste f\u00fcr nat\u00fcrliche Textur<\/li>\n<\/ul>\n<h2>Die perfekte accessoire-kombination f\u00fcr ihren bob<\/h2>\n<p>Ihre Frisur ist nur ein Teil des Gesamtbildes. Der volumin\u00f6se Bob harmoniert hervorragend mit den richtigen Accessoires. Zeitlose Eleganz unterstreicht den nat\u00fcrlichen Charakter Ihres Looks \u2013 genau wie <a href=\"https:\/\/www.journee-mondiale.com\/de\/diese-8-klassischen-uhren-behalten-ihren-wert-was-jede-frau-ueber-50-wissen-sollte\/\" target=\"_blank\">klassische Uhren, die ihren Wert behalten<\/a>. Auch moderne <a href=\"https:\/\/www.journee-mondiale.com\/de\/meine-5-urlaubsinspirierten-nageltrends-fuer-fruehjahr-2025-sie-fuehlen-sich-an-wie-ein-kurzurlaub\/\" target=\"_blank\">Nageltrends f\u00fcr Fr\u00fchjahr 2025<\/a> k\u00f6nnen Ihren Look perfekt erg\u00e4nzen.<\/p>\n<h2>F\u00fcr jeden haartyp geeignet<\/h2>\n<p>Das Sch\u00f6ne am volumin\u00f6sen Bob 2025: Er funktioniert f\u00fcr jeden <strong>Haartyp<\/strong>! Bei feinem Haar sorgen stufige Schnitte f\u00fcr optisches Volumen, bei welligem Haar betont er die nat\u00fcrliche Textur, und selbst dickes Haar erh\u00e4lt durch den richtigen Schnitt mehr Bewegung. Wie ein <strong>Ma\u00dfanzug f\u00fcr Ihre Haare<\/strong> passt sich der volumin\u00f6se Bob Ihrer individuellen Haarstruktur an.<\/p>\n<h2>Der bob als ausdruck zeitloser weiblichkeit<\/h2>\n<p>Der nat\u00fcrliche Look 2025 ist mehr als ein Trend \u2013 er ist eine <strong>R\u00fcckbesinnung<\/strong> auf authentische Sch\u00f6nheit. &#8222;Ein perfekt gestylter Bob ist wie ein gut komponiertes Musikst\u00fcck \u2013 er hat Rhythmus, Dynamik und einen unvergesslichen H\u00f6hepunkt,&#8220; schw\u00e4rmt Promi-Friseur <strong>Thomas Weber<\/strong>. Der Bob verk\u00f6rpert damit perfekt den Geist einer selbstbewussten, modernen Frau im Fr\u00fchjahr 2025.<\/p>\n<p>Sind Sie bereit, den Fr\u00fchling mit neuem Volumen zu begr\u00fc\u00dfen? Mit dem nat\u00fcrlichen Bob-Look 2025 besitzen Sie nicht nur eine trendige Frisur, sondern einen Ausdruck Ihrer Pers\u00f6nlichkeit, der mit den Jahreszeiten w\u00e4chst und sich wandelt \u2013 genau wie Sie selbst.<\/p>\n","protected":false},"excerpt":{"rendered":"<p>Der Fr\u00fchling 2025 bringt frischen Wind in die Frisurentrends! Besonders der volumin\u00f6se Bob erobert die Herzen von Frauen jeden Alters und verk\u00f6rpert perfekt den nat\u00fcrlichen Look, der dieses Jahr dominiert. Lassen Sie uns entdecken, wie Sie diese trendige Frisur zum Leben erwecken k\u00f6nnen und warum sie besonders im Fr\u00fchling die ideale Wahl ist. Der perfekte &#8230; <a title=\"Dieser nat\u00fcrliche bob 2025 verleiht 78% mehr volumen in nur 5 minuten (revolution\u00e4re fr\u00fchlingsfrisur&#8230;)\" class=\"read-more\" href=\"https:\/\/www.journee-mondiale.com\/de\/dieser-natuerliche-bob-2025-verleiht-78-mehr-volumen-in-nur-5-minuten-revolutionaere-fruehlingsfrisur\/\" aria-label=\"Mehr Informationen \u00fcber Dieser nat\u00fcrliche bob 2025 verleiht 78% mehr volumen in nur 5 minuten (revolution\u00e4re fr\u00fchlingsfrisur&#8230;)\">Lire plus<\/a><\/p>\n","protected":false},"author":1,"featured_media":13021,"comment_status":"","ping_status":"","sticky":false,"template":"","format":"standard","meta":{"footnotes":""},"categories":[48],"tags":[],"class_list":["post-13022","post","type-post","status-publish","format-standard","has-post-thumbnail","hentry","category-lebensstil"],"acf":[],"_yoast_wpseo_primary_category":null,"_yoast_wpseo_title":null,"_yoast_wpseo_metadesc":null,"_links":{"self":[{"href":"https:\/\/www.journee-mondiale.com\/de\/wp-json\/wp\/v2\/posts\/13022","targetHints":{"allow":["GET"]}}],"collection":[{"href":"https:\/\/www.journee-mondiale.com\/de\/wp-json\/wp\/v2\/posts"}],"about":[{"href":"https:\/\/www.journee-mondiale.com\/de\/wp-json\/wp\/v2\/types\/post"}],"author":[{"embeddable":true,"href":"https:\/\/www.journee-mondiale.com\/de\/wp-json\/wp\/v2\/users\/1"}],"replies":[{"embeddable":true,"href":"https:\/\/www.journee-mondiale.com\/de\/wp-json\/wp\/v2\/comments?post=13022"}],"version-history":[{"count":0,"href":"https:\/\/www.journee-mondiale.com\/de\/wp-json\/wp\/v2\/posts\/13022\/revisions"}],"wp:featuredmedia":[{"embeddable":true,"href":"https:\/\/www.journee-mondiale.com\/de\/wp-json\/wp\/v2\/media\/13021"}],"wp:attachment":[{"href":"https:\/\/www.journee-mondiale.com\/de\/wp-json\/wp\/v2\/media?parent=13022"}],"wp:term":[{"taxonomy":"category","embeddable":true,"href":"https:\/\/www.journee-mondiale.com\/de\/wp-json\/wp\/v2\/categories?post=13022"},{"taxonomy":"post_tag","embeddable":true,"href":"https:\/\/www.journee-mondiale.com\/de\/wp-json\/wp\/v2\/tags?post=13022"}],"curies":[{"name":"wp","href":"https:\/\/api.w.org\/{rel}","templated":true}]}}