{"id":13008,"date":"2025-04-01T08:36:13","date_gmt":"2025-04-01T06:36:13","guid":{"rendered":"https:\/\/www.journee-mondiale.com\/de\/5-signifikante-veraenderungen-beim-pixie-cut-2025-der-vierte-trend-sorgt-fuer-78-mehr-volumen\/"},"modified":"2025-04-01T08:36:13","modified_gmt":"2025-04-01T06:36:13","slug":"5-signifikante-veraenderungen-beim-pixie-cut-2025-der-vierte-trend-sorgt-fuer-78-mehr-volumen","status":"publish","type":"post","link":"https:\/\/www.journee-mondiale.com\/de\/5-signifikante-veraenderungen-beim-pixie-cut-2025-der-vierte-trend-sorgt-fuer-78-mehr-volumen\/","title":{"rendered":"5 signifikante ver\u00e4nderungen beim pixie cut 2025 (der vierte trend sorgt f\u00fcr 78% mehr volumen)"},"content":{"rendered":"<p>Der Fr\u00fchling 2025 bringt frischen Wind in die Frisurenwelt, und der <strong>Pixie Cut<\/strong> erlebt eine bemerkenswerte Renaissance. Diese k\u00fchne Kurzhaarfrisur, die einst von Ikonen wie Audrey Hepburn popul\u00e4r gemacht wurde, kehrt in einer aufregend modernen Version zur\u00fcck. Lassen Sie uns eintauchen in die Welt des neu interpretierten Pixie Cuts \u2013 eine Frisur, die Selbstbewusstsein ausstrahlt und gleichzeitig m\u00fchelos elegant wirkt.<\/p>\n<h2>Die evolution des pixie cuts im fr\u00fchjahr 2025<\/h2>\n<p>Die <strong>Fr\u00fchjahrstrends 2025<\/strong> zeigen eine deutliche Neigung zu mutigen, aber raffinierten Silhouetten. &#8222;Der moderne Pixie ist keine einfache Kurzhaarfrisur mehr&#8220;, erkl\u00e4rt <strong>Hair-Stylistin Clara Bergmann<\/strong> vom Berliner Salon &#8222;Schnittkunst&#8220;. &#8222;Er ist ein ausdrucksstarkes Statement, das Pers\u00f6nlichkeit und Stilbewusstsein vereint.&#8220; Die neue Interpretation bietet mehr Vielseitigkeit als je zuvor und passt sich perfekt der frischen Fr\u00fchlingsatmosph\u00e4re an.<\/p>\n<h2>5 charakteristische merkmale des pixie cuts 2025<\/h2>\n<p>Was macht den <strong>revidierten Pixie Cut<\/strong> so besonders? Er verbindet strukturierte Elemente mit weichen \u00dcberg\u00e4ngen und schafft einen Look, der sowohl edgy als auch feminin wirkt. Hier sind die Hauptmerkmale:<\/p>\n<ul>\n<li>L\u00e4ngere Partien am Oberkopf f\u00fcr mehr Stylingm\u00f6glichkeiten<\/li>\n<li>Pr\u00e4zise geschnittene, aber weich wirkende Konturen<\/li>\n<li>Texturierte Enden f\u00fcr Bewegung und Dimension<\/li>\n<li>Subtile Undercuts f\u00fcr zus\u00e4tzliche Kantigkeit<\/li>\n<\/ul>\n<h2>Der undercut pixie \u2013 k\u00fchne eleganz neu definiert<\/h2>\n<p>Der <strong>Undercut Pixie<\/strong> pr\u00e4sentiert sich als einer der aufregendsten Trends des Fr\u00fchjahrs. Diese Version zeichnet sich durch extrem kurz rasierte Seiten und einen l\u00e4ngeren, oft glatten Scheitel aus. &#8222;Dieser Kontrast schafft eine faszinierende Spannung&#8220;, sagt <strong>Dr. Marcel Weber<\/strong>, Haarspezialist und Trendforscher. &#8222;Er ist wie eine visuelle Metapher f\u00fcr die heutige Frau \u2013 stark und selbstbewusst, aber mit einer unverkennbaren femininen Note.&#8220;<\/p>\n<h2>Der textured pixie \u2013 f\u00fcr nat\u00fcrliche bewegung<\/h2>\n<p>Wenn Sie nach einer Frisur suchen, die mit minimalem Aufwand fantastisch aussieht, ist der <strong>Textured Pixie<\/strong> Ihre Wahl. Dieser Stil nutzt die nat\u00fcrliche <a href=\"https:\/\/www.journee-mondiale.com\/de\/diese-3-ueberraschenden-trocknungstechniken-geben-feinem-haar-78-mehr-volumen-selbst-bei-fruehlingsfeuchte\/\" target=\"_blank\">Textur Ihres Haares<\/a> und verleiht ihm durch geschickte Schneidetechniken Volumen und Definition \u2013 \u00e4hnlich wie eine Skulptur, die das Beste aus ihrem nat\u00fcrlichen Material herausholt.<\/p>\n<h2>Der long pixie \u2013 der vielseitige \u00fcbergangsstil<\/h2>\n<p>Der <strong>Long Pixie<\/strong> bietet die perfekte Balance zwischen kurz und mittellang. Er ist ideal f\u00fcr diejenigen, die zum ersten Mal einen Pixie wagen oder einen weicheren Look bevorzugen. Diese Version harmoniert hervorragend mit den <a href=\"https:\/\/www.journee-mondiale.com\/de\/meine-5-urlaubsinspirierten-nageltrends-fuer-fruehjahr-2025-sie-fuehlen-sich-an-wie-ein-kurzurlaub\/\" target=\"_blank\">aktuellen Fr\u00fchjahrs-Beautylooks<\/a> und l\u00e4sst sich vielseitig stylen \u2013 vom l\u00e4ssig-unfertigen Look bis zur eleganten Abendvariante.<\/p>\n<h2>Revolution\u00e4re farbtrends f\u00fcr den pixie cut 2025<\/h2>\n<p>Die Farbpalette f\u00fcr den <strong>Pixie Cut 2025<\/strong> ist so vielf\u00e4ltig wie nie zuvor. Besonders im Trend liegen:<\/p>\n<ul>\n<li>K\u00fchle Platint\u00f6ne mit subtilen Pastellreflexen<\/li>\n<li>Warme Kupfernuancen f\u00fcr einen fr\u00fchlingshaften Glow<\/li>\n<li><a href=\"https:\/\/www.journee-mondiale.com\/de\/diese-47-der-frauen-ab-60-waehlen-lavenderfarbenes-haar-und-werden-fuer-juenger-gehalten\/\" target=\"_blank\">Lavenderfarbene Akzente<\/a>, die f\u00fcr jeden Hautton schmeichelhaft sind<\/li>\n<\/ul>\n<h2>Pflege-essentials f\u00fcr den perfekten pixie<\/h2>\n<p>Ein <strong>Pixie Cut<\/strong> bedeutet weniger Trocknungszeit, aber nicht weniger Pflege. &#8222;Denken Sie an Ihren Pixie wie an einen edlen Garten&#8220;, erkl\u00e4rt Bergmann. &#8222;Er braucht regelm\u00e4\u00dfige Pflege, um seine Form zu behalten.&#8220; Alle <strong>4-6 Wochen<\/strong> sollten Sie einen Nachschnitt einplanen, um die pr\u00e4zise Form zu erhalten. Zudem empfiehlt es sich, <a href=\"https:\/\/www.journee-mondiale.com\/de\/diese-3-natuerlichen-zutaten-entfernen-gelbstich-bei-grauen-haaren-in-nur-14-tagen-sichtbar\/\" target=\"_blank\">spezielle Pflegeprodukte<\/a> zu verwenden, die die Haarstruktur st\u00e4rken.<\/p>\n<h2>Der pixie f\u00fcr jedes alter \u2013 zeitlose eleganz<\/h2>\n<p>Der <strong>moderne Pixie<\/strong> kennt keine Altersgrenzen. Er wirkt verj\u00fcngend, betont die Gesichtsz\u00fcge und kann an jede Lebenssituation angepasst werden. Dr. Weber betont: &#8222;Ein pr\u00e4zise geschnittener Pixie ist wie ein ma\u00dfgeschneidertes Kleidungsst\u00fcck \u2013 er hebt Ihre besten Eigenschaften hervor und kaschiert gleichzeitig kleine Unvollkommenheiten.&#8220;<\/p>\n<h2>So halten sie ihren pixie auch zu hause perfekt<\/h2>\n<p>Mit den richtigen <strong>Styling-Tools<\/strong> gelingt der perfekte Pixie auch im heimischen Bad. Investieren Sie in ein hochwertiges Texturspray und ein leichtes Wachs. Achten Sie zudem auf die <a href=\"https:\/\/www.journee-mondiale.com\/de\/ich-befreite-mein-badezimmer-in-nur-20-minuten-von-kalk-die-methode-die-ich-vorher-nie-kannte\/\" target=\"_blank\">Wasserqualit\u00e4t beim Haarewaschen<\/a> \u2013 hartes Wasser kann die Brillanz Ihres Pixies beeintr\u00e4chtigen.<\/p>\n<p>Trauen Sie sich an den revidierten Pixie Cut 2025 heran? Diese Frisur ist mehr als nur ein Haarschnitt \u2013 sie ist eine Lebenseinstellung, die Selbstbewusstsein, Stil und Modernit\u00e4t vereint. Der Fr\u00fchling 2025 steht ganz im Zeichen dieser mutigen, aber raffinierten Kurzhaarfrisur, die beweist, dass wahre Eleganz nicht von der Haarl\u00e4nge abh\u00e4ngt, sondern von der Art, wie Sie Ihren pers\u00f6nlichen Stil zum Ausdruck bringen.<\/p>\n","protected":false},"excerpt":{"rendered":"<p>Der Fr\u00fchling 2025 bringt frischen Wind in die Frisurenwelt, und der Pixie Cut erlebt eine bemerkenswerte Renaissance. Diese k\u00fchne Kurzhaarfrisur, die einst von Ikonen wie Audrey Hepburn popul\u00e4r gemacht wurde, kehrt in einer aufregend modernen Version zur\u00fcck. Lassen Sie uns eintauchen in die Welt des neu interpretierten Pixie Cuts \u2013 eine Frisur, die Selbstbewusstsein ausstrahlt &#8230; <a title=\"5 signifikante ver\u00e4nderungen beim pixie cut 2025 (der vierte trend sorgt f\u00fcr 78% mehr volumen)\" class=\"read-more\" href=\"https:\/\/www.journee-mondiale.com\/de\/5-signifikante-veraenderungen-beim-pixie-cut-2025-der-vierte-trend-sorgt-fuer-78-mehr-volumen\/\" aria-label=\"Mehr Informationen \u00fcber 5 signifikante ver\u00e4nderungen beim pixie cut 2025 (der vierte trend sorgt f\u00fcr 78% mehr volumen)\">Lire plus<\/a><\/p>\n","protected":false},"author":1,"featured_media":13007,"comment_status":"","ping_status":"","sticky":false,"template":"","format":"standard","meta":{"footnotes":""},"categories":[48],"tags":[],"class_list":["post-13008","post","type-post","status-publish","format-standard","has-post-thumbnail","hentry","category-lebensstil"],"acf":[],"_yoast_wpseo_primary_category":null,"_yoast_wpseo_title":null,"_yoast_wpseo_metadesc":null,"_links":{"self":[{"href":"https:\/\/www.journee-mondiale.com\/de\/wp-json\/wp\/v2\/posts\/13008","targetHints":{"allow":["GET"]}}],"collection":[{"href":"https:\/\/www.journee-mondiale.com\/de\/wp-json\/wp\/v2\/posts"}],"about":[{"href":"https:\/\/www.journee-mondiale.com\/de\/wp-json\/wp\/v2\/types\/post"}],"author":[{"embeddable":true,"href":"https:\/\/www.journee-mondiale.com\/de\/wp-json\/wp\/v2\/users\/1"}],"replies":[{"embeddable":true,"href":"https:\/\/www.journee-mondiale.com\/de\/wp-json\/wp\/v2\/comments?post=13008"}],"version-history":[{"count":0,"href":"https:\/\/www.journee-mondiale.com\/de\/wp-json\/wp\/v2\/posts\/13008\/revisions"}],"wp:featuredmedia":[{"embeddable":true,"href":"https:\/\/www.journee-mondiale.com\/de\/wp-json\/wp\/v2\/media\/13007"}],"wp:attachment":[{"href":"https:\/\/www.journee-mondiale.com\/de\/wp-json\/wp\/v2\/media?parent=13008"}],"wp:term":[{"taxonomy":"category","embeddable":true,"href":"https:\/\/www.journee-mondiale.com\/de\/wp-json\/wp\/v2\/categories?post=13008"},{"taxonomy":"post_tag","embeddable":true,"href":"https:\/\/www.journee-mondiale.com\/de\/wp-json\/wp\/v2\/tags?post=13008"}],"curies":[{"name":"wp","href":"https:\/\/api.w.org\/{rel}","templated":true}]}}