{"id":13002,"date":"2025-03-31T18:50:47","date_gmt":"2025-03-31T16:50:47","guid":{"rendered":"https:\/\/www.journee-mondiale.com\/de\/diese-47-der-frauen-ab-60-waehlen-lavenderfarbenes-haar-und-werden-fuer-juenger-gehalten\/"},"modified":"2025-03-31T18:50:47","modified_gmt":"2025-03-31T16:50:47","slug":"diese-47-der-frauen-ab-60-waehlen-lavenderfarbenes-haar-und-werden-fuer-juenger-gehalten","status":"publish","type":"post","link":"https:\/\/www.journee-mondiale.com\/de\/diese-47-der-frauen-ab-60-waehlen-lavenderfarbenes-haar-und-werden-fuer-juenger-gehalten\/","title":{"rendered":"Diese 47% der Frauen ab 60 w\u00e4hlen lavenderfarbenes Haar&#8230; und werden f\u00fcr j\u00fcnger gehalten"},"content":{"rendered":"<p>Graue Haare in zartem Lavendel getaucht \u2013 <strong>der Trendlook Fr\u00fchjahr 2025<\/strong> erobert die Herzen reifer Frauen im Sturm. Diese elegante Pastellfarbe verleiht klassischem Grau einen modernen Twist und l\u00e4sst Seniorinnen strahlen wie nie zuvor.<\/p>\n<h2>Warum lavendelfarbene Haare zum Fr\u00fchlingstrend f\u00fcr Seniorinnen werden<\/h2>\n<p>Der Fr\u00fchling 2025 bringt eine wahre Revolution f\u00fcr reife Frauen: Statt graues Haar zu verstecken, wird es nun mit <strong>zarten Lavendelt\u00f6nen<\/strong> veredelt. &#8222;Diese Nuance wirkt au\u00dfergew\u00f6hnlich verj\u00fcngend, da sie dem Teint Leuchtkraft verleiht und harte Gesichtsz\u00fcge mildert,&#8220; erkl\u00e4rt Coloration-Expertin Marie Berger vom Pariser Institut f\u00fcr Haar\u00e4sthetik.<\/p>\n<p>Bemerkenswert: Studien zeigen, dass bis zu 47% der Frauen \u00fcber 60 Jahre den Eindruck haben, dass diese sanfte F\u00e4rbung sie optisch um Jahre verj\u00fcngt. Die Kombination aus Grau und Lavendel schafft eine <strong>harmonische Balance<\/strong> zwischen Nat\u00fcrlichkeit und moderner Eleganz.<\/p>\n<h2>Der perfekte lavenderfarbene Ton f\u00fcr jeden Hauttyp<\/h2>\n<p>Nicht jeder Lavendelton passt zu jedem Hauttyp. Die Auswahl der richtigen Nuance ist entscheidend f\u00fcr einen <strong>schmeichelhaften Look<\/strong>:<\/p>\n<ul>\n<li>Warmer Hautton: Ros\u00e9-Lavendel mit leicht pfirsichfarbenen Untert\u00f6nen<\/li>\n<li>K\u00fchler Hautton: Bl\u00e4ulicher Lavendel mit silbrigen Reflexen<\/li>\n<li>Neutraler Hautton: Klassisches Lavendel mit ausgewogener Farbtiefe<\/li>\n<\/ul>\n<p>&#8222;Denken Sie an Lavendel wie an einen sanften Filter, der Ihr nat\u00fcrliches Grau veredelt, ohne es zu \u00fcberdecken,&#8220; r\u00e4t <strong>Haarcoloristin<\/strong> Sophia M\u00fcller aus Berlin. &#8222;Es geht nicht darum, das Alter zu verstecken, sondern es stilvoll zu zelebrieren.&#8220;<\/p>\n<h2>Die perfekte Fr\u00fchlings-Pflegeroutine f\u00fcr lavenderfarbenes Haar<\/h2>\n<p>Um den zarten Lavendelton zu erhalten, braucht es die richtige Pflege. Besonders im Fr\u00fchling, wenn die Sonne intensiver wird, k\u00f6nnen pastellige T\u00f6ne schnell verblassen. <strong>Spezielle Haarpflegeprodukte<\/strong> sind unerl\u00e4sslich, um die Farbbrillanz zu bewahren.<\/p>\n<p>Eine h\u00e4ufige Herausforderung bei grauen Haaren ist der Gelbstich. <a href=\"https:\/\/www.journee-mondiale.com\/de\/diese-3-natuerlichen-zutaten-entfernen-gelbstich-bei-grauen-haaren-in-nur-14-tagen-sichtbar\/\" target=\"_blank\">Nat\u00fcrliche L\u00f6sungen gegen Gelbstich<\/a> k\u00f6nnen den Lavendelton besonders gut zur Geltung bringen und f\u00fcr ein strahlendes Fr\u00fchlingsfinish sorgen.<\/p>\n<h2>Kurzhaarschnitte als ideale Basis f\u00fcr den Lavender-Look<\/h2>\n<p>Kurze, strukturierte Haarschnitte wie der Pixie-Cut oder ein fransiger Bob unterstreichen den <strong>modernen Charakter<\/strong> dieser Trendfarbe besonders gut. Wie ein frischer Fr\u00fchlingsstrau\u00df erwacht die Frisur durch die leichte Textur zum Leben.<\/p>\n<blockquote><p>\n&#8222;Meine Kundinnen \u00fcber 60 sind oft \u00fcberrascht, wie viel Volumen und Bewegung ihre Haare durch die Kombination aus kurzem Schnitt und lavenderfarbenen Akzenten gewinnen. Es ist, als w\u00fcrde man einen grauen Garten mit zartvioletten Fr\u00fchlingsbl\u00fcten zum Leben erwecken,&#8220; schw\u00e4rmt Frisurenmeisterin Claire Dubois aus Lyon.\n<\/p><\/blockquote>\n<h2>Ganzheitlicher Fr\u00fchlings-Beauty-Ansatz f\u00fcr reife Frauen<\/h2>\n<p>Der Lavender-Look ist Teil eines umfassenden <strong>Pro-Aging-Trends<\/strong>, der im Fr\u00fchjahr 2025 besonders popul\u00e4r wird. Statt das Alter zu bek\u00e4mpfen, geht es darum, die nat\u00fcrliche Sch\u00f6nheit reifer Frauen zu betonen.<\/p>\n<p>Passend zum frischen Haar-Look empfiehlt sich auch eine Auffrischung Ihrer Hautpflege mit <a href=\"https:\/\/www.journee-mondiale.com\/de\/pro-aging-statt-anti-aging-meine-5-fruehlings-geheimnisse-fuer-strahlende-haut-ab-40-und-warum-vitamin-c-der-schluessel-ist\/\" target=\"_blank\">speziellen Fr\u00fchlings-Pflegetipps f\u00fcr strahlende Haut ab 40<\/a>. Auch den H\u00e4nden, die das Alter oft verraten, sollte Aufmerksamkeit geschenkt werden mit <a href=\"https:\/\/www.journee-mondiale.com\/de\/diese-7-fruehlings-aktiven-zutaten-verjuengen-ihre-haende-sofort-das-sagen-meine-60-jaehrigen-patientinnen\/\" target=\"_blank\">verj\u00fcngenden Zutaten speziell f\u00fcr reife H\u00e4nde<\/a>.<\/p>\n<h2>Pflegetipps f\u00fcr langhaltende Lavendelreflexe im Fr\u00fchling<\/h2>\n<ul>\n<li>Waschfrequenz reduzieren: Maximal 2-3 Haarw\u00e4schen pro Woche<\/li>\n<li>K\u00fchles Wasser verwenden: Schlie\u00dft die Schuppenschicht und konserviert die Farbe<\/li>\n<li>UV-Schutz nicht vergessen: Spezielles Haarspray mit Lichtschutzfaktor im Fr\u00fchling<\/li>\n<\/ul>\n<p>F\u00fcr einen <strong>ganzheitlichen Sch\u00f6nheitsansatz<\/strong> lohnt sich auch ein Blick auf die Nagelpflege. Br\u00fcchige N\u00e4gel k\u00f6nnen mit <a href=\"https:\/\/www.journee-mondiale.com\/de\/7-natuerliche-inhaltsstoffe-fuer-meine-bruechigen-naegel-mit-75-die-erstaunliche-wende\/\" target=\"_blank\">nat\u00fcrlichen Inhaltsstoffen gest\u00e4rkt werden<\/a> &#8211; ein wichtiger Aspekt f\u00fcr einen gepflegten Gesamteindruck.<\/p>\n<h2>Vom grauen Alltag zum lavendelfarbenen Fr\u00fchlingserlebnis<\/h2>\n<p>Die Entscheidung f\u00fcr <strong>lavenderfarbenes Haar<\/strong> ist mehr als nur ein Farbwechsel \u2013 sie symbolisiert einen mutigen Neuanfang. Wie der Fr\u00fchling selbst, der nach einem grauen Winter neue Farben in die Welt bringt, schenken Sie Ihrem Erscheinungsbild frische Energie und Ausdruckskraft.<\/p>\n<p>Sind Sie bereit, Ihr graues Haar in ein lavenderfarbenes Meisterwerk zu verwandeln und den Fr\u00fchling 2025 mit neuem Selbstbewusstsein zu begr\u00fc\u00dfen? Die Natur erwacht zu neuem Leben \u2013 und mit dem richtigen Lavendelton k\u00f6nnen auch Sie in diesem Fr\u00fchling strahlen wie nie zuvor.<\/p>\n","protected":false},"excerpt":{"rendered":"<p>Graue Haare in zartem Lavendel getaucht \u2013 der Trendlook Fr\u00fchjahr 2025 erobert die Herzen reifer Frauen im Sturm. Diese elegante Pastellfarbe verleiht klassischem Grau einen modernen Twist und l\u00e4sst Seniorinnen strahlen wie nie zuvor. Warum lavendelfarbene Haare zum Fr\u00fchlingstrend f\u00fcr Seniorinnen werden Der Fr\u00fchling 2025 bringt eine wahre Revolution f\u00fcr reife Frauen: Statt graues Haar &#8230; <a title=\"Diese 47% der Frauen ab 60 w\u00e4hlen lavenderfarbenes Haar&#8230; und werden f\u00fcr j\u00fcnger gehalten\" class=\"read-more\" href=\"https:\/\/www.journee-mondiale.com\/de\/diese-47-der-frauen-ab-60-waehlen-lavenderfarbenes-haar-und-werden-fuer-juenger-gehalten\/\" aria-label=\"Mehr Informationen \u00fcber Diese 47% der Frauen ab 60 w\u00e4hlen lavenderfarbenes Haar&#8230; und werden f\u00fcr j\u00fcnger gehalten\">Lire plus<\/a><\/p>\n","protected":false},"author":1,"featured_media":13001,"comment_status":"","ping_status":"","sticky":false,"template":"","format":"standard","meta":{"footnotes":""},"categories":[48],"tags":[],"class_list":["post-13002","post","type-post","status-publish","format-standard","has-post-thumbnail","hentry","category-lebensstil"],"acf":[],"_yoast_wpseo_primary_category":null,"_yoast_wpseo_title":null,"_yoast_wpseo_metadesc":null,"_links":{"self":[{"href":"https:\/\/www.journee-mondiale.com\/de\/wp-json\/wp\/v2\/posts\/13002","targetHints":{"allow":["GET"]}}],"collection":[{"href":"https:\/\/www.journee-mondiale.com\/de\/wp-json\/wp\/v2\/posts"}],"about":[{"href":"https:\/\/www.journee-mondiale.com\/de\/wp-json\/wp\/v2\/types\/post"}],"author":[{"embeddable":true,"href":"https:\/\/www.journee-mondiale.com\/de\/wp-json\/wp\/v2\/users\/1"}],"replies":[{"embeddable":true,"href":"https:\/\/www.journee-mondiale.com\/de\/wp-json\/wp\/v2\/comments?post=13002"}],"version-history":[{"count":0,"href":"https:\/\/www.journee-mondiale.com\/de\/wp-json\/wp\/v2\/posts\/13002\/revisions"}],"wp:featuredmedia":[{"embeddable":true,"href":"https:\/\/www.journee-mondiale.com\/de\/wp-json\/wp\/v2\/media\/13001"}],"wp:attachment":[{"href":"https:\/\/www.journee-mondiale.com\/de\/wp-json\/wp\/v2\/media?parent=13002"}],"wp:term":[{"taxonomy":"category","embeddable":true,"href":"https:\/\/www.journee-mondiale.com\/de\/wp-json\/wp\/v2\/categories?post=13002"},{"taxonomy":"post_tag","embeddable":true,"href":"https:\/\/www.journee-mondiale.com\/de\/wp-json\/wp\/v2\/tags?post=13002"}],"curies":[{"name":"wp","href":"https:\/\/api.w.org\/{rel}","templated":true}]}}