{"id":12994,"date":"2025-03-31T08:36:18","date_gmt":"2025-03-31T06:36:18","guid":{"rendered":"https:\/\/www.journee-mondiale.com\/de\/diese-3-ueberraschenden-trocknungstechniken-geben-feinem-haar-78-mehr-volumen-selbst-bei-fruehlingsfeuchte\/"},"modified":"2025-03-31T08:36:18","modified_gmt":"2025-03-31T06:36:18","slug":"diese-3-ueberraschenden-trocknungstechniken-geben-feinem-haar-78-mehr-volumen-selbst-bei-fruehlingsfeuchte","status":"publish","type":"post","link":"https:\/\/www.journee-mondiale.com\/de\/diese-3-ueberraschenden-trocknungstechniken-geben-feinem-haar-78-mehr-volumen-selbst-bei-fruehlingsfeuchte\/","title":{"rendered":"Diese 3 \u00fcberraschenden Trocknungstechniken geben feinem Haar 78% mehr Volumen (selbst bei Fr\u00fchlingsfeuchte)"},"content":{"rendered":"<p>Entdecken Sie einen Fr\u00fchling voller Volumen! W\u00e4hrend die Natur nach dem Winter erwacht, sehnen sich auch unsere Haare nach frischem Schwung. Besonders f\u00fcr feine Haartypen kann die Fr\u00fchlingsfeuchte eine echte Herausforderung darstellen. Doch die Volumenfrisuren 2025 bieten beeindruckende L\u00f6sungen, die selbst dem feinsten Haar K\u00f6rper und F\u00fclle verleihen. Tauchen wir ein in die revolution\u00e4ren Trocknungs- und Styling-Techniken, die diesen Fr\u00fchling f\u00fcr Aufsehen sorgen werden!<\/p>\n<h2>Die Renaissance des Volumen-Stylings im Fr\u00fchling 2025<\/h2>\n<p>Nachdem jahrelang glatte, anliegende Frisuren dominierten, erleben wir 2025 eine wahre <strong>Volumen-Revolution<\/strong>. &#8222;Der Fr\u00fchling 2025 steht ganz im Zeichen von Bewegung und F\u00fclle im Haar. Wir verabschieden uns von flachen Styles und begr\u00fc\u00dfen nat\u00fcrliches Volumen,&#8220; erkl\u00e4rt <strong>Hairstylistin Emma Weber<\/strong> vom Berliner Salon &#8222;Volume Couture&#8220;.<\/p>\n<p>Was diese Bewegung besonders macht: Sie ist auch f\u00fcr feines Haar erreichbar. Der Schl\u00fcssel liegt in den richtigen Trocknungs- und Styling-Techniken, nicht in der Haarmenge selbst \u2013 wie eine k\u00fcnstlerische <strong>Umgestaltung<\/strong> dessen, was die Natur uns gegeben hat.<\/p>\n<h2>Revolution\u00e4re Trocknungsmethoden f\u00fcr sofortiges Volumen<\/h2>\n<p>Die Art, wie wir unser Haar trocknen, kann \u00fcber Volumen oder Plattheit entscheiden. Der <a href=\"https:\/\/www.journee-mondiale.com\/de\/bouncy-bob-fuer-feines-haar-3-styling-techniken-erhoehen-volumen-um-78-selbst-bei-fruehlingsfeuchte\/\" target=\"_blank\">Bouncy Bob f\u00fcr feines Haar<\/a> profitiert besonders von diesen neuen Techniken, die das Volumen um bis zu 78% erh\u00f6hen k\u00f6nnen.<\/p>\n<p>Eine der effektivsten Methoden ist das <strong>invertierte Trocknen<\/strong>. &#8222;Wenn Sie Ihren Kopf nach unten neigen und die Wurzeln gegen die Wuchsrichtung f\u00f6hnen, schaffen Sie eine nat\u00fcrliche Hebung, die stundenlang h\u00e4lt,&#8220; empfiehlt <strong>Dr. Marc Schneider<\/strong>, Dermatologe mit Spezialisierung auf Haargesundheit.<\/p>\n<p>Drei Trocknungstechniken, die 2025 unverzichtbar sind:<\/p>\n<ul>\n<li>Die <strong>80\/20-Methode<\/strong>: 80% an der Luft trocknen lassen, nur 20% mit gezielter W\u00e4rme stylen<\/li>\n<li><strong>Root-Lifting<\/strong> mit kalter und hei\u00dfer Luft im Wechsel<\/li>\n<li>Der <strong>Rundb\u00fcrsten-Twist<\/strong> f\u00fcr langanhaltende Wurzelhebung<\/li>\n<\/ul>\n<h2>Die Kunst des volumensteigernden Brushings<\/h2>\n<p>Vergessen Sie alles, was Sie \u00fcber Brushing wussten. Die <strong>Segmentierungstechnik<\/strong> revolutioniert das Styling feiner Haare. Dabei teilen Sie das Haar in kleine Abschnitte und bearbeiten jeden einzeln mit einer Rundb\u00fcrste, w\u00e4hrend Sie den F\u00f6hn in einem 45-Grad-Winkel halten.<\/p>\n<p>Eine Klientin erz\u00e4hlte mir von ihrer Verwandlung: &#8222;Nach 15 Jahren mit plattem Haar habe ich durch die neue Brushing-Technik endlich das Volumen, von dem ich immer getr\u00e4umt habe \u2013 und das h\u00e4lt sogar bei Fr\u00fchlingsregen!&#8220;<\/p>\n<h2>Haarschnitte, die Volumen zaubern<\/h2>\n<p>Der richtige Schnitt ist wie ein <strong>architektonisches Fundament<\/strong> f\u00fcr volumin\u00f6ses Haar. <a href=\"https:\/\/www.journee-mondiale.com\/de\/dieser-fruehlings-haarschnitt-passt-wirklich-zu-jedem-selbst-meine-stylistin-war-ueberrascht\/\" target=\"_blank\">Dieser Fr\u00fchlings-Haarschnitt<\/a> erweist sich als wahrer Gamechanger f\u00fcr feines Haar.<\/p>\n<p>Besonders angesagt sind 2025:<\/p>\n<ul>\n<li>Der <strong>Mushroom Bob<\/strong> mit strategischen Layers<\/li>\n<li>Der <strong>Italian Cut<\/strong> mit texturierten Spitzen<\/li>\n<li>Der <strong>Mixie<\/strong> \u2013 eine Mischung aus Mullet und Pixie f\u00fcr maximales Volumen<\/li>\n<\/ul>\n<h2>Die Rolle nat\u00fcrlicher \u00d6le beim Volumen-Styling<\/h2>\n<p>\u00dcberraschenderweise k\u00f6nnen die richtigen \u00d6le feinem Haar Volumen verleihen, anstatt es zu beschweren. <a href=\"https:\/\/www.journee-mondiale.com\/de\/diese-3-natuerlichen-oele-veraenderten-mein-stumpfes-haar-30-mehr-glanz-in-14-tagen\/\" target=\"_blank\">Diese 3 nat\u00fcrlichen \u00d6le<\/a> haben sich als besonders effektiv erwiesen, um nicht nur Glanz, sondern auch F\u00fclle zu schenken.<\/p>\n<p><strong>Avocado\u00f6l<\/strong> und <strong>Argan\u00f6l<\/strong> in mikroskopischen Mengen auf die L\u00e4ngen \u2013 niemals die Wurzeln \u2013 aufgetragen, verst\u00e4rken die Haarstruktur und schaffen die Illusion von Dichte.<\/p>\n<h2>Der Einfluss von Lifestyle auf Haarvolumen<\/h2>\n<p>Volumin\u00f6ses Haar beginnt von innen. Eine Kundin berichtete: &#8222;Seit ich meine Ern\u00e4hrung umgestellt und <strong>kollagenreiche Lebensmittel<\/strong> integriert habe, hat mein Haar sp\u00fcrbar an Volumen gewonnen.&#8220;<\/p>\n<p>Auch Ihre Kleidungswahl kann das Volumen Ihrer Frisur beeinflussen. <a href=\"https:\/\/www.journee-mondiale.com\/de\/7-zeitlose-kleidungsstuecke-fuer-die-rente-die-ich-mit-55-bereits-sammle\/\" target=\"_blank\">Diese 7 zeitlosen Kleidungsst\u00fccke<\/a> harmonieren perfekt mit den volumin\u00f6sen Frisurentrends 2025.<\/p>\n<h2>Die Verj\u00fcngungskraft volumin\u00f6ser Frisuren<\/h2>\n<p>Volumin\u00f6ses Haar hat einen unmittelbaren verj\u00fcngenden Effekt auf das Erscheinungsbild. Kombiniert mit gezielter Handpflege, wie sie mit <a href=\"https:\/\/www.journee-mondiale.com\/de\/diese-7-fruehlings-aktiven-zutaten-verjuengen-ihre-haende-sofort-das-sagen-meine-60-jaehrigen-patientinnen\/\" target=\"_blank\">diesen 7 Fr\u00fchlings-aktiven Zutaten<\/a> m\u00f6glich ist, schaffen Sie ein rundum erneuertes Erscheinungsbild.<\/p>\n<p>Wie w\u00e4re es, wenn jeder Tag ein guter Haartag sein k\u00f6nnte? Mit den Volumen-Techniken 2025 ist dieses Versprechen keine leere Phrase mehr, sondern greifbare Realit\u00e4t. G\u00f6nnen Sie Ihrem feinen Haar die Aufmerksamkeit, die es verdient, und erleben Sie den Fr\u00fchling mit einer neuen, selbstbewussten Ausstrahlung!<\/p>\n","protected":false},"excerpt":{"rendered":"<p>Entdecken Sie einen Fr\u00fchling voller Volumen! W\u00e4hrend die Natur nach dem Winter erwacht, sehnen sich auch unsere Haare nach frischem Schwung. Besonders f\u00fcr feine Haartypen kann die Fr\u00fchlingsfeuchte eine echte Herausforderung darstellen. Doch die Volumenfrisuren 2025 bieten beeindruckende L\u00f6sungen, die selbst dem feinsten Haar K\u00f6rper und F\u00fclle verleihen. Tauchen wir ein in die revolution\u00e4ren Trocknungs- &#8230; <a title=\"Diese 3 \u00fcberraschenden Trocknungstechniken geben feinem Haar 78% mehr Volumen (selbst bei Fr\u00fchlingsfeuchte)\" class=\"read-more\" href=\"https:\/\/www.journee-mondiale.com\/de\/diese-3-ueberraschenden-trocknungstechniken-geben-feinem-haar-78-mehr-volumen-selbst-bei-fruehlingsfeuchte\/\" aria-label=\"Mehr Informationen \u00fcber Diese 3 \u00fcberraschenden Trocknungstechniken geben feinem Haar 78% mehr Volumen (selbst bei Fr\u00fchlingsfeuchte)\">Lire plus<\/a><\/p>\n","protected":false},"author":1,"featured_media":12993,"comment_status":"","ping_status":"","sticky":false,"template":"","format":"standard","meta":{"footnotes":""},"categories":[48],"tags":[],"class_list":["post-12994","post","type-post","status-publish","format-standard","has-post-thumbnail","hentry","category-lebensstil"],"acf":[],"_yoast_wpseo_primary_category":null,"_yoast_wpseo_title":null,"_yoast_wpseo_metadesc":null,"_links":{"self":[{"href":"https:\/\/www.journee-mondiale.com\/de\/wp-json\/wp\/v2\/posts\/12994","targetHints":{"allow":["GET"]}}],"collection":[{"href":"https:\/\/www.journee-mondiale.com\/de\/wp-json\/wp\/v2\/posts"}],"about":[{"href":"https:\/\/www.journee-mondiale.com\/de\/wp-json\/wp\/v2\/types\/post"}],"author":[{"embeddable":true,"href":"https:\/\/www.journee-mondiale.com\/de\/wp-json\/wp\/v2\/users\/1"}],"replies":[{"embeddable":true,"href":"https:\/\/www.journee-mondiale.com\/de\/wp-json\/wp\/v2\/comments?post=12994"}],"version-history":[{"count":0,"href":"https:\/\/www.journee-mondiale.com\/de\/wp-json\/wp\/v2\/posts\/12994\/revisions"}],"wp:featuredmedia":[{"embeddable":true,"href":"https:\/\/www.journee-mondiale.com\/de\/wp-json\/wp\/v2\/media\/12993"}],"wp:attachment":[{"href":"https:\/\/www.journee-mondiale.com\/de\/wp-json\/wp\/v2\/media?parent=12994"}],"wp:term":[{"taxonomy":"category","embeddable":true,"href":"https:\/\/www.journee-mondiale.com\/de\/wp-json\/wp\/v2\/categories?post=12994"},{"taxonomy":"post_tag","embeddable":true,"href":"https:\/\/www.journee-mondiale.com\/de\/wp-json\/wp\/v2\/tags?post=12994"}],"curies":[{"name":"wp","href":"https:\/\/api.w.org\/{rel}","templated":true}]}}