{"id":12988,"date":"2025-03-30T18:50:26","date_gmt":"2025-03-30T16:50:26","guid":{"rendered":"https:\/\/www.journee-mondiale.com\/de\/diese-3-natuerlichen-zutaten-entfernen-gelbstich-bei-grauen-haaren-in-nur-14-tagen-sichtbar\/"},"modified":"2025-03-30T18:50:26","modified_gmt":"2025-03-30T16:50:26","slug":"diese-3-natuerlichen-zutaten-entfernen-gelbstich-bei-grauen-haaren-in-nur-14-tagen-sichtbar","status":"publish","type":"post","link":"https:\/\/www.journee-mondiale.com\/de\/diese-3-natuerlichen-zutaten-entfernen-gelbstich-bei-grauen-haaren-in-nur-14-tagen-sichtbar\/","title":{"rendered":"Diese 3 nat\u00fcrlichen Zutaten entfernen Gelbstich bei grauen Haaren (in nur 14 Tagen sichtbar&#8230;)"},"content":{"rendered":"<p>Mit dem Fr\u00fchling 2025 erwacht die Natur &#8211; und unsere grauen oder wei\u00dfen Haare verdienen jetzt besondere Aufmerksamkeit! Viele <strong>Silberf\u00fcchse<\/strong> kennen das Problem: Die stolze graue M\u00e4hne bekommt pl\u00f6tzlich einen unsch\u00f6nen Gelbstich. Dieser Fr\u00fchling ist die perfekte Zeit, um diesem l\u00e4stigen Problem auf den Grund zu gehen und die nat\u00fcrliche Sch\u00f6nheit silberner Haare wieder strahlen zu lassen.<\/p>\n<h2>Warum werden graue Haare \u00fcberhaupt gelb?<\/h2>\n<p>Das Fr\u00fchjahr bringt mehr <strong>UV-Strahlung<\/strong> mit sich, einer der Hauptverursacher f\u00fcr Gelbf\u00e4rbungen. &#8222;Graue und wei\u00dfe Haare haben kaum noch sch\u00fctzendes Melanin, wodurch sie wesentlich empfindlicher auf Umwelteinfl\u00fcsse reagieren als pigmentiertes Haar&#8220;, erkl\u00e4rt <strong>Dr. Claudia Weber<\/strong>, Dermatologin mit Spezialisierung auf Haarheilkunde. Diese erh\u00f6hte Porosit\u00e4t macht sie anf\u00e4lliger f\u00fcr Ablagerungen aus der Umwelt.<\/p>\n<h2>Die fr\u00fchlingshaften Herausforderungen f\u00fcr silbernes Haar<\/h2>\n<p>Der Fr\u00fchling 2025 bringt besondere Herausforderungen mit sich. Mehr Zeit im Freien bedeutet mehr <strong>Sonnenlicht<\/strong>, w\u00e4hrend Pollen und Umweltverschmutzung zunehmen. \u00c4hnlich wie bei feinem Haar, das mit speziellen Methoden optisch dichter erscheinen kann (wie in <a href=\"https:\/\/www.journee-mondiale.com\/de\/dieser-schlanke-carre-trick-macht-feines-haar-sofort-30-dichter-stylisten-bestaetigen\/\" target=\"_blank\">diesem Artikel \u00fcber Volumentricks<\/a> beschrieben), ben\u00f6tigt graues Haar eine ma\u00dfgeschneiderte Pflegeroutine.<\/p>\n<h2>Die violette Revolution: Spezialshampoos gegen Gelbstich<\/h2>\n<p>Der wichtigste Verb\u00fcndete im Kampf gegen Gelbstich ist definitiv <strong>Silbershampoo<\/strong>. Diese Produkte enthalten violette Pigmente, die auf dem Farbkreis gegen\u00fcber von Gelb liegen und diesen Farbton neutralisieren. &#8222;Stellen Sie sich Ihr Haar wie eine empfindliche Leinwand vor, auf der das Violett die unerw\u00fcnschten gelben T\u00f6ne \u00fcbermalt&#8220;, vergleicht <strong>Frisurenmeisterin Sabine Hoffmann<\/strong>.<\/p>\n<h2>Die perfekte Silbershampoo-Strategie f\u00fcr den Fr\u00fchling<\/h2>\n<p>Um Ihre grauen Haare optimal zu pflegen, beachten Sie folgende Tipps:<\/p>\n<ul>\n<li>Verwenden Sie Silbershampoo 1-2 Mal pro Woche, nicht bei jeder Haarw\u00e4sche<\/li>\n<li>Lassen Sie das Shampoo etwa 3-5 Minuten einwirken<\/li>\n<li>Tragen Sie immer Handschuhe auf, um Verf\u00e4rbungen zu vermeiden<\/li>\n<li>Kombinieren Sie mit einem hydratisierenden Conditioner<\/li>\n<\/ul>\n<h2>Nat\u00fcrliche Hausmittel f\u00fcr strahlend wei\u00dfes Haar<\/h2>\n<p>Neben kommerziellen Produkten gibt es bew\u00e4hrte <strong>nat\u00fcrliche Alternativen<\/strong>. Ein einfacher Sp\u00fclgang mit verd\u00fcnntem Apfelessig kann Ihr graues Haar auffrischen \u2013 \u00e4hnlich wie \u00e4ltere N\u00e4gel von nat\u00fcrlichen St\u00e4rkungsmitteln profitieren, wie <a href=\"https:\/\/www.journee-mondiale.com\/de\/mit-75-jahren-staerkere-naegel-wie-ich-meine-bruechigen-fingernaegel-im-fruehjahr-2025-in-nur-3-wochen-regenerierte-meine-ueberraschende-entdeckung\/\" target=\"_blank\">diese \u00fcberraschende Entdeckung f\u00fcr br\u00fcchige Fingern\u00e4gel<\/a> zeigt.<\/p>\n<h2>Schnittgeheimnisse f\u00fcr gepflegtes graues Haar<\/h2>\n<p>Der richtige Haarschnitt kann graues Haar buchst\u00e4blich zum Leuchten bringen. Ein <strong>pr\u00e4ziser Schnitt<\/strong> erh\u00f6ht die Reflexion des Lichts. Besonders moderne Carr\u00e9-Schnitte mit raffinierten Techniken k\u00f6nnen das Haar vorteilhaft strukturieren, wie dieser <a href=\"https:\/\/www.journee-mondiale.com\/de\/dieser-nackte-nacken-trick-macht-den-carre-mit-undercut-40-leichter-perfekt-fuer-den-fruehling-2025\/\" target=\"_blank\">Undercut-Trick f\u00fcr leichteres Styling<\/a> beweist.<\/p>\n<h2>UV-Schutz: Der untersch\u00e4tzte Gelbstich-Verhinderer<\/h2>\n<p>Im Fr\u00fchling 2025 ist <strong>UV-Schutz<\/strong> f\u00fcr graues Haar unverzichtbar. Wie ein unsichtbarer Schild sch\u00fctzt er vor der oxidativen Wirkung der Sonnenstrahlen. Produkte mit UV-Filtern sollten in keiner Fr\u00fchlingshaarroutine fehlen. Kombinieren Sie sie mit stilvollen H\u00fcten f\u00fcr doppelten Schutz.<\/p>\n<h2>Die Ern\u00e4hrungsverbindung zu strahlendem Silberhaar<\/h2>\n<p>Was wir essen, beeinflusst auch unsere Haarfarbe. <strong>Antioxidantien<\/strong> aus buntem Gem\u00fcse und Obst k\u00e4mpfen gegen freie Radikale, die Gelbf\u00e4rbungen f\u00f6rdern k\u00f6nnen. Einige besonders wirkungsvolle Lebensmittel sind:<\/p>\n<ul>\n<li>Beeren mit hohem Vitamin-C-Gehalt<\/li>\n<li>N\u00fcsse und Samen reich an Vitamin E<\/li>\n<li>Fettem Fisch mit Omega-3-Fetts\u00e4uren<\/li>\n<\/ul>\n<h2>Innovative Pflegeprodukte f\u00fcr den Fr\u00fchling 2025<\/h2>\n<p>Der Fr\u00fchling 2025 bringt neue <strong>technologisch fortschrittliche Haarpflegeprodukte<\/strong>, die speziell f\u00fcr graues Haar entwickelt wurden. Wie manche Marken \u00fcberraschende Comebacks feiern, erleben auch bestimmte Haarpflegeformeln ein Revival, \u00e4hnlich dem <a href=\"https:\/\/www.journee-mondiale.com\/de\/wie-diese-nostalgie-marke-ploetzlich-138-wachstum-erreichte-ich-war-skeptisch-bis-zum-fruehling-2025\/\" target=\"_blank\">138% Wachstum dieser Nostalgie-Marke<\/a>.<\/p>\n<p>\u00c4hnlich wie <a href=\"https:\/\/www.journee-mondiale.com\/de\/7-bruchsichere-nagellacke-fuer-reife-haende-meine-entdeckung-haelt-seit-3-wochen-ohne-absplitterung\/\" target=\"_blank\">bruchsichere Nagellacke f\u00fcr reife H\u00e4nde<\/a> gibt es jetzt auch Haarprodukte, die speziell f\u00fcr die Bed\u00fcrfnisse des reifen Haares formuliert sind und langanhaltenden Schutz bieten. Ihr graues Haar ist wie ein kostbarer <strong>Silberschatz<\/strong>, der mit der richtigen Pflege strahlender denn je sein kann \u2013 gerade jetzt im Fr\u00fchling 2025, wenn die Natur sich von ihrer besten Seite zeigt.<\/p>\n<p>Sind Sie bereit, Ihr graues Haar in vollem Glanz erstrahlen zu lassen? Mit diesen gezielten Pflegemethoden wird Ihr Silberhaar zum strahlenden Blickfang des Fr\u00fchlings \u2013 ohne jeglichen Gelbstich, daf\u00fcr mit nat\u00fcrlichem Selbstbewusstsein und zeitloser Eleganz.<\/p>\n","protected":false},"excerpt":{"rendered":"<p>Mit dem Fr\u00fchling 2025 erwacht die Natur &#8211; und unsere grauen oder wei\u00dfen Haare verdienen jetzt besondere Aufmerksamkeit! Viele Silberf\u00fcchse kennen das Problem: Die stolze graue M\u00e4hne bekommt pl\u00f6tzlich einen unsch\u00f6nen Gelbstich. Dieser Fr\u00fchling ist die perfekte Zeit, um diesem l\u00e4stigen Problem auf den Grund zu gehen und die nat\u00fcrliche Sch\u00f6nheit silberner Haare wieder strahlen &#8230; <a title=\"Diese 3 nat\u00fcrlichen Zutaten entfernen Gelbstich bei grauen Haaren (in nur 14 Tagen sichtbar&#8230;)\" class=\"read-more\" href=\"https:\/\/www.journee-mondiale.com\/de\/diese-3-natuerlichen-zutaten-entfernen-gelbstich-bei-grauen-haaren-in-nur-14-tagen-sichtbar\/\" aria-label=\"Mehr Informationen \u00fcber Diese 3 nat\u00fcrlichen Zutaten entfernen Gelbstich bei grauen Haaren (in nur 14 Tagen sichtbar&#8230;)\">Lire plus<\/a><\/p>\n","protected":false},"author":1,"featured_media":12987,"comment_status":"","ping_status":"","sticky":false,"template":"","format":"standard","meta":{"footnotes":""},"categories":[48],"tags":[],"class_list":["post-12988","post","type-post","status-publish","format-standard","has-post-thumbnail","hentry","category-lebensstil"],"acf":[],"_yoast_wpseo_primary_category":null,"_yoast_wpseo_title":null,"_yoast_wpseo_metadesc":null,"_links":{"self":[{"href":"https:\/\/www.journee-mondiale.com\/de\/wp-json\/wp\/v2\/posts\/12988","targetHints":{"allow":["GET"]}}],"collection":[{"href":"https:\/\/www.journee-mondiale.com\/de\/wp-json\/wp\/v2\/posts"}],"about":[{"href":"https:\/\/www.journee-mondiale.com\/de\/wp-json\/wp\/v2\/types\/post"}],"author":[{"embeddable":true,"href":"https:\/\/www.journee-mondiale.com\/de\/wp-json\/wp\/v2\/users\/1"}],"replies":[{"embeddable":true,"href":"https:\/\/www.journee-mondiale.com\/de\/wp-json\/wp\/v2\/comments?post=12988"}],"version-history":[{"count":0,"href":"https:\/\/www.journee-mondiale.com\/de\/wp-json\/wp\/v2\/posts\/12988\/revisions"}],"wp:featuredmedia":[{"embeddable":true,"href":"https:\/\/www.journee-mondiale.com\/de\/wp-json\/wp\/v2\/media\/12987"}],"wp:attachment":[{"href":"https:\/\/www.journee-mondiale.com\/de\/wp-json\/wp\/v2\/media?parent=12988"}],"wp:term":[{"taxonomy":"category","embeddable":true,"href":"https:\/\/www.journee-mondiale.com\/de\/wp-json\/wp\/v2\/categories?post=12988"},{"taxonomy":"post_tag","embeddable":true,"href":"https:\/\/www.journee-mondiale.com\/de\/wp-json\/wp\/v2\/tags?post=12988"}],"curies":[{"name":"wp","href":"https:\/\/api.w.org\/{rel}","templated":true}]}}