{"id":12986,"date":"2025-03-30T17:35:42","date_gmt":"2025-03-30T15:35:42","guid":{"rendered":"https:\/\/www.journee-mondiale.com\/de\/mit-75-jahren-staerkere-naegel-wie-ich-meine-bruechigen-fingernaegel-im-fruehjahr-2025-in-nur-3-wochen-regenerierte-meine-ueberraschende-entdeckung\/"},"modified":"2025-03-30T17:35:42","modified_gmt":"2025-03-30T15:35:42","slug":"mit-75-jahren-staerkere-naegel-wie-ich-meine-bruechigen-fingernaegel-im-fruehjahr-2025-in-nur-3-wochen-regenerierte-meine-ueberraschende-entdeckung","status":"publish","type":"post","link":"https:\/\/www.journee-mondiale.com\/de\/mit-75-jahren-staerkere-naegel-wie-ich-meine-bruechigen-fingernaegel-im-fruehjahr-2025-in-nur-3-wochen-regenerierte-meine-ueberraschende-entdeckung\/","title":{"rendered":"Mit 75 Jahren st\u00e4rkere N\u00e4gel: Wie ich meine br\u00fcchigen Fingern\u00e4gel im Fr\u00fchjahr 2025 in nur 3 Wochen regenerierte (meine \u00fcberraschende Entdeckung)"},"content":{"rendered":"<p>Entdecken Sie das Geheimnis starker N\u00e4gel im goldenen Lebensalter! Mit \u00fcber 70 Jahren ver\u00e4ndern sich unsere N\u00e4gel \u2013 sie werden d\u00fcnner, spr\u00f6der und ben\u00f6tigen besondere Aufmerksamkeit. Doch keine Sorge: Der Fr\u00fchling 2025 bringt frische Ans\u00e4tze f\u00fcr die <strong>Nagelpflege im Alter<\/strong>, die Ihnen helfen, dieses allt\u00e4gliche Problem elegant zu meistern.<\/p>\n<h2>Warum werden unsere N\u00e4gel im Alter spr\u00f6der?<\/h2>\n<p>Wie ein zarter Fr\u00fchlingsblatt, das Feuchtigkeit ben\u00f6tigt, verlieren auch unsere N\u00e4gel mit den Jahren an nat\u00fcrlicher Hydration. Die <strong>verminderte \u00d6lproduktion<\/strong> in den Nagelfalzen f\u00fchrt zu trockenen, br\u00fcchigen N\u00e4geln \u2013 ein Ph\u00e4nomen, das nach dem 70. Lebensjahr besonders ausgepr\u00e4gt ist. Eine Freundin meiner Gro\u00dfmutter schwor fr\u00fcher auf Handschuhe beim Abwasch \u2013 heute wissen wir, dass sie instinktiv das Richtige tat, um ihre N\u00e4gel zu sch\u00fctzen.<\/p>\n<h2>Die fr\u00fchlingshaften Wunderwaffen f\u00fcr kr\u00e4ftigere N\u00e4gel<\/h2>\n<p>Der Fr\u00fchling 2025 bringt die perfekte Zeit f\u00fcr einen <strong>Nagelpflege-Neustart<\/strong>! Nach der trockenen Winterluft brauchen unsere N\u00e4gel jetzt intensive Pflege. Besonders effektiv sind <a href=\"https:\/\/www.journee-mondiale.com\/de\/diese-3-natuerlichen-oele-veraenderten-mein-stumpfes-haar-30-mehr-glanz-in-14-tagen\/\" target=\"_blank\">pflegende nat\u00fcrliche \u00d6le<\/a>, die wie ein sanfter Fr\u00fchlingsregen Feuchtigkeit spenden und die Nagelstruktur st\u00e4rken.<\/p>\n<h2>Ern\u00e4hrung als Basis f\u00fcr gesunde N\u00e4gel<\/h2>\n<p>Unsere N\u00e4gel sind wie ein <strong>Spiegel unserer Ern\u00e4hrung<\/strong> \u2013 was wir essen, zeigt sich in ihrer Beschaffenheit. Die Fr\u00fchlingssaison bietet eine F\u00fclle an n\u00e4hrstoffreichen Lebensmitteln, die Ihre Nagelgesundheit unterst\u00fctzen k\u00f6nnen:<\/p>\n<ul>\n<li>Frisches gr\u00fcnes Gem\u00fcse f\u00fcr Eisen und Vitamin A<\/li>\n<li>N\u00fcsse und Samen f\u00fcr Biotin und gesunde Fette<\/li>\n<li>Beeren f\u00fcr Antioxidantien<\/li>\n<li>Fisch f\u00fcr Omega-3-Fetts\u00e4uren<\/li>\n<\/ul>\n<h2>Der t\u00e4gliche Pflegeritus: kleine Schritte, gro\u00dfe Wirkung<\/h2>\n<p>Wie ein gut komponiertes <strong>Fr\u00fchlings-Ensemble<\/strong> besteht auch die perfekte Nagelpflegeroutine aus aufeinander abgestimmten Elementen. Beginnen Sie mit einem sanften Feilen in nur eine Richtung, um Spliss zu vermeiden. Die <a href=\"https:\/\/www.journee-mondiale.com\/de\/nagelpflege-fuer-reife-haende\/\" target=\"_blank\">Nagelpflege f\u00fcr reife H\u00e4nde<\/a> erfordert besondere Aufmerksamkeit \u2013 ergonomische Werkzeuge k\u00f6nnen hier wahre Wunder wirken.<\/p>\n<h2>Ergonomische Hilfsmittel \u2013 der Trend f\u00fcr 2025<\/h2>\n<p>Die neuesten <strong>Nagelpflegetools<\/strong> sind wie ma\u00dfgeschneiderte Designerst\u00fccke f\u00fcr Ihre Bed\u00fcrfnisse! Mit verdickten Griffen und pr\u00e4zisen Schneidefl\u00e4chen machen sie die Nagelpflege zum Kinderspiel. Eine 82-j\u00e4hrige Kundin berichtete mir k\u00fcrzlich begeistert, wie ihr elektrischer Nagelknipser ihr erstmals seit Jahren wieder Unabh\u00e4ngigkeit bei der Nagelpflege schenkt.<\/p>\n<h2>Die Kraft der Natur nutzen<\/h2>\n<p>Der Fr\u00fchling erinnert uns an die regenerative Kraft der Natur. <a href=\"https:\/\/www.journee-mondiale.com\/de\/7-natuerliche-inhaltsstoffe-fuer-meine-bruechigen-naegel-mit-75-die-erstaunliche-wende\/\" target=\"_blank\">Nat\u00fcrliche Nagelheilmittel f\u00fcr Senioren<\/a> nutzen genau diese Prinzipien. <strong>Aloe Vera<\/strong> und <strong>Teebaum\u00f6l<\/strong> wirken wie nat\u00fcrliche Heilmittel, w\u00e4hrend Jojoba\u00f6l tiefe Feuchtigkeit spendet.<\/p>\n<h2>Die richtigen \u00d6le f\u00fcr fr\u00fchlingsfitte N\u00e4gel<\/h2>\n<p>\u00d6le sind die <strong>Elixiere der Nagelpflege<\/strong> \u2013 besonders im Fr\u00fchling, wenn unsere N\u00e4gel nach der Winterk\u00e4lte Erholung brauchen. <a href=\"https:\/\/www.journee-mondiale.com\/de\/mit-75-jahren-staerker-als-je-zuvor-meine-naegel-wurden-durch-dieses-natuerliche-oel-in-nur-3-wochen-komplett-erneuert-so-einfach-gehts\/\" target=\"_blank\">Nagelverst\u00e4rkung im h\u00f6heren Alter<\/a> gelingt besonders gut mit:<\/p>\n<ul>\n<li>Argan\u00f6l f\u00fcr intensive Feuchtigkeit<\/li>\n<li>Mandel\u00f6l f\u00fcr weiche Nagelhaut<\/li>\n<li>Oliven\u00f6l als leicht verf\u00fcgbares Hausmittel<\/li>\n<\/ul>\n<h2>Ganzheitlicher Ansatz: H\u00e4nde und N\u00e4gel gemeinsam pflegen<\/h2>\n<p>Die <strong>Handpflege<\/strong> ist untrennbar mit gesunden N\u00e4geln verbunden. Im Fr\u00fchling bietet sich eine Extraportion Pflege an, um Wintersch\u00e4den zu reparieren. Eine <a href=\"https:\/\/www.journee-mondiale.com\/de\/diese-7-fruehlings-aktiven-zutaten-verjuengen-ihre-haende-sofort-das-sagen-meine-60-jaehrigen-patientinnen\/\" target=\"_blank\">verj\u00fcngende Handpflege f\u00fcr Seniorinnen<\/a> kann Ihre H\u00e4nde und N\u00e4gel gleichzeitig mit Feuchtigkeit versorgen.<\/p>\n<h2>Wann ist \u00e4rztlicher Rat gefragt?<\/h2>\n<p>Trotz aller Selbstpflege gibt es Momente, in denen <strong>fachkundige Hilfe<\/strong> n\u00f6tig ist. Anhaltende Verf\u00e4rbungen, Rillen oder pl\u00f6tzliche Ver\u00e4nderungen k\u00f6nnen auf Gesundheitsprobleme hinweisen. Meine Tante bemerkte vor kurzem gelbe Verf\u00e4rbungen an ihren N\u00e4geln \u2013 der Arztbesuch offenbarte einen leichten Pilzbefall, der fr\u00fch behandelt werden konnte.<\/p>\n<h2>Sind Sie bereit f\u00fcr strahlend gesunde N\u00e4gel in diesem Fr\u00fchling?<\/h2>\n<p>Wie ein frischer Fr\u00fchlingsstart f\u00fcr Ihren Kleiderschrank kann auch Ihre Nagelpflegeroutine einen Neuanfang erleben. Mit den richtigen Werkzeugen, nat\u00fcrlichen \u00d6len und etwas Geduld werden selbst spr\u00f6de N\u00e4gel nach dem 70. Lebensjahr wieder zu Ihrem <strong>pers\u00f6nlichen Schmuckst\u00fcck<\/strong>. Denn gepflegte H\u00e4nde und N\u00e4gel sind nicht nur ein Zeichen der Gesundheit, sondern auch ein zeitloser Ausdruck von Eleganz \u2013 in jedem Alter.<\/p>\n","protected":false},"excerpt":{"rendered":"<p>Entdecken Sie das Geheimnis starker N\u00e4gel im goldenen Lebensalter! Mit \u00fcber 70 Jahren ver\u00e4ndern sich unsere N\u00e4gel \u2013 sie werden d\u00fcnner, spr\u00f6der und ben\u00f6tigen besondere Aufmerksamkeit. Doch keine Sorge: Der Fr\u00fchling 2025 bringt frische Ans\u00e4tze f\u00fcr die Nagelpflege im Alter, die Ihnen helfen, dieses allt\u00e4gliche Problem elegant zu meistern. Warum werden unsere N\u00e4gel im Alter &#8230; <a title=\"Mit 75 Jahren st\u00e4rkere N\u00e4gel: Wie ich meine br\u00fcchigen Fingern\u00e4gel im Fr\u00fchjahr 2025 in nur 3 Wochen regenerierte (meine \u00fcberraschende Entdeckung)\" class=\"read-more\" href=\"https:\/\/www.journee-mondiale.com\/de\/mit-75-jahren-staerkere-naegel-wie-ich-meine-bruechigen-fingernaegel-im-fruehjahr-2025-in-nur-3-wochen-regenerierte-meine-ueberraschende-entdeckung\/\" aria-label=\"Mehr Informationen \u00fcber Mit 75 Jahren st\u00e4rkere N\u00e4gel: Wie ich meine br\u00fcchigen Fingern\u00e4gel im Fr\u00fchjahr 2025 in nur 3 Wochen regenerierte (meine \u00fcberraschende Entdeckung)\">Lire plus<\/a><\/p>\n","protected":false},"author":1,"featured_media":12985,"comment_status":"","ping_status":"","sticky":false,"template":"","format":"standard","meta":{"footnotes":""},"categories":[48],"tags":[],"class_list":["post-12986","post","type-post","status-publish","format-standard","has-post-thumbnail","hentry","category-lebensstil"],"acf":[],"_yoast_wpseo_primary_category":null,"_yoast_wpseo_title":null,"_yoast_wpseo_metadesc":null,"_links":{"self":[{"href":"https:\/\/www.journee-mondiale.com\/de\/wp-json\/wp\/v2\/posts\/12986","targetHints":{"allow":["GET"]}}],"collection":[{"href":"https:\/\/www.journee-mondiale.com\/de\/wp-json\/wp\/v2\/posts"}],"about":[{"href":"https:\/\/www.journee-mondiale.com\/de\/wp-json\/wp\/v2\/types\/post"}],"author":[{"embeddable":true,"href":"https:\/\/www.journee-mondiale.com\/de\/wp-json\/wp\/v2\/users\/1"}],"replies":[{"embeddable":true,"href":"https:\/\/www.journee-mondiale.com\/de\/wp-json\/wp\/v2\/comments?post=12986"}],"version-history":[{"count":0,"href":"https:\/\/www.journee-mondiale.com\/de\/wp-json\/wp\/v2\/posts\/12986\/revisions"}],"wp:featuredmedia":[{"embeddable":true,"href":"https:\/\/www.journee-mondiale.com\/de\/wp-json\/wp\/v2\/media\/12985"}],"wp:attachment":[{"href":"https:\/\/www.journee-mondiale.com\/de\/wp-json\/wp\/v2\/media?parent=12986"}],"wp:term":[{"taxonomy":"category","embeddable":true,"href":"https:\/\/www.journee-mondiale.com\/de\/wp-json\/wp\/v2\/categories?post=12986"},{"taxonomy":"post_tag","embeddable":true,"href":"https:\/\/www.journee-mondiale.com\/de\/wp-json\/wp\/v2\/tags?post=12986"}],"curies":[{"name":"wp","href":"https:\/\/api.w.org\/{rel}","templated":true}]}}