{"id":12980,"date":"2025-03-30T08:36:06","date_gmt":"2025-03-30T06:36:06","guid":{"rendered":"https:\/\/www.journee-mondiale.com\/de\/dieser-nackte-nacken-trick-macht-den-carre-mit-undercut-40-leichter-perfekt-fuer-den-fruehling-2025\/"},"modified":"2025-03-30T08:36:06","modified_gmt":"2025-03-30T06:36:06","slug":"dieser-nackte-nacken-trick-macht-den-carre-mit-undercut-40-leichter-perfekt-fuer-den-fruehling-2025","status":"publish","type":"post","link":"https:\/\/www.journee-mondiale.com\/de\/dieser-nackte-nacken-trick-macht-den-carre-mit-undercut-40-leichter-perfekt-fuer-den-fruehling-2025\/","title":{"rendered":"Dieser nackte Nacken-trick macht den carr\u00e9 mit undercut 40% leichter (perfekt f\u00fcr den fr\u00fchling 2025&#8230;)"},"content":{"rendered":"<p>Die Fr\u00fchlingssaison 2025 hat begonnen, und mit ihr kommt eine erfrischende Haarschnitt-Kombination, die f\u00fcr Aufsehen sorgt: der <strong>Carr\u00e9 mit Undercut<\/strong>. Diese raffinierte Fusion verleiht insbesondere dem Nackenbereich eine willkommene Leichtigkeit \u2013 perfekt f\u00fcr die w\u00e4rmeren Tage, die vor uns liegen. Entdecken wir, warum dieser Stil zum absoluten Fr\u00fchjahrs-Must-Have geworden ist.<\/p>\n<h2>Warum der carr\u00e9 mit undercut die fr\u00fchlingsmode 2025 dominiert<\/h2>\n<p>Der <strong>Carr\u00e9-Schnitt<\/strong> \u2013 im Franz\u00f6sischen f\u00fcr seinen klaren, pr\u00e4zisen Schnitt bekannt \u2013 bekommt durch den Undercut eine moderne Wendung. &#8222;Diese Kombination ist brillant, weil sie klassische Eleganz mit zeitgem\u00e4\u00dfer K\u00fchnheit verbindet&#8220;, erkl\u00e4rt <strong>Frisurenexpertin Claudia Weber<\/strong> vom Berliner Salon &#8222;Haarkunst&#8220;. Wie ein Baum, der im Fr\u00fchling seine schweren Winter\u00e4ste abwirft, befreit der Undercut den Nacken von \u00fcbersch\u00fcssigem Gewicht.<\/p>\n<h2>Die befreiende wirkung des nacken-undercuts<\/h2>\n<p>Der Hauptvorteil dieser Frisur liegt in ihrer <strong>funktionalen Leichtigkeit<\/strong>. Der rasierte oder kurz geschnittene Nackenbereich reduziert nicht nur das Gesamtvolumen der Haare, sondern schafft auch eine angenehme K\u00fchlung \u2013 ideal f\u00fcr die steigenden Temperaturen des Fr\u00fchjahrs. &#8222;Meine Kundinnen berichten oft, dass sie sich wie neugeboren f\u00fchlen, sobald der Nackenbereich frei ist&#8220;, berichtet Weber.<\/p>\n<h2>Vielseitige styling-optionen f\u00fcr jeden anlass<\/h2>\n<p>Die Sch\u00f6nheit des <strong>Carr\u00e9 mit Undercut<\/strong> liegt in seiner Anpassungsf\u00e4higkeit. Je nach Anlass k\u00f6nnen Sie zwischen verschiedenen Looks wechseln:<\/p>\n<ul>\n<li>Business-Look: Haare glatt getragen mit verborgenem Undercut<\/li>\n<li>Casual-Style: Seitenscheitel mit sichtbarem Undercut-Kontrast<\/li>\n<li>Abend-Eleganz: Hochgestecktes Haar, das den Undercut betont<\/li>\n<\/ul>\n<h2>Vom salon nach hause: pflege-tipps f\u00fcr langhaltende frische<\/h2>\n<p>Um den <strong>Nacken-Undercut<\/strong> in Topform zu halten, sollten Sie alle 3-4 Wochen einen Nachschnitt einplanen. &#8222;Der Reiz dieser Frisur liegt in ihrem Kontrast. Sobald der Undercut zu wachsen beginnt, verliert er seinen definierten Charakter&#8220;, warnt <strong>Friseurmeister Thomas Berger<\/strong>.<\/p>\n<h2>Ideale gesichtsformen f\u00fcr diese fr\u00fchlingsfrische frisur<\/h2>\n<p>W\u00e4hrend fast jede Gesichtsform von diesem Stil profitieren kann, eignet er sich besonders f\u00fcr <strong>ovale und herzf\u00f6rmige Gesichter<\/strong>. Die Kombination aus strukturiertem Carr\u00e9 und luftigem Undercut wirkt wie ein nat\u00fcrlicher Rahmen, der die Gesichtsz\u00fcge vorteilhaft betont. F\u00fcr zus\u00e4tzliche Inspiration zum Thema strukturierte Kurzhaarfrisuren lohnt sich ein Blick auf den <a href=\"https:\/\/www.journee-mondiale.com\/de\/diese-3-minuten-technik-macht-den-carre-court-texture-zum-voluminoesesten-fruehlingstrend-2025-ohne-styling-stress\/\" target=\"_blank\">volumin\u00f6sen Fr\u00fchlingstrend 2025<\/a>.<\/p>\n<h2>Die perfekte erg\u00e4nzung zu ihrer fr\u00fchlingsgarderobe<\/h2>\n<p>Diese Frisur harmoniert wunderbar mit der <strong>Fr\u00fchlingsmode 2025<\/strong>. Die klaren Linien des Carr\u00e9 erg\u00e4nzen zeitlose Kleidungsst\u00fccke, wie sie <a href=\"https:\/\/www.journee-mondiale.com\/de\/7-zeitlose-kleidungsstuecke-fuer-die-rente-die-ich-mit-55-bereits-sammle\/\" target=\"_blank\">in dieser Kollektion<\/a> vorgestellt werden. Der freigelegte Nacken bietet zudem die perfekte Gelegenheit, Statement-Ohrringe oder filigrane Halsketten zu pr\u00e4sentieren.<\/p>\n<h2>Styling-produkte f\u00fcr optimale definition<\/h2>\n<p>Um das Beste aus Ihrem <strong>Carr\u00e9 mit Undercut<\/strong> herauszuholen, empfehlen sich:<\/p>\n<ul>\n<li>Leichte Textursprays f\u00fcr nat\u00fcrlichen Halt ohne Beschweren<\/li>\n<li>Mattes Finishing-Wachs f\u00fcr definierte Konturen<\/li>\n<li>Hitzeschutzprodukte f\u00fcr Styling-Tools<\/li>\n<\/ul>\n<h2>Pflege-tipps f\u00fcr die freiliegende nackenpartie<\/h2>\n<p>Die neu exponierte Haut am Nacken ben\u00f6tigt besondere Aufmerksamkeit. &#8222;Vergessen Sie nicht, auch diese Partie mit <strong>Sonnenschutz<\/strong> zu versorgen&#8220;, erinnert Hautexpertin Dr. Martina Keller. Wie bei einer Hautpflegekur, die in <a href=\"https:\/\/www.journee-mondiale.com\/de\/7-neue-fruehlings-inhaltsstoffe-die-meine-40-haut-in-14-tagen-jugendlicher-machten-die-polyglutaminsaeure-entdeckung\/\" target=\"_blank\">diesem Artikel \u00fcber Fr\u00fchlingsinhaltsstoffe<\/a> beschrieben wird, sollte auch die Nackenhaut regelm\u00e4\u00dfig mit Feuchtigkeit versorgt werden.<\/p>\n<h2>Nat\u00fcrliche eleganz f\u00fcr reife frauen<\/h2>\n<p>Besonders Frauen \u00fcber 40 profitieren von dieser Frisur, da sie nat\u00fcrliche Eleganz mit praktischer Leichtigkeit verbindet. Der <strong>strukturierte Carr\u00e9<\/strong> rahmt das Gesicht vorteilhaft ein, w\u00e4hrend der Undercut jugendliche Frische verleiht. F\u00fcr einen vollst\u00e4ndigen Look sollten Sie auch Ihre H\u00e4nde nicht vergessen \u2013 <a href=\"https:\/\/www.journee-mondiale.com\/de\/7-bruchsichere-nagellacke-fuer-reife-haende-meine-entdeckung-haelt-seit-3-wochen-ohne-absplitterung\/\" target=\"_blank\">hier finden Sie passende Nagellacke<\/a>, die Ihren neuen Stil perfekt erg\u00e4nzen.<\/p>\n<h2>Alternativ: keratinbehandlung f\u00fcr mehr glanz<\/h2>\n<p>Wenn Sie Ihrem Carr\u00e9 zus\u00e4tzlichen Glanz verleihen m\u00f6chten, k\u00f6nnte eine <a href=\"https:\/\/www.journee-mondiale.com\/de\/brazilian-smoothing-laesst-lockiges-haar-60-schneller-trocknen-diese-keratin-technik-veraendert-alles\/\" target=\"_blank\">Brazilian Smoothing-Behandlung<\/a> die perfekte Erg\u00e4nzung sein. Diese <strong>Keratin-Technik<\/strong> verleiht dem Haar Geschmeidigkeit und l\u00e4sst den Kontrast zum Undercut noch eleganter wirken.<\/p>\n<p>Der Carr\u00e9 mit Undercut ist wie ein Fr\u00fchlingswind f\u00fcr Ihre Frisur \u2013 erfrischend, befreiend und voller Leichtigkeit. Sind Sie bereit, diesen Fr\u00fchling mit einem Hauch von Eleganz und einem Gef\u00fchl von Freiheit im Nacken zu begr\u00fc\u00dfen?<\/p>\n","protected":false},"excerpt":{"rendered":"<p>Die Fr\u00fchlingssaison 2025 hat begonnen, und mit ihr kommt eine erfrischende Haarschnitt-Kombination, die f\u00fcr Aufsehen sorgt: der Carr\u00e9 mit Undercut. Diese raffinierte Fusion verleiht insbesondere dem Nackenbereich eine willkommene Leichtigkeit \u2013 perfekt f\u00fcr die w\u00e4rmeren Tage, die vor uns liegen. Entdecken wir, warum dieser Stil zum absoluten Fr\u00fchjahrs-Must-Have geworden ist. Warum der carr\u00e9 mit undercut &#8230; <a title=\"Dieser nackte Nacken-trick macht den carr\u00e9 mit undercut 40% leichter (perfekt f\u00fcr den fr\u00fchling 2025&#8230;)\" class=\"read-more\" href=\"https:\/\/www.journee-mondiale.com\/de\/dieser-nackte-nacken-trick-macht-den-carre-mit-undercut-40-leichter-perfekt-fuer-den-fruehling-2025\/\" aria-label=\"Mehr Informationen \u00fcber Dieser nackte Nacken-trick macht den carr\u00e9 mit undercut 40% leichter (perfekt f\u00fcr den fr\u00fchling 2025&#8230;)\">Lire plus<\/a><\/p>\n","protected":false},"author":1,"featured_media":12979,"comment_status":"","ping_status":"","sticky":false,"template":"","format":"standard","meta":{"footnotes":""},"categories":[48],"tags":[],"class_list":["post-12980","post","type-post","status-publish","format-standard","has-post-thumbnail","hentry","category-lebensstil"],"acf":[],"_yoast_wpseo_primary_category":null,"_yoast_wpseo_title":null,"_yoast_wpseo_metadesc":null,"_links":{"self":[{"href":"https:\/\/www.journee-mondiale.com\/de\/wp-json\/wp\/v2\/posts\/12980","targetHints":{"allow":["GET"]}}],"collection":[{"href":"https:\/\/www.journee-mondiale.com\/de\/wp-json\/wp\/v2\/posts"}],"about":[{"href":"https:\/\/www.journee-mondiale.com\/de\/wp-json\/wp\/v2\/types\/post"}],"author":[{"embeddable":true,"href":"https:\/\/www.journee-mondiale.com\/de\/wp-json\/wp\/v2\/users\/1"}],"replies":[{"embeddable":true,"href":"https:\/\/www.journee-mondiale.com\/de\/wp-json\/wp\/v2\/comments?post=12980"}],"version-history":[{"count":0,"href":"https:\/\/www.journee-mondiale.com\/de\/wp-json\/wp\/v2\/posts\/12980\/revisions"}],"wp:featuredmedia":[{"embeddable":true,"href":"https:\/\/www.journee-mondiale.com\/de\/wp-json\/wp\/v2\/media\/12979"}],"wp:attachment":[{"href":"https:\/\/www.journee-mondiale.com\/de\/wp-json\/wp\/v2\/media?parent=12980"}],"wp:term":[{"taxonomy":"category","embeddable":true,"href":"https:\/\/www.journee-mondiale.com\/de\/wp-json\/wp\/v2\/categories?post=12980"},{"taxonomy":"post_tag","embeddable":true,"href":"https:\/\/www.journee-mondiale.com\/de\/wp-json\/wp\/v2\/tags?post=12980"}],"curies":[{"name":"wp","href":"https:\/\/api.w.org\/{rel}","templated":true}]}}