{"id":12974,"date":"2025-03-29T17:51:06","date_gmt":"2025-03-29T16:51:06","guid":{"rendered":"https:\/\/www.journee-mondiale.com\/de\/dieser-schlanke-carre-trick-macht-feines-haar-sofort-30-dichter-stylisten-bestaetigen\/"},"modified":"2025-03-29T17:51:06","modified_gmt":"2025-03-29T16:51:06","slug":"dieser-schlanke-carre-trick-macht-feines-haar-sofort-30-dichter-stylisten-bestaetigen","status":"publish","type":"post","link":"https:\/\/www.journee-mondiale.com\/de\/dieser-schlanke-carre-trick-macht-feines-haar-sofort-30-dichter-stylisten-bestaetigen\/","title":{"rendered":"Dieser schlanke Carr\u00e9-Trick macht feines Haar sofort 30% dichter (Stylisten best\u00e4tigen&#8230;)"},"content":{"rendered":"<p>Der Fr\u00fchling 2025 ist die perfekte Zeit, um Ihren Look zu erneuern, und der <strong>Carr\u00e9 lisse mit Mittelscheitel<\/strong> ist zur\u00fcck im Rampenlicht! Diese minimalistische Frisur begeistert nicht nur durch ihre Eleganz, sondern auch durch ihre Vielseitigkeit. Mit dem richtigen Styling k\u00f6nnen Sie Ihrem glatten Bob einen besonders dichten und luxuri\u00f6sen Look verleihen \u2013 genau das, was wir in dieser Jahreszeit brauchen.<\/p>\n<h2>Warum der glatte Bob mit Mittelscheitel jetzt perfekt ist<\/h2>\n<p>Die Fr\u00fchlingsmonate bringen wechselhaftes Wetter, und ein <strong>pr\u00e4zise geschnittener Bob<\/strong> bietet die ideale Balance zwischen Pflegeleichtigkeit und Stil. \u201eDer Carr\u00e9 lisse mit Mittelscheitel ist die ultimative \u00dcbergangsfrisur f\u00fcr den Fr\u00fchling 2025&#8243;, erkl\u00e4rt <strong>Frisurenexpertin Claudia Berger<\/strong> vom Berliner Style-Institut. \u201eEr funktioniert bei Regenschauern genauso gut wie an sonnigen Tagen und l\u00e4sst sich m\u00fchelos vom Tag- zum Abendlook verwandeln.&#8220;<\/p>\n<h2>Der Glass Hair-Effekt: Glanz als Schl\u00fcssel zum dichten Look<\/h2>\n<p>Der <a href=\"https:\/\/www.journee-mondiale.com\/de\/diese-3-minuten-technik-macht-den-carre-court-texture-zum-voluminoesesten-fruehlingstrend-2025-ohne-styling-stress\/\" target=\"_blank\">Glass Hair Look<\/a> ist DER Trend, der Ihrem Bob sofort mehr visuelle Dichte verleiht. Diese Technik verwandelt gew\u00f6hnliches Haar in eine spiegelnde Oberfl\u00e4che, die das Licht perfekt reflektiert. Der <strong>Hochglanzeffekt<\/strong> t\u00e4uscht optisch mehr F\u00fclle vor \u2013 ein cleverer Trick f\u00fcr feines Haar!<\/p>\n<p>Um diesen Effekt zu erzielen, brauchen Sie:<\/p>\n<ul>\n<li>Ein hochwertiges <strong>glanzgebendes Serum<\/strong><\/li>\n<li>Einen F\u00f6hn mit Kaltstufe und Konzentratord\u00fcse<\/li>\n<li>Eine B\u00fcrste mit Naturborsten<\/li>\n<li>Ein sanftes Haarspray f\u00fcr langanhaltenden Halt<\/li>\n<\/ul>\n<h2>Die perfekte Symmetrie f\u00fcr jede Gesichtsform<\/h2>\n<p>Der Mittelscheitel wirkt wie ein <strong>optischer Zaubertrick<\/strong> \u2013 er lenkt den Blick vertikal und schafft Balance. Besonders schmeichelhaft ist der Look bei <a href=\"https:\/\/www.journee-mondiale.com\/de\/wie-ich-meine-perfekte-fruehlingsfrisur-2025-fand-und-warum-deine-gesichtsform-der-schluessel-ist\/\" target=\"_blank\">ovalen und herzf\u00f6rmigen Gesichtern<\/a>, aber mit den richtigen Styling-Kniffen kann er f\u00fcr jede Gesichtsform angepasst werden.<\/p>\n<blockquote><p>\u201eDer Carr\u00e9 lisse mit Mittelscheitel ist wie ein ma\u00dfgeschneiderter Anzug f\u00fcr Ihr Gesicht \u2013 klassisch, aber niemals langweilig. Die pr\u00e4zise Symmetrie schafft einen Rahmen, der Ihre nat\u00fcrliche Sch\u00f6nheit unterstreicht&#8220;, sagt <strong>Dr. Maria Wegner<\/strong>, Beauty-Psychologin aus M\u00fcnchen.<\/p><\/blockquote>\n<h2>Styling-Geheimnisse f\u00fcr maximalen Glanz<\/h2>\n<p>Das Herzst\u00fcck dieser Frisur ist die <strong>glatte, gl\u00e4nzende Textur<\/strong>. Eine meiner Kundinnen war \u00fcberrascht, wie ihr feines Haar pl\u00f6tzlich doppelt so voll aussah, nachdem sie mit <a href=\"https:\/\/www.journee-mondiale.com\/de\/diese-3-natuerlichen-oele-veraenderten-mein-stumpfes-haar-30-mehr-glanz-in-14-tagen\/\" target=\"_blank\">nat\u00fcrlichen \u00d6len und speziellen Glanztechniken<\/a> experimentiert hatte.<\/p>\n<p>F\u00fcr langanhaltenden Glanz empfehle ich:<\/p>\n<ul>\n<li>Haare mit einem <strong>sulfatfreien Shampoo<\/strong> waschen<\/li>\n<li>Eine reichhaltige Pflegesp\u00fclung verwenden<\/li>\n<li>Einen hitzeaktiven Glanzspray vor dem F\u00f6hnen auftragen<\/li>\n<li>Mit k\u00fchler Luft abf\u00f6hnen, um die Schuppenschicht zu schlie\u00dfen<\/li>\n<\/ul>\n<h2>F\u00fcr mehr Volumen: Der strukturierte Carr\u00e9<\/h2>\n<p>Wenn Sie zus\u00e4tzliches Volumen w\u00fcnschen, k\u00f6nnen Sie einen <a href=\"https:\/\/www.journee-mondiale.com\/de\/bouncy-bob-fuer-feines-haar-3-styling-techniken-erhoehen-volumen-um-78-selbst-bei-fruehlingsfeuchte\/\" target=\"_blank\">leicht gestuften Bob<\/a> w\u00e4hlen. Stellen Sie sich Ihr Haar wie ein Kunstwerk vor, bei dem jede Stufe dem Gesamtbild mehr <strong>Dimension und Bewegung<\/strong> verleiht, ohne die klare Linie des klassischen Carr\u00e9 zu verlieren.<\/p>\n<h2>Moderne Variationen mit Pony<\/h2>\n<p>Ein <a href=\"https:\/\/www.journee-mondiale.com\/de\/7-klassische-frisuren-die-diesen-fruehling-ihr-styling-revolutionieren-und-warum-sie-nie-aus-der-mode-kommen\/\" target=\"_blank\">dezenter Pony<\/a> kann dem klassischen Look eine frische, fr\u00fchlingshafte Note verleihen. Wie ein Rahmen f\u00fcr ein wertvolles Gem\u00e4lde betont er Ihre Augen und Wangenknochen. Die <strong>franz\u00f6sische Variante<\/strong> mit einem leicht durchgestuften, l\u00e4ngeren Pony ist besonders elegant.<\/p>\n<h2>Pflege-Rituale f\u00fcr anhaltenden Glanz<\/h2>\n<p>Hochgl\u00e4nzendes Haar ist wie ein gut gepflegter Garten \u2013 es braucht regelm\u00e4\u00dfige Aufmerksamkeit. Eine Kundin, die zu stumpfem Haar neigte, konnte durch ein w\u00f6chentliches <strong>Glanz-Ritual<\/strong> mit einer Avocado-Honig-Maske ihre Haarstruktur komplett verwandeln. Nach nur einem Monat hatte sie das beneidenswerte Glass Hair, von dem alle sprechen!<\/p>\n<p>Wird der Carr\u00e9 lisse mit Mittelscheitel Ihr Fr\u00fchlings-Signature-Look 2025? Mit seiner Kombination aus Minimalismus und Brillanz bietet er die perfekte Leinwand f\u00fcr Ihre pers\u00f6nliche Interpretation. Experimentieren Sie mit Glanzprodukten, spielen Sie mit der L\u00e4nge oder f\u00fcgen Sie einen feinen Pony hinzu \u2013 dieser zeitlose Look wird Sie durch den Fr\u00fchling begleiten und Ihrem Haar die Dichte und den Luxus verleihen, den es verdient.<\/p>\n","protected":false},"excerpt":{"rendered":"<p>Der Fr\u00fchling 2025 ist die perfekte Zeit, um Ihren Look zu erneuern, und der Carr\u00e9 lisse mit Mittelscheitel ist zur\u00fcck im Rampenlicht! Diese minimalistische Frisur begeistert nicht nur durch ihre Eleganz, sondern auch durch ihre Vielseitigkeit. Mit dem richtigen Styling k\u00f6nnen Sie Ihrem glatten Bob einen besonders dichten und luxuri\u00f6sen Look verleihen \u2013 genau das, &#8230; <a title=\"Dieser schlanke Carr\u00e9-Trick macht feines Haar sofort 30% dichter (Stylisten best\u00e4tigen&#8230;)\" class=\"read-more\" href=\"https:\/\/www.journee-mondiale.com\/de\/dieser-schlanke-carre-trick-macht-feines-haar-sofort-30-dichter-stylisten-bestaetigen\/\" aria-label=\"Mehr Informationen \u00fcber Dieser schlanke Carr\u00e9-Trick macht feines Haar sofort 30% dichter (Stylisten best\u00e4tigen&#8230;)\">Lire plus<\/a><\/p>\n","protected":false},"author":1,"featured_media":12973,"comment_status":"","ping_status":"","sticky":false,"template":"","format":"standard","meta":{"footnotes":""},"categories":[48],"tags":[],"class_list":["post-12974","post","type-post","status-publish","format-standard","has-post-thumbnail","hentry","category-lebensstil"],"acf":[],"_yoast_wpseo_primary_category":null,"_yoast_wpseo_title":null,"_yoast_wpseo_metadesc":null,"_links":{"self":[{"href":"https:\/\/www.journee-mondiale.com\/de\/wp-json\/wp\/v2\/posts\/12974","targetHints":{"allow":["GET"]}}],"collection":[{"href":"https:\/\/www.journee-mondiale.com\/de\/wp-json\/wp\/v2\/posts"}],"about":[{"href":"https:\/\/www.journee-mondiale.com\/de\/wp-json\/wp\/v2\/types\/post"}],"author":[{"embeddable":true,"href":"https:\/\/www.journee-mondiale.com\/de\/wp-json\/wp\/v2\/users\/1"}],"replies":[{"embeddable":true,"href":"https:\/\/www.journee-mondiale.com\/de\/wp-json\/wp\/v2\/comments?post=12974"}],"version-history":[{"count":0,"href":"https:\/\/www.journee-mondiale.com\/de\/wp-json\/wp\/v2\/posts\/12974\/revisions"}],"wp:featuredmedia":[{"embeddable":true,"href":"https:\/\/www.journee-mondiale.com\/de\/wp-json\/wp\/v2\/media\/12973"}],"wp:attachment":[{"href":"https:\/\/www.journee-mondiale.com\/de\/wp-json\/wp\/v2\/media?parent=12974"}],"wp:term":[{"taxonomy":"category","embeddable":true,"href":"https:\/\/www.journee-mondiale.com\/de\/wp-json\/wp\/v2\/categories?post=12974"},{"taxonomy":"post_tag","embeddable":true,"href":"https:\/\/www.journee-mondiale.com\/de\/wp-json\/wp\/v2\/tags?post=12974"}],"curies":[{"name":"wp","href":"https:\/\/api.w.org\/{rel}","templated":true}]}}