{"id":12940,"date":"2025-03-27T06:34:37","date_gmt":"2025-03-27T05:34:37","guid":{"rendered":"https:\/\/www.journee-mondiale.com\/de\/diese-bergkette-verbindet-skifahren-und-orangenbaeume-an-einem-tag-auf-3-482-metern-thront-spaniens-hoechster-gipfel\/"},"modified":"2025-03-27T06:34:37","modified_gmt":"2025-03-27T05:34:37","slug":"diese-bergkette-verbindet-skifahren-und-orangenbaeume-an-einem-tag-auf-3-482-metern-thront-spaniens-hoechster-gipfel","status":"publish","type":"post","link":"https:\/\/www.journee-mondiale.com\/de\/diese-bergkette-verbindet-skifahren-und-orangenbaeume-an-einem-tag-auf-3-482-metern-thront-spaniens-hoechster-gipfel\/","title":{"rendered":"Diese Bergkette verbindet Skifahren und Orangenb\u00e4ume an einem Tag (auf 3.482 Metern thront Spaniens h\u00f6chster Gipfel)"},"content":{"rendered":"<p>In der Sierra Nevada pulsiert ein besonderes Reise-Gen, das weit \u00fcber klassischen Winterzauber hinausgeht. Mit majest\u00e4tischen 3.482 Metern H\u00f6he thront der Mulhac\u00e9n als K\u00f6nig der iberischen Halbinsel \u00fcber einer Landschaft, in der Schneeglitzern und mediterrane W\u00e4rme eine verbl\u00fcffende Allianz bilden. Dieses andalusische Juwel ist weit mehr als nur Spaniens s\u00fcdlichstes Skiparadies \u2013 es ist ein Ort, der s\u00e4mtliche Jahreszeiten in spektakul\u00e4re Erlebnisb\u00fchnen verwandelt.<\/p>\n<h2>Zwischen Schnee und Mandelb\u00e4umen: Andalusiens sch\u00f6nster Widerspruch<\/h2>\n<p>Wo sonst kann man morgens durch Pulverschnee carven und nachmittags unter Orangenb\u00e4umen entspannen? Die Sierra Nevada verk\u00f6rpert einen faszinierenden Kontrast: &#8222;Unsere Berge sind wie eine Zeitmaschine zwischen den Jahreszeiten&#8220;, erkl\u00e4rt Miguel S\u00e1nchez, langj\u00e4hriger Bergf\u00fchrer. &#8222;Man kann buchst\u00e4blich beim Abfahren den Winter verlassen und im Fr\u00fchling ankommen.&#8220; Zwischen Dezember und M\u00e4rz lockt das Skigebiet mit 110 Pistenkilometern.<\/p>\n<h2>Die vergessenen Alpujarras: Wei\u00dfe D\u00f6rfer mit maurischer Seele<\/h2>\n<p>An den S\u00fcdh\u00e4ngen der Sierra Nevada kleben die wei\u00dfen D\u00f6rfer der Alpujarras <a href=\"https:\/\/www.journee-mondiale.com\/de\/dieses-versteckte-alpenjuwel-thront-auf-1-835-metern-hoehe-900-jaehrige-geschichte-in-natursteinhaeusern-mit-schieferdaechern\/\" target=\"_blank\">wie authentische Bergd\u00f6rfer<\/a> aus einer anderen Zeit. Mit ihren flachen D\u00e4chern, verschlungenen Gassen und wassergef\u00fcllten Acequias (Bew\u00e4sserungskan\u00e4len) haben sie ihre maurische Vergangenheit bewahrt. &#8222;Hier oben scheint die Zeit anders zu flie\u00dfen&#8220;, schw\u00e4rmt Journalistin Ana Torres. &#8222;Jedes Dorf hat sein eigenes Rezept f\u00fcr Jam\u00f3n Ib\u00e9rico \u2013 probieren Sie unbedingt den aus Trev\u00e9lez auf 1.476 Metern!&#8220;<\/p>\n<h2>Naturerlebnis Cahorros: Wo die Schlucht den Himmel ber\u00fchrt<\/h2>\n<p>Die Cahorros-Schlucht bei Monachil bietet ein Wandererlebnis, das selbst erfahrene Bergsteiger beeindruckt. Der schmale Pfad f\u00fchrt \u00fcber wackelige H\u00e4ngebr\u00fccken und entlang senkrechter Felsw\u00e4nde. Ein besonderer Reiz: Im Sommer bilden tiefe Wasserbecken nat\u00fcrliche Pools zum Abk\u00fchlen. Dieses versteckte Kleinod zeigt die vielf\u00e4ltigen <a href=\"https:\/\/www.journee-mondiale.com\/de\/diese-heilige-berglandschaft-wurde-zum-treffpunkt-zwischen-himmel-und-erde-der-goldene-sonnenaufgang-nach-3-750-stufen-offenbart-ein-biblisches-geheimnis\/\" target=\"_blank\">Besondere Bergerlebnisse<\/a> abseits ausgetretener Pfade.<\/p>\n<h2>Von Gipfelmomenten und Geschichtsspuren: Der Camino de los Neveros<\/h2>\n<p>Der &#8222;Pfad der Schneesammler&#8220; erz\u00e4hlt eine faszinierende Geschichte: Jahrhundertelang trugen Arbeiter Eis vom Gipfel in die St\u00e4dte, um es dort zu verkaufen. Heute ist dieser historische Weg eine spektakul\u00e4re Wanderroute mit atemberaubenden Ausblicken auf Granada und das Mittelmeer. Die Sierra Nevada ist wie viele andere <a href=\"https:\/\/www.journee-mondiale.com\/de\/diese-bergstadt-im-erzgebirge-verbindet-500-jahre-silbergeschichte-mit-lebendiger-holzkunst-unesco-welterbe-nur-30-km-von-der-tschechischen-grenze\/\" target=\"_blank\">UNESCO-Bergregionen in Europa<\/a> ein lebendiges Geschichtsbuch.<\/p>\n<h2>Unterk\u00fcnfte mit H\u00f6henrausch: Von Luxus bis Abenteuer<\/h2>\n<p>Pradollano bietet luxuri\u00f6se Hotels direkt an den Pisten, w\u00e4hrend die Alpujarras mit charmanten Pensionen und rustikalen Ferienh\u00e4usern locken. F\u00fcr Budgetreisende gibt es zahlreiche Jugendherbergen und Campingpl\u00e4tze, besonders in den Sommermonaten. Eine Nacht im Refugio Poqueira auf 2.500 Metern beschert unvergessliche Sternenhimmel und den perfekten Ausgangspunkt f\u00fcr den Aufstieg zum Mulhac\u00e9n.<\/p>\n<h2>7 kulinarische Gipfelst\u00fcrmer der Sierra Nevada<\/h2>\n<p>Die Bergk\u00fcche hier verbindet arabische Einfl\u00fcsse mit mediterranen Zutaten: Pluma Ib\u00e9rica, zart gegrilltes Schweinefleisch, gepaart mit lokalen Kr\u00e4utern. Migas, ger\u00f6stete Brotkrumen mit Speck und Paprika. Die cremige Ajo Blanco, eine kalte Mandelsuppe, perfekt nach einer Wanderung. In den Bergd\u00f6rfern werden traditionelle Rezepte mit Leidenschaft zelebriert \u2013 ein Festmahl f\u00fcr alle Sinne.<\/p>\n<h2>Zwischen Skispitzen und Wanderschuhen: Die perfekte Jahreszeit<\/h2>\n<p>Die Sierra Nevada bietet ganzj\u00e4hrig Attraktionen: Dezember bis M\u00e4rz f\u00fcr Wintersport, April bis Oktober f\u00fcr Wanderer. Besonders magisch: der Mai, wenn die Almwiesen in voller Bl\u00fcte stehen und die Temperaturen angenehm sind. Entdecken Sie auch die Seenlandschaften, die an andere <a href=\"https:\/\/www.journee-mondiale.com\/de\/dieser-atemberaubende-bergsee-in-den-vogesen-schimmert-in-leuchtendem-blau-auf-660-metern-hoehe-ein-verstecktes-wassersport-paradies-mit-384-metern-tiefe\/\" target=\"_blank\">Bergseen und Wassersportaktivit\u00e4ten<\/a> in Europa erinnern.<\/p>\n<h2>Nachhaltiges Reisen im Aufwind: \u00d6kologische Entdeckungen<\/h2>\n<p>E-Bike-Touren und gef\u00fchrte Naturerkundungen geh\u00f6ren zu den neuesten Trends in der Sierra Nevada. &#8222;Wir sch\u00e4tzen besonders Besucher, die unsere Natur respektieren&#8220;, betont Nationalpark-Rangerin Carmen D\u00edaz. Der \u00d6kotourismus bl\u00fcht auf, \u00e4hnlich wie bei anderen <a href=\"https:\/\/www.journee-mondiale.com\/de\/diese-savanne-verbirgt-alle-big-five-hinter-goldenem-gras-naturliebhaber-erleben-hier-das-groesste-loewenrudel-afrikas-bei-sonnenaufgang\/\" target=\"_blank\">Naturbeobachtungen weltweit<\/a>, und bietet nachhaltige Erlebnisse fernab vom Massentourismus.<\/p>\n<p>Die Sierra Nevada \u00fcberw\u00e4ltigt mit ihrer unerwarteten Vielseitigkeit \u2013 ein Ort, wo deutsche Gr\u00fcndlichkeit auf andalusische Leidenschaft trifft. Morgens die Alhambra bestaunen, mittags auf 3.000 Metern skifahren und abends beim Sonnenuntergang Tapas genie\u00dfen \u2013 welcher andere Ort kann solche Kontraste bieten? Diese andalusische Bergwelt ist kein gew\u00f6hnliches Reiseziel, sondern ein emotionales Erlebnis, das alle Sinne ber\u00fchrt und unvergessliche Erinnerungen schafft.<\/p>\n","protected":false},"excerpt":{"rendered":"<p>In der Sierra Nevada pulsiert ein besonderes Reise-Gen, das weit \u00fcber klassischen Winterzauber hinausgeht. Mit majest\u00e4tischen 3.482 Metern H\u00f6he thront der Mulhac\u00e9n als K\u00f6nig der iberischen Halbinsel \u00fcber einer Landschaft, in der Schneeglitzern und mediterrane W\u00e4rme eine verbl\u00fcffende Allianz bilden. Dieses andalusische Juwel ist weit mehr als nur Spaniens s\u00fcdlichstes Skiparadies \u2013 es ist ein &#8230; <a title=\"Diese Bergkette verbindet Skifahren und Orangenb\u00e4ume an einem Tag (auf 3.482 Metern thront Spaniens h\u00f6chster Gipfel)\" class=\"read-more\" href=\"https:\/\/www.journee-mondiale.com\/de\/diese-bergkette-verbindet-skifahren-und-orangenbaeume-an-einem-tag-auf-3-482-metern-thront-spaniens-hoechster-gipfel\/\" aria-label=\"Mehr Informationen \u00fcber Diese Bergkette verbindet Skifahren und Orangenb\u00e4ume an einem Tag (auf 3.482 Metern thront Spaniens h\u00f6chster Gipfel)\">Lire plus<\/a><\/p>\n","protected":false},"author":1,"featured_media":12939,"comment_status":"","ping_status":"","sticky":false,"template":"","format":"standard","meta":{"footnotes":""},"categories":[49],"tags":[],"class_list":["post-12940","post","type-post","status-publish","format-standard","has-post-thumbnail","hentry","category-reisen"],"acf":[],"_yoast_wpseo_primary_category":null,"_yoast_wpseo_title":null,"_yoast_wpseo_metadesc":null,"_links":{"self":[{"href":"https:\/\/www.journee-mondiale.com\/de\/wp-json\/wp\/v2\/posts\/12940","targetHints":{"allow":["GET"]}}],"collection":[{"href":"https:\/\/www.journee-mondiale.com\/de\/wp-json\/wp\/v2\/posts"}],"about":[{"href":"https:\/\/www.journee-mondiale.com\/de\/wp-json\/wp\/v2\/types\/post"}],"author":[{"embeddable":true,"href":"https:\/\/www.journee-mondiale.com\/de\/wp-json\/wp\/v2\/users\/1"}],"replies":[{"embeddable":true,"href":"https:\/\/www.journee-mondiale.com\/de\/wp-json\/wp\/v2\/comments?post=12940"}],"version-history":[{"count":0,"href":"https:\/\/www.journee-mondiale.com\/de\/wp-json\/wp\/v2\/posts\/12940\/revisions"}],"wp:featuredmedia":[{"embeddable":true,"href":"https:\/\/www.journee-mondiale.com\/de\/wp-json\/wp\/v2\/media\/12939"}],"wp:attachment":[{"href":"https:\/\/www.journee-mondiale.com\/de\/wp-json\/wp\/v2\/media?parent=12940"}],"wp:term":[{"taxonomy":"category","embeddable":true,"href":"https:\/\/www.journee-mondiale.com\/de\/wp-json\/wp\/v2\/categories?post=12940"},{"taxonomy":"post_tag","embeddable":true,"href":"https:\/\/www.journee-mondiale.com\/de\/wp-json\/wp\/v2\/tags?post=12940"}],"curies":[{"name":"wp","href":"https:\/\/api.w.org\/{rel}","templated":true}]}}