{"id":12925,"date":"2025-03-26T07:35:53","date_gmt":"2025-03-26T06:35:53","guid":{"rendered":"https:\/\/www.journee-mondiale.com\/de\/diese-fruehlingshafte-halb-hochgesteckte-frisur-spart-5-minuten-styling-zeit-und-verhindert-kopfschmerzen\/"},"modified":"2025-03-26T07:35:53","modified_gmt":"2025-03-26T06:35:53","slug":"diese-fruehlingshafte-halb-hochgesteckte-frisur-spart-5-minuten-styling-zeit-und-verhindert-kopfschmerzen","status":"publish","type":"post","link":"https:\/\/www.journee-mondiale.com\/de\/diese-fruehlingshafte-halb-hochgesteckte-frisur-spart-5-minuten-styling-zeit-und-verhindert-kopfschmerzen\/","title":{"rendered":"Diese fr\u00fchlingshafte halb-hochgesteckte frisur spart 5 minuten styling-zeit (und verhindert kopfschmerzen)"},"content":{"rendered":"<p>Der Fr\u00fchling ist da und mit ihm kommt der Wunsch nach einer Ver\u00e4nderung unserer Frisur, die sowohl frisch als auch praktisch ist. Die Halb-Hochsteckfrisur, oder &#8222;Coiffure demi-queue&#8220;, bietet die perfekte Balance &#8211; sie befreit das Gesicht, ohne die Haare zu sehr zu strapazieren. Diese <strong>vielseitige Stylingtechnik<\/strong> erlebt im Fr\u00fchling 2025 ein echtes Revival und ist besonders beliebt f\u00fcr die w\u00e4rmeren Tage, die vor uns liegen.<\/p>\n<h2>Warum die halb-hochgesteckte Frisur perfekt f\u00fcr den Fr\u00fchling ist<\/h2>\n<p>Mit den steigenden Temperaturen suchen viele nach einer Frisur, die das Gesicht frei h\u00e4lt, ohne auf die L\u00e4nge zu verzichten. &#8222;Die halb-hochgesteckte Frisur bietet den idealen Kompromiss zwischen offenen und komplett hochgesteckten Haaren&#8220;, erkl\u00e4rt <strong>Haarstylistin Julia Berger<\/strong> aus Berlin. &#8222;Sie belastet die Kopfhaut kaum und verhindert das unangenehme Spannungsgef\u00fchl, das oft mit streng zur\u00fcckgebundenen Frisuren einhergeht.&#8220;<\/p>\n<p>Besonders im Fr\u00fchling, wenn wir zwischen k\u00fchlen Morgen und warmen Nachmittagen pendeln, ben\u00f6tigen wir anpassungsf\u00e4hige Styling-Optionen. Die Demi-Queue funktioniert wie ein <strong>nat\u00fcrlicher Klimaregulator<\/strong> f\u00fcr unsere Haarpracht &#8211; sie h\u00e4lt das Haar vom Gesicht fern, wenn die Sonne scheint, ohne uns das w\u00e4rmende Gef\u00fchl der L\u00e4ngen zu nehmen.<\/p>\n<h2>Schritt-f\u00fcr-Schritt: Die perfekte demi-queue erstellen<\/h2>\n<p>Die Grundtechnik ist einfach und dauert nur wenige Minuten. F\u00fcr eine <a href=\"https:\/\/www.journee-mondiale.com\/de\/dieser-fruehlings-haarschnitt-passt-wirklich-zu-jedem-selbst-meine-stylistin-war-ueberrascht\/\" target=\"_blank\">saisongerechte Frisur<\/a>, die wirklich jedem steht, folgen Sie diesen Schritten:<\/p>\n<ul>\n<li>Nehmen Sie die obere H\u00e4lfte der Haare vom Scheitel bis zu den Ohren<\/li>\n<li>Fixieren Sie diese sanft mit einem weichen Haargummi oder einer dekorativen Haarspange<\/li>\n<li>Lockern Sie die Partie leicht, um Spannung zu vermeiden<\/li>\n<li>Gestalten Sie die untere Haarpartie nach Belieben &#8211; glatt, wellig oder nat\u00fcrlich<\/li>\n<\/ul>\n<h2>Stylingvariationen f\u00fcr unterschiedliche Haartypen<\/h2>\n<p>F\u00fcr <strong>feines Haar<\/strong> ist diese Frisur ein wahrer Segen. &#8222;Durch das teilweise Hochstecken entsteht automatisch mehr Volumen am Oberkopf&#8220;, sagt <strong>Dr. Maria Hoffmann<\/strong>, Dermatologin mit Spezialisierung auf Haargesundheit. Bei d\u00fcnnerem Haar k\u00f6nnen Sie die <a href=\"https:\/\/www.journee-mondiale.com\/de\/bouncy-bob-fuer-feines-haar-3-styling-techniken-erhoehen-volumen-um-78-selbst-bei-fruehlingsfeuchte\/\" target=\"_blank\">Volumen-Styling-Techniken<\/a> nutzen, die selbst bei Fr\u00fchlingsfeuchte standhalten.<\/p>\n<p>F\u00fcr <strong>dickeres oder lockiges Haar<\/strong> bietet die Demi-Queue eine willkommene Entlastung. Die Haare werden kontrolliert, ohne zu sehr gezogen zu werden, was besonders bei Locken wichtig ist, um ihre nat\u00fcrliche Form zu erhalten.<\/p>\n<h2>Vermeiden Sie diese h\u00e4ufigen Fehler<\/h2>\n<p>Der gr\u00f6\u00dfte Irrtum bei der Demi-Queue ist das zu straffe Zur\u00fcckziehen der Haare. Dies kann nicht nur unangenehm sein, sondern auch zu <strong>Haarbruch und Kopfschmerzen<\/strong> f\u00fchren. Stattdessen sollten Sie:<\/p>\n<ul>\n<li>Weiche, stoffbezogene Haargummis verwenden<\/li>\n<li>Den Zug gleichm\u00e4\u00dfig verteilen, nicht nur an einzelnen Str\u00e4hnen<\/li>\n<li>Nach dem Fixieren einige feine Str\u00e4hnen l\u00f6sen f\u00fcr einen nat\u00fcrlicheren Look<\/li>\n<\/ul>\n<h2>Elegante Variationen f\u00fcr besondere Anl\u00e4sse<\/h2>\n<p>F\u00fcr einen Fr\u00fchlingsbrunch oder ein Gartenfest k\u00f6nnen Sie Ihre Demi-Queue aufwerten. Probieren Sie eine <a href=\"https:\/\/www.journee-mondiale.com\/de\/diese-glaetteisen-technik-erzeugt-78-natuerlichere-wellen-stylistin-enthuellt-das-geheimnis\/\" target=\"_blank\">sanfte Wellentechnik<\/a> f\u00fcr die unteren Haare oder integrieren Sie einen kleinen <strong>franz\u00f6sischen Zopf<\/strong> in den oberen Teil.<\/p>\n<p>Eine interessante Option ist die Kombination mit einem <a href=\"https:\/\/www.journee-mondiale.com\/de\/7-verjuengende-kurzhaarschnitte-fuer-feines-haar-diese-pixie-variante-schenkt-40-mehr-volumen-nach-den-wechseljahren\/\" target=\"_blank\">strukturierten Schnitt<\/a>, der dem Look mehr Dimension verleiht. Die halb-hochgesteckte Frisur funktioniert wie eine <strong>optische Verj\u00fcngungskur<\/strong>, indem sie die Gesichtsz\u00fcge sanft anhebt.<\/p>\n<h2>Styling-Geheimtipps aus Expertensicht<\/h2>\n<p>&#8222;Wenden Sie vor dem Styling ein leichtes Texturspray an den Wurzeln an&#8220;, empfiehlt Berger. &#8222;Dies gibt dem Haar mehr Halt und verhindert, dass die Frisur im Laufe des Tages nachgibt.&#8220; F\u00fcr einen moderneren Look k\u00f6nnen Sie auch <a href=\"https:\/\/www.journee-mondiale.com\/de\/die-7-geheimen-tricks-fuer-einen-pixie-cut-mit-stufen-die-keine-stylistin-verraet\/\" target=\"_blank\">einige der Styling-Tricks<\/a> adaptieren, die normalerweise f\u00fcr k\u00fcrzere Haarschnitte reserviert sind.<\/p>\n<p>Besonders f\u00fcr die Fr\u00fchlingssaison 2025 liegen <strong>nat\u00fcrliche Texturen und weiche \u00dcberg\u00e4nge<\/strong> im Trend. Die Demi-Queue verk\u00f6rpert diese Philosophie perfekt &#8211; sie ist strukturiert, ohne gek\u00fcnstelt zu wirken.<\/p>\n<h2>Ist die demi-queue die L\u00f6sung f\u00fcr Ihre Haarprobleme?<\/h2>\n<p>Haben Sie es satt, zwischen praktisch und sch\u00f6n zu w\u00e4hlen? Die halb-hochgesteckte Frisur \u00fcberbr\u00fcckt diese Kluft m\u00fchelos. Sie ist die Antwort f\u00fcr alle, die ihr Gesicht betonen m\u00f6chten, ohne auf die schmeichelnde Wirkung l\u00e4ngerer Haare zu verzichten. Besonders im wechselhaften Fr\u00fchlingswetter bietet sie die Flexibilit\u00e4t, die wir brauchen &#8211; ein harmonisches Gleichgewicht zwischen Komfort und Stil, das unsere nat\u00fcrliche Sch\u00f6nheit zur Geltung bringt.<\/p>\n","protected":false},"excerpt":{"rendered":"<p>Der Fr\u00fchling ist da und mit ihm kommt der Wunsch nach einer Ver\u00e4nderung unserer Frisur, die sowohl frisch als auch praktisch ist. Die Halb-Hochsteckfrisur, oder &#8222;Coiffure demi-queue&#8220;, bietet die perfekte Balance &#8211; sie befreit das Gesicht, ohne die Haare zu sehr zu strapazieren. Diese vielseitige Stylingtechnik erlebt im Fr\u00fchling 2025 ein echtes Revival und ist &#8230; <a title=\"Diese fr\u00fchlingshafte halb-hochgesteckte frisur spart 5 minuten styling-zeit (und verhindert kopfschmerzen)\" class=\"read-more\" href=\"https:\/\/www.journee-mondiale.com\/de\/diese-fruehlingshafte-halb-hochgesteckte-frisur-spart-5-minuten-styling-zeit-und-verhindert-kopfschmerzen\/\" aria-label=\"Mehr Informationen \u00fcber Diese fr\u00fchlingshafte halb-hochgesteckte frisur spart 5 minuten styling-zeit (und verhindert kopfschmerzen)\">Lire plus<\/a><\/p>\n","protected":false},"author":1,"featured_media":12924,"comment_status":"","ping_status":"","sticky":false,"template":"","format":"standard","meta":{"footnotes":""},"categories":[48],"tags":[],"class_list":["post-12925","post","type-post","status-publish","format-standard","has-post-thumbnail","hentry","category-lebensstil"],"acf":[],"_yoast_wpseo_primary_category":null,"_yoast_wpseo_title":null,"_yoast_wpseo_metadesc":null,"_links":{"self":[{"href":"https:\/\/www.journee-mondiale.com\/de\/wp-json\/wp\/v2\/posts\/12925","targetHints":{"allow":["GET"]}}],"collection":[{"href":"https:\/\/www.journee-mondiale.com\/de\/wp-json\/wp\/v2\/posts"}],"about":[{"href":"https:\/\/www.journee-mondiale.com\/de\/wp-json\/wp\/v2\/types\/post"}],"author":[{"embeddable":true,"href":"https:\/\/www.journee-mondiale.com\/de\/wp-json\/wp\/v2\/users\/1"}],"replies":[{"embeddable":true,"href":"https:\/\/www.journee-mondiale.com\/de\/wp-json\/wp\/v2\/comments?post=12925"}],"version-history":[{"count":0,"href":"https:\/\/www.journee-mondiale.com\/de\/wp-json\/wp\/v2\/posts\/12925\/revisions"}],"wp:featuredmedia":[{"embeddable":true,"href":"https:\/\/www.journee-mondiale.com\/de\/wp-json\/wp\/v2\/media\/12924"}],"wp:attachment":[{"href":"https:\/\/www.journee-mondiale.com\/de\/wp-json\/wp\/v2\/media?parent=12925"}],"wp:term":[{"taxonomy":"category","embeddable":true,"href":"https:\/\/www.journee-mondiale.com\/de\/wp-json\/wp\/v2\/categories?post=12925"},{"taxonomy":"post_tag","embeddable":true,"href":"https:\/\/www.journee-mondiale.com\/de\/wp-json\/wp\/v2\/tags?post=12925"}],"curies":[{"name":"wp","href":"https:\/\/api.w.org\/{rel}","templated":true}]}}