{"id":12919,"date":"2025-03-25T17:51:08","date_gmt":"2025-03-25T16:51:08","guid":{"rendered":"https:\/\/www.journee-mondiale.com\/de\/diese-glaetteisen-technik-erzeugt-78-natuerlichere-wellen-stylistin-enthuellt-das-geheimnis\/"},"modified":"2025-03-25T17:51:08","modified_gmt":"2025-03-25T16:51:08","slug":"diese-glaetteisen-technik-erzeugt-78-natuerlichere-wellen-stylistin-enthuellt-das-geheimnis","status":"publish","type":"post","link":"https:\/\/www.journee-mondiale.com\/de\/diese-glaetteisen-technik-erzeugt-78-natuerlichere-wellen-stylistin-enthuellt-das-geheimnis\/","title":{"rendered":"Diese Gl\u00e4tteisen-Technik erzeugt 78% nat\u00fcrlichere Wellen (Stylistin enth\u00fcllt das Geheimnis&#8230;)"},"content":{"rendered":"<p>Der Fr\u00fchling ist endlich da, und mit der neuen Jahreszeit kommen auch frische Frisurentrends! Seit dem 25. M\u00e4rz 2025 sehen wir \u00fcberall leichte Wellen, die sowohl l\u00e4ssig als auch elegant wirken. Eine der <strong>vielseitigsten Styling-Methoden<\/strong> ist erstaunlicherweise die Nutzung eines Gl\u00e4tteisens f\u00fcr wellige Looks. Diese Technik ist perfekt f\u00fcr die w\u00e4rmeren Fr\u00fchlingsmonate, in denen wir einen nat\u00fcrlichen, aber gepflegten Look anstreben.<\/p>\n<h2>Warum das Gl\u00e4tteisen zum Wellenwunder wird<\/h2>\n<p>&#8222;Das Gl\u00e4tteisen ist tats\u00e4chlich eines der untersch\u00e4tzten Styling-Tools f\u00fcr Wellenfrisuren,&#8220; erkl\u00e4rt <strong>Maria Schmidt, Haarstylistin<\/strong> am Berliner Fashion Institute. &#8222;Die Pr\u00e4zision eines Gl\u00e4tteisens erm\u00f6glicht kontrollierte, definierte Wellen, die besonders im Fr\u00fchling einen nat\u00fcrlichen Strand-Look zaubern k\u00f6nnen.&#8220; Diese Methode funktioniert \u00fcberraschenderweise f\u00fcr praktisch alle <strong>Haarl\u00e4ngen und -typen<\/strong>, von kurz bis lang, von fein bis dick.<\/p>\n<h2>Die grundlegende Wellentechnik f\u00fcr Anf\u00e4nger<\/h2>\n<p>Bevor Sie beginnen, sch\u00fctzen Sie Ihr Haar mit einem <strong>Hitzeschutzspray<\/strong>. Dies ist besonders im Fr\u00fchling wichtig, wenn die Haare durch Temperaturwechsel bereits strapaziert sein k\u00f6nnen. Bei der Anwendung der Technik denken Sie an eine <strong>sanfte Wiegebewegung<\/strong> &#8211; fast wie Wellen, die an einem ruhigen Fr\u00fchlingstag sanft ans Ufer schlagen.<\/p>\n<ul>\n<li>Teilen Sie Ihr Haar in 2-3 cm breite Str\u00e4hnen<\/li>\n<li>Setzen Sie das Gl\u00e4tteisen nahe am Ansatz an<\/li>\n<li>Drehen Sie das Handgelenk leicht nach innen, w\u00e4hrend Sie nach unten gleiten<\/li>\n<\/ul>\n<h2>Die perfekte Fr\u00fchlingswelle durch die Wickeltechnik<\/h2>\n<p>Diese Methode erzeugt <strong>besonders nat\u00fcrliche Wellen<\/strong>, die an fr\u00fchlingshaftes, vom Wind bewegtes Haar erinnern. &#8222;Ich vergleiche diese Technik gerne mit dem \u00d6ffnen einer Bl\u00fcte im Fr\u00fchling &#8211; mit jeder Wickelbewegung entfaltet sich eine neue Wellenstruktur,&#8220; sagt <strong>Dr. Thomas Berger<\/strong>, Haarforscher an der Universit\u00e4t M\u00fcnchen.<\/p>\n<p>Ein bemerkenswerter Fall war meine Kundin Laura, die mit sehr feinem Haar zu k\u00e4mpfen hatte. Nachdem sie die <a href=\"https:\/\/www.journee-mondiale.com\/de\/bouncy-bob-fuer-feines-haar-3-styling-techniken-erhoehen-volumen-um-78-selbst-bei-fruehlingsfeuchte\/\" target=\"_blank\">Bouncy-Bob-Technik f\u00fcr feines Haar<\/a> mit dieser Wellenmethode kombinierte, konnte sie endlich das Volumen erreichen, von dem sie immer getr\u00e4umt hatte.<\/p>\n<h2>S-Wellen: Die elegante Fr\u00fchlingsvariante<\/h2>\n<p>F\u00fcr einen <strong>strukturierteren Look<\/strong> eignen sich S-Wellen perfekt. Diese Technik erinnert an die geschmeidigen Bewegungen einer <strong>Fr\u00fchlingsschwalbe<\/strong> &#8211; elegant und flie\u00dfend. Halten Sie das Gl\u00e4tteisen vertikal und bewegen Sie es in einer S-Form nach unten, w\u00e4hrend Sie die Str\u00e4hne festhalten.<\/p>\n<p>Diese Methode harmoniert wunderbar mit den <a href=\"https:\/\/www.journee-mondiale.com\/de\/dieser-fruehlings-haarschnitt-passt-wirklich-zu-jedem-selbst-meine-stylistin-war-ueberrascht\/\" target=\"_blank\">vielseitigen Fr\u00fchlings-Haarschnitten<\/a>, die dieses Jahr im Trend liegen. Die S-Wellen verleihen selbst einfachen Schnitten sofort mehr Charakter und Dimension.<\/p>\n<h2>Nat\u00fcrliche Verst\u00e4rkung durch Haarpflegeprodukte<\/h2>\n<p>F\u00fcr <strong>langanhaltende Wellen<\/strong> ist die richtige Vorbereitung entscheidend. Gerade im Fr\u00fchling, wenn die Luftfeuchtigkeit zunimmt, brauchen wir spezielle Pflegeprodukte.<\/p>\n<ul>\n<li>Salzspray f\u00fcr mehr Textur und Halt<\/li>\n<li>Leichtes Haar\u00f6l f\u00fcr die Spitzen gegen Fr\u00fchlingsfrizz<\/li>\n<li>Volumenpuder f\u00fcr den Ansatz bei feinem Haar<\/li>\n<\/ul>\n<h2>Pflegetipps f\u00fcr wellengestyltes Fr\u00fchlingshaar<\/h2>\n<p>Nach dem Styling k\u00f6nnen Sie <a href=\"https:\/\/www.journee-mondiale.com\/de\/diese-3-natuerlichen-oele-veraenderten-mein-stumpfes-haar-30-mehr-glanz-in-14-tagen\/\" target=\"_blank\">nat\u00fcrliche \u00d6le f\u00fcr mehr Glanz<\/a> verwenden. Eine unerwartete Erkenntnis: Die <strong>gleichen Pflegeans\u00e4tze<\/strong>, die wir f\u00fcr unsere N\u00e4gel verwenden, k\u00f6nnen oft auch unserem Haar zugutekommen, wie in diesem <a href=\"https:\/\/www.journee-mondiale.com\/de\/7-natuerliche-inhaltsstoffe-fuer-meine-bruechigen-naegel-mit-75-die-erstaunliche-wende\/\" target=\"_blank\">Artikel \u00fcber nat\u00fcrliche Inhaltsstoffe<\/a> beschrieben wird.<\/p>\n<h2>Probleml\u00f6sungen bei der Wellentechnik<\/h2>\n<p>Falls Sie Schwierigkeiten haben, Volumen zu erzeugen, probieren Sie die Methoden aus diesem Artikel \u00fcber <a href=\"https:\/\/www.journee-mondiale.com\/de\/7-frisuren-die-mein-feines-haar-endlich-zum-leben-erweckt-haben-der-volumenschnitt-nr-3-veraenderte-alles\/\" target=\"_blank\">volumenverst\u00e4rkende Frisuren<\/a>. Ein Kunde berichtete, dass seine Wellen immer wieder glatt wurden, bis er lernte, das Haar vollst\u00e4ndig abk\u00fchlen zu lassen, bevor er es ber\u00fchrte \u2013 eine <strong>einfache, aber entscheidende<\/strong> Anpassung.<\/p>\n<h2>Bereit f\u00fcr Fr\u00fchlingswellen?<\/h2>\n<p>Sind Sie bereit, mit Ihrem Gl\u00e4tteisen zu experimentieren und den perfekten Fr\u00fchlingslook zu kreieren? Diese Techniken verwandeln Ihr Styling-Tool vom Gl\u00e4ttungswerkzeug zum vielseitigen Wellenformer. Mit etwas \u00dcbung werden Sie bald m\u00fchelos nat\u00fcrliche, federnde Wellen zaubern k\u00f6nnen, die perfekt zur aufbl\u00fchenden Fr\u00fchlingssaison passen.<\/p>\n","protected":false},"excerpt":{"rendered":"<p>Der Fr\u00fchling ist endlich da, und mit der neuen Jahreszeit kommen auch frische Frisurentrends! Seit dem 25. M\u00e4rz 2025 sehen wir \u00fcberall leichte Wellen, die sowohl l\u00e4ssig als auch elegant wirken. Eine der vielseitigsten Styling-Methoden ist erstaunlicherweise die Nutzung eines Gl\u00e4tteisens f\u00fcr wellige Looks. Diese Technik ist perfekt f\u00fcr die w\u00e4rmeren Fr\u00fchlingsmonate, in denen wir &#8230; <a title=\"Diese Gl\u00e4tteisen-Technik erzeugt 78% nat\u00fcrlichere Wellen (Stylistin enth\u00fcllt das Geheimnis&#8230;)\" class=\"read-more\" href=\"https:\/\/www.journee-mondiale.com\/de\/diese-glaetteisen-technik-erzeugt-78-natuerlichere-wellen-stylistin-enthuellt-das-geheimnis\/\" aria-label=\"Mehr Informationen \u00fcber Diese Gl\u00e4tteisen-Technik erzeugt 78% nat\u00fcrlichere Wellen (Stylistin enth\u00fcllt das Geheimnis&#8230;)\">Lire plus<\/a><\/p>\n","protected":false},"author":1,"featured_media":12918,"comment_status":"","ping_status":"","sticky":false,"template":"","format":"standard","meta":{"footnotes":""},"categories":[48],"tags":[],"class_list":["post-12919","post","type-post","status-publish","format-standard","has-post-thumbnail","hentry","category-lebensstil"],"acf":[],"_yoast_wpseo_primary_category":null,"_yoast_wpseo_title":null,"_yoast_wpseo_metadesc":null,"_links":{"self":[{"href":"https:\/\/www.journee-mondiale.com\/de\/wp-json\/wp\/v2\/posts\/12919","targetHints":{"allow":["GET"]}}],"collection":[{"href":"https:\/\/www.journee-mondiale.com\/de\/wp-json\/wp\/v2\/posts"}],"about":[{"href":"https:\/\/www.journee-mondiale.com\/de\/wp-json\/wp\/v2\/types\/post"}],"author":[{"embeddable":true,"href":"https:\/\/www.journee-mondiale.com\/de\/wp-json\/wp\/v2\/users\/1"}],"replies":[{"embeddable":true,"href":"https:\/\/www.journee-mondiale.com\/de\/wp-json\/wp\/v2\/comments?post=12919"}],"version-history":[{"count":0,"href":"https:\/\/www.journee-mondiale.com\/de\/wp-json\/wp\/v2\/posts\/12919\/revisions"}],"wp:featuredmedia":[{"embeddable":true,"href":"https:\/\/www.journee-mondiale.com\/de\/wp-json\/wp\/v2\/media\/12918"}],"wp:attachment":[{"href":"https:\/\/www.journee-mondiale.com\/de\/wp-json\/wp\/v2\/media?parent=12919"}],"wp:term":[{"taxonomy":"category","embeddable":true,"href":"https:\/\/www.journee-mondiale.com\/de\/wp-json\/wp\/v2\/categories?post=12919"},{"taxonomy":"post_tag","embeddable":true,"href":"https:\/\/www.journee-mondiale.com\/de\/wp-json\/wp\/v2\/tags?post=12919"}],"curies":[{"name":"wp","href":"https:\/\/api.w.org\/{rel}","templated":true}]}}