{"id":12917,"date":"2025-03-25T16:36:39","date_gmt":"2025-03-25T15:36:39","guid":{"rendered":"https:\/\/www.journee-mondiale.com\/de\/7-natuerliche-inhaltsstoffe-fuer-meine-bruechigen-naegel-mit-75-die-erstaunliche-wende\/"},"modified":"2025-03-25T16:36:39","modified_gmt":"2025-03-25T15:36:39","slug":"7-natuerliche-inhaltsstoffe-fuer-meine-bruechigen-naegel-mit-75-die-erstaunliche-wende","status":"publish","type":"post","link":"https:\/\/www.journee-mondiale.com\/de\/7-natuerliche-inhaltsstoffe-fuer-meine-bruechigen-naegel-mit-75-die-erstaunliche-wende\/","title":{"rendered":"7 nat\u00fcrliche inhaltsstoffe f\u00fcr meine br\u00fcchigen n\u00e4gel (mit 75 die erstaunliche wende&#8230;)"},"content":{"rendered":"<p>Mit dem Beginn des Fr\u00fchlings 2025 erwachen nicht nur die Natur, sondern auch unsere H\u00e4nde aus dem Winterschlaf. Zeit, unseren N\u00e4geln besondere Aufmerksamkeit zu schenken! W\u00e4hrend synthetische Nagelpflegeprodukte oft kurzfristige L\u00f6sungen bieten, erleben wir eine Renaissance nat\u00fcrlicher Inhaltsstoffe, die unsere N\u00e4gel in jedem Alter <strong>nachhaltig st\u00e4rken<\/strong> k\u00f6nnen. Entdecken Sie die Kraft der Natur f\u00fcr strahlend gesunde N\u00e4gel &#8211; ganz ohne chemische Zus\u00e4tze.<\/p>\n<h2>Die Fr\u00fchlings-Renaissance nat\u00fcrlicher Nagel\u00f6le<\/h2>\n<p>Der Fr\u00fchling 2025 bringt eine R\u00fcckkehr zu pflegenden \u00d6len, die unsere Gro\u00dfm\u00fctter bereits zu sch\u00e4tzen wussten. <strong>Jojoba\u00f6l<\/strong> und Mandel\u00f6l erleben dabei ein besonderes Comeback. &#8222;N\u00e4gel sind nicht nur ein Accessoire; sie sind ein wesentlicher Teil unseres allgemeinen Wohlbefindens,&#8220; erkl\u00e4rt Nagelpflege-Expertin Dr. Sabine Berger. <a href=\"https:\/\/www.journee-mondiale.com\/de\/mit-75-jahren-staerker-als-je-zuvor-meine-naegel-wurden-durch-dieses-natuerliche-oel-in-nur-3-wochen-komplett-erneuert-so-einfach-gehts\/\" target=\"_blank\">Besonders \u00e4ltere Menschen berichten von erstaunlichen Ergebnissen<\/a> nach regelm\u00e4\u00dfiger Anwendung nat\u00fcrlicher \u00d6le.<\/p>\n<h2>Biotin &#8211; der N\u00e4hrstoff-Superstar f\u00fcr Ihre Nagelbetten<\/h2>\n<p>Wie ein G\u00e4rtner, der seinen Pflanzen den richtigen D\u00fcnger gibt, versorgt <strong>Biotin<\/strong> Ihre N\u00e4gel mit allem, was sie zum Wachsen brauchen. &#8222;Biotin, ein B-Vitamin, verbessert nachweislich die Nagelst\u00e4rke und das Wachstum,&#8220; best\u00e4tigt Ern\u00e4hrungsberaterin Julia Kormann. Eine Tasse Haferflocken zum Fr\u00fchst\u00fcck liefert bereits einen guten Anteil dieses N\u00e4hrstoffs, ebenso wie Eier und N\u00fcsse &#8211; perfekte Fr\u00fchlings-Energiespender.<\/p>\n<h2>Die Protein-Verbindung: Warum Ihre N\u00e4gel Eiwei\u00df lieben<\/h2>\n<p>Unsere N\u00e4gel bestehen haupts\u00e4chlich aus <strong>Keratin<\/strong>, einem Protein, das durch eine eiwei\u00dfreiche Ern\u00e4hrung gef\u00f6rdert wird. Im Fr\u00fchling bieten sich leichte Proteinquellen an:<\/p>\n<ul>\n<li>Griechischer Joghurt mit frischen Saisonbeeren<\/li>\n<li>Linsensprossen-Salat mit heimischem Gem\u00fcse<\/li>\n<li>Quinoa-Bowls mit zartem Fr\u00fchlingsgem\u00fcse<\/li>\n<\/ul>\n<h2>Cuticulapflege: Das \u00fcbersehene Geheimnis gesunder N\u00e4gel<\/h2>\n<p>&#8222;Als Nagelexpertin empfehle ich, die Nagelhaut sanft zur\u00fcckzuschieben statt sie zu schneiden,&#8220; verr\u00e4t Stylistin Marlene Weber. <strong>Sheabutter<\/strong> und Aloe Vera sind dabei nat\u00fcrliche Helfer, die gerade im Fr\u00fchjahr die noch vom Winter strapazierte Haut um den Nagel herum pflegen. Wie W\u00e4chter an einem Tor sch\u00fctzen gepflegte Cuticulen vor Bakterien und Pilzen.<\/p>\n<h2>Die Kraft des Oliven\u00f6ls: Mediterrane Nagelpflege<\/h2>\n<p>W\u00e4hrend <a href=\"https:\/\/www.journee-mondiale.com\/de\/ich-habe-5-leuchtende-nagellacke-getestet-und-warum-der-teuerste-mich-enttaeuscht-hat\/\" target=\"_blank\">Nagellacke kommen und gehen<\/a>, bleibt <strong>Oliven\u00f6l<\/strong> ein zeitloser Helfer. Ein warmes Oliven\u00f6lbad f\u00fcr 10 Minuten versorgt br\u00fcchige N\u00e4gel mit Feuchtigkeit und essentiellen Fetts\u00e4uren. Diese Tradition aus dem Mittelmeerraum passt perfekt zum erwachenden Fr\u00fchling und unterst\u00fctzt die Regeneration winterm\u00fcder N\u00e4gel.<\/p>\n<h2>Vitamin E: Der Anti-Aging-Held f\u00fcr Ihre Fingerspitzen<\/h2>\n<p>Wie ein Schutzschild gegen die Zeit wirkt <strong>Vitamin E<\/strong> auf Ihre N\u00e4gel. Es st\u00e4rkt nicht nur die Nagelstruktur, sondern sch\u00fctzt auch vor den ersten intensiven UV-Strahlen des Fr\u00fchlings. Nat\u00fcrliche Quellen sind N\u00fcsse, Samen und gr\u00fcnes Blattgem\u00fcse \u2013 alles Zutaten, die jetzt Saison haben.<\/p>\n<h2>Nachhaltige Nagelpflege-Trends f\u00fcr 2025<\/h2>\n<p>Der Fr\u00fchling 2025 bringt nicht nur neue Farben, sondern auch nachhaltigere Ans\u00e4tze in der Nagelpflege. <a href=\"https:\/\/www.journee-mondiale.com\/de\/diese-5-nail-trends-fuer-fruehjahr-2025-kreieren-ihre-persoenliche-fingerspitzen-revolution-und-warum-minimalismus-jetzt-mit-extravaganz-verschmilzt\/\" target=\"_blank\">Minimalistische Nageldesigns<\/a> kombiniert mit <strong>atmungsaktiven Lacken<\/strong> erm\u00f6glichen es Ihren N\u00e4geln, gesund zu bleiben w\u00e4hrend sie modisch aussehen.<\/p>\n<h2>Nagelgesundheit als Teil Ihrer Morgenroutine<\/h2>\n<p>Implementieren Sie diese gesunden Gewohnheiten f\u00fcr Fr\u00fchlingsstarke N\u00e4gel:<\/p>\n<ul>\n<li>T\u00e4gliche 2-Minuten-Massage der Nagelbetten mit Argan\u00f6l<\/li>\n<li>Ausreichend Wasser trinken, idealerweise mit einer Scheibe Zitrone<\/li>\n<li>Handschuhe beim G\u00e4rtnern und Fr\u00fchjahrsputz tragen<\/li>\n<\/ul>\n<h2>Von Hobby zur Profession: Die wachsende Nagelgesundheitsbranche<\/h2>\n<p>Der Trend zu nat\u00fcrlichen Inhaltsstoffen hat einen neuen Markt geschaffen. <a href=\"https:\/\/www.journee-mondiale.com\/de\/ich-habe-mein-nagelstudio-mit-77-wachstumsmarkt-im-fruehling-2025-eroeffnet-was-sie-vor-dem-start-wissen-muessen\/\" target=\"_blank\">Nagelstudios, die auf nat\u00fcrliche Pflege setzen<\/a>, erleben einen regelrechten Boom. Hier werden <strong>\u00f6kologische Behandlungen<\/strong> angeboten, die nicht nur die \u00c4sthetik, sondern auch die Gesundheit der N\u00e4gel f\u00f6rdern.<\/p>\n<p>K\u00f6nnte die Pflege Ihrer N\u00e4gel mehr sein als nur Kosmetik? <a href=\"https:\/\/www.journee-mondiale.com\/de\/warum-meine-5-minuten-handpflege-die-arthritis-schmerzen-im-fruehling-reduziert-was-experten-verschweigen\/\" target=\"_blank\">Die \u00fcberraschenden gesundheitlichen Vorteile<\/a> einer regelm\u00e4\u00dfigen Handpflege gehen \u00fcber das \u00c4sthetische hinaus. Der Fr\u00fchling 2025 l\u00e4dt uns ein, unsere Nagelpflege neu zu denken \u2013 nat\u00fcrlich, nachhaltig und mit Liebe zum Detail. Lassen Sie Ihre N\u00e4gel aufbl\u00fchen wie die ersten Fr\u00fchlingsblumen, mit der sanften Unterst\u00fctzung der Natur.<\/p>\n","protected":false},"excerpt":{"rendered":"<p>Mit dem Beginn des Fr\u00fchlings 2025 erwachen nicht nur die Natur, sondern auch unsere H\u00e4nde aus dem Winterschlaf. Zeit, unseren N\u00e4geln besondere Aufmerksamkeit zu schenken! W\u00e4hrend synthetische Nagelpflegeprodukte oft kurzfristige L\u00f6sungen bieten, erleben wir eine Renaissance nat\u00fcrlicher Inhaltsstoffe, die unsere N\u00e4gel in jedem Alter nachhaltig st\u00e4rken k\u00f6nnen. Entdecken Sie die Kraft der Natur f\u00fcr strahlend &#8230; <a title=\"7 nat\u00fcrliche inhaltsstoffe f\u00fcr meine br\u00fcchigen n\u00e4gel (mit 75 die erstaunliche wende&#8230;)\" class=\"read-more\" href=\"https:\/\/www.journee-mondiale.com\/de\/7-natuerliche-inhaltsstoffe-fuer-meine-bruechigen-naegel-mit-75-die-erstaunliche-wende\/\" aria-label=\"Mehr Informationen \u00fcber 7 nat\u00fcrliche inhaltsstoffe f\u00fcr meine br\u00fcchigen n\u00e4gel (mit 75 die erstaunliche wende&#8230;)\">Lire plus<\/a><\/p>\n","protected":false},"author":1,"featured_media":12916,"comment_status":"","ping_status":"","sticky":false,"template":"","format":"standard","meta":{"footnotes":""},"categories":[48],"tags":[],"class_list":["post-12917","post","type-post","status-publish","format-standard","has-post-thumbnail","hentry","category-lebensstil"],"acf":[],"_yoast_wpseo_primary_category":null,"_yoast_wpseo_title":null,"_yoast_wpseo_metadesc":null,"_links":{"self":[{"href":"https:\/\/www.journee-mondiale.com\/de\/wp-json\/wp\/v2\/posts\/12917","targetHints":{"allow":["GET"]}}],"collection":[{"href":"https:\/\/www.journee-mondiale.com\/de\/wp-json\/wp\/v2\/posts"}],"about":[{"href":"https:\/\/www.journee-mondiale.com\/de\/wp-json\/wp\/v2\/types\/post"}],"author":[{"embeddable":true,"href":"https:\/\/www.journee-mondiale.com\/de\/wp-json\/wp\/v2\/users\/1"}],"replies":[{"embeddable":true,"href":"https:\/\/www.journee-mondiale.com\/de\/wp-json\/wp\/v2\/comments?post=12917"}],"version-history":[{"count":0,"href":"https:\/\/www.journee-mondiale.com\/de\/wp-json\/wp\/v2\/posts\/12917\/revisions"}],"wp:featuredmedia":[{"embeddable":true,"href":"https:\/\/www.journee-mondiale.com\/de\/wp-json\/wp\/v2\/media\/12916"}],"wp:attachment":[{"href":"https:\/\/www.journee-mondiale.com\/de\/wp-json\/wp\/v2\/media?parent=12917"}],"wp:term":[{"taxonomy":"category","embeddable":true,"href":"https:\/\/www.journee-mondiale.com\/de\/wp-json\/wp\/v2\/categories?post=12917"},{"taxonomy":"post_tag","embeddable":true,"href":"https:\/\/www.journee-mondiale.com\/de\/wp-json\/wp\/v2\/tags?post=12917"}],"curies":[{"name":"wp","href":"https:\/\/api.w.org\/{rel}","templated":true}]}}