{"id":12899,"date":"2025-03-25T09:55:52","date_gmt":"2025-03-25T08:55:52","guid":{"rendered":"https:\/\/www.journee-mondiale.com\/de\/pro-aging-statt-anti-aging-meine-5-fruehlings-geheimnisse-fuer-strahlende-haut-ab-40-und-warum-vitamin-c-der-schluessel-ist\/"},"modified":"2025-03-25T09:55:52","modified_gmt":"2025-03-25T08:55:52","slug":"pro-aging-statt-anti-aging-meine-5-fruehlings-geheimnisse-fuer-strahlende-haut-ab-40-und-warum-vitamin-c-der-schluessel-ist","status":"publish","type":"post","link":"https:\/\/www.journee-mondiale.com\/de\/pro-aging-statt-anti-aging-meine-5-fruehlings-geheimnisse-fuer-strahlende-haut-ab-40-und-warum-vitamin-c-der-schluessel-ist\/","title":{"rendered":"Pro-Aging statt Anti-Aging: Meine 5 Fr\u00fchlings-Geheimnisse f\u00fcr strahlende Haut ab 40 (und warum Vitamin C der Schl\u00fcssel ist)"},"content":{"rendered":"<p>Der Fr\u00fchling ist da, und mit ihm die Zeit, unsere Hautpflege neu zu \u00fcberdenken. Besonders f\u00fcr Frauen ab 40 bringt jede Jahreszeit spezielle Herausforderungen mit sich. <strong>Pro-Aging<\/strong> statt Anti-Aging lautet die Devise im Fr\u00fchling 2025 \u2013 ein Ansatz, der die nat\u00fcrliche Sch\u00f6nheit reifer Haut zelebriert, anstatt sie zu bek\u00e4mpfen.<\/p>\n<h2>Warum sich unsere Haut ab 40 ver\u00e4ndert<\/h2>\n<p>Ab dem 40. Lebensjahr verlangsamt sich die <strong>Zellerneuerung<\/strong> sp\u00fcrbar. &#8222;In diesem Alter produziert die Haut etwa 1% weniger Kollagen pro Jahr, was zu einer d\u00fcnneren Hautstruktur f\u00fchrt,&#8220; erkl\u00e4rt Dr. Maria Weber, Dermatologin aus M\u00fcnchen. Die Fr\u00fchlingssonne kann jetzt schneller Pigmentflecken verursachen, w\u00e4hrend gleichzeitig die Haut mehr Feuchtigkeit ben\u00f6tigt.<\/p>\n<h2>Die wichtigsten Inhaltsstoffe f\u00fcr den Fr\u00fchlings-Glow<\/h2>\n<p>Wie eine durstende Pflanze nach dem Winter braucht auch unsere Haut jetzt besondere N\u00e4hrstoffe. <strong>Vitamin C<\/strong> ist der Star unter den Fr\u00fchlingsinhaltsstoffen \u2013 es bek\u00e4mpft freie Radikale und hellt Pigmentflecken auf. Gleichzeitig sorgt <strong>Hyalurons\u00e4ure<\/strong> f\u00fcr intensive Feuchtigkeit, die nach den trockenen Wintermonaten dringend ben\u00f6tigt wird.<\/p>\n<h2>Sanfte Reinigung als Basis jeder Pflegeroutine<\/h2>\n<p>Die Grundlage jeder effektiven <a href=\"https:\/\/www.journee-mondiale.com\/de\/category\/lebensstil\/\" target=\"_blank\">Gesunde Hautpflege-Routine<\/a> ist eine gr\u00fcndliche, aber sanfte Reinigung. &#8222;Aggressive Reinigungsmittel k\u00f6nnen die Hautbarriere besch\u00e4digen, die mit zunehmendem Alter ohnehin fragiler wird,&#8220; warnt Kosmetikerin Anna Schmidt. Verwenden Sie stattdessen <strong>milde Reinigungsmilch<\/strong> oder \u00d6le, die die nat\u00fcrliche Hautbarriere respektieren.<\/p>\n<h2>Die Kraft der aktiven Inhaltsstoffe nutzen<\/h2>\n<p>F\u00fcr die Fr\u00fchjahrspflege ab 40 empfehlen Experten:<\/p>\n<ul>\n<li><strong>Retinol<\/strong>: Abends auftragen f\u00fcr Zellerneuerung und Kollagenaufbau<\/li>\n<li><strong>Niacinamid<\/strong>: Beruhigt gereizte Haut und st\u00e4rkt die Hautbarriere<\/li>\n<li><strong>Peptide<\/strong>: Unterst\u00fctzen die Hautfestigkeit und -elastizit\u00e4t<\/li>\n<\/ul>\n<h2>Nachhaltigkeit als neuer Sch\u00f6nheitstrend<\/h2>\n<p>Der Fr\u00fchling 2025 steht im Zeichen nachhaltiger Hautpflege. &#8222;Heutzutage m\u00f6chten Frauen nicht nur gut aussehen, sondern auch verantwortungsbewusst handeln,&#8220; beobachtet <strong>Trendforscherin<\/strong> Claudia Meier. Statt zahlreicher Produkte setzen immer mehr auf wenige, aber hochwertige Multitasking-Formeln \u2013 gut f\u00fcr die Haut und die Umwelt.<\/p>\n<h2>Sonnenschutz \u2013 jetzt wichtiger denn je<\/h2>\n<p>Die Fr\u00fchlingssonne ist wie ein falscher Freund \u2013 sie f\u00fchlt sich angenehm an, kann aber erheblichen Schaden anrichten. Ein <strong>LSF 30-50<\/strong> sollte t\u00e4glich angewendet werden, auch bei bew\u00f6lktem Himmel. Dies verhindert nicht nur vorzeitige Hautalterung, sondern reduziert auch das Risiko von Pigmentflecken, die ab 40 h\u00e4ufiger auftreten.<\/p>\n<h2>Spezialprodukte f\u00fcr die \u00dcbergangszeit<\/h2>\n<p>Produkte wie <strong>Elizabeth Arden Advanced Ceramide Capsules<\/strong> sind wahre Allesk\u00f6nner f\u00fcr den Jahreszeitenwechsel. Sie st\u00e4rken die Hautbarriere und spenden intensiv Feuchtigkeit. Auch <strong>KORRES WHITE PINE Meno Reverse<\/strong> wurde speziell f\u00fcr die Bed\u00fcrfnisse reifer Haut entwickelt und unterst\u00fctzt die <a href=\"https:\/\/www.journee-mondiale.com\/de\/feed\/\" target=\"_blank\">Neueste Hautpflegeprodukte<\/a>, die gezielt auf hormonelle Ver\u00e4nderungen reagieren.<\/p>\n<h2>Der Pro-Aging Mindset<\/h2>\n<p>Pro-Aging ist wie ein neues Kapitel in einem guten Buch \u2013 es geht nicht darum, zur\u00fcckzubl\u00e4ttern, sondern die neue Seite zu genie\u00dfen. <strong>Selbstakzeptanz<\/strong> verbessert nachweislich das Hautbild, da Stress einer der gr\u00f6\u00dften Feinde gesunder Haut ist. Dieser moderne <a href=\"https:\/\/www.journee-mondiale.com\/de\/category\/reisen\/\" target=\"_blank\">Hautpflege auf Reisen<\/a> Ansatz findet immer mehr Anh\u00e4nger.<\/p>\n<h2>Praktische Tipps f\u00fcr den Alltag<\/h2>\n<ul>\n<li>Morgens: Sanfte Reinigung, Vitamin-C-Serum, Feuchtigkeitspflege mit LSF<\/li>\n<li>Abends: Gr\u00fcndliche Reinigung, aktive Wirkstoffe wie Retinol, reichhaltige Nachtpflege<\/li>\n<li>W\u00f6chentlich: Sanftes Peeling und eine feuchtigkeitsspendende Maske<\/li>\n<\/ul>\n<p>Wie sieht Ihre pers\u00f6nliche Sch\u00f6nheitsreise in diesem Fr\u00fchling aus? Denken Sie daran: Die beste Hautpflege ist die, die Sie konsequent anwenden und die Ihre individuelle Hautbeschaffenheit respektiert. Probieren Sie neue <a href=\"https:\/\/www.journee-mondiale.com\/de\/\" target=\"_blank\">Hautpflegetrends in Deutschland<\/a> mit Bedacht aus und achten Sie immer auf die <a href=\"https:\/\/www.journee-mondiale.com\/de\/juridisk-informationen\/\" target=\"_blank\">Hautpflegevorschriften in der EU<\/a> f\u00fcr sichere und effektive Ergebnisse.<\/p>\n","protected":false},"excerpt":{"rendered":"<p>Der Fr\u00fchling ist da, und mit ihm die Zeit, unsere Hautpflege neu zu \u00fcberdenken. Besonders f\u00fcr Frauen ab 40 bringt jede Jahreszeit spezielle Herausforderungen mit sich. Pro-Aging statt Anti-Aging lautet die Devise im Fr\u00fchling 2025 \u2013 ein Ansatz, der die nat\u00fcrliche Sch\u00f6nheit reifer Haut zelebriert, anstatt sie zu bek\u00e4mpfen. Warum sich unsere Haut ab 40 &#8230; <a title=\"Pro-Aging statt Anti-Aging: Meine 5 Fr\u00fchlings-Geheimnisse f\u00fcr strahlende Haut ab 40 (und warum Vitamin C der Schl\u00fcssel ist)\" class=\"read-more\" href=\"https:\/\/www.journee-mondiale.com\/de\/pro-aging-statt-anti-aging-meine-5-fruehlings-geheimnisse-fuer-strahlende-haut-ab-40-und-warum-vitamin-c-der-schluessel-ist\/\" aria-label=\"Mehr Informationen \u00fcber Pro-Aging statt Anti-Aging: Meine 5 Fr\u00fchlings-Geheimnisse f\u00fcr strahlende Haut ab 40 (und warum Vitamin C der Schl\u00fcssel ist)\">Lire plus<\/a><\/p>\n","protected":false},"author":1,"featured_media":12898,"comment_status":"","ping_status":"","sticky":false,"template":"","format":"standard","meta":{"footnotes":""},"categories":[48],"tags":[],"class_list":["post-12899","post","type-post","status-publish","format-standard","has-post-thumbnail","hentry","category-lebensstil"],"acf":[],"_yoast_wpseo_primary_category":null,"_yoast_wpseo_title":null,"_yoast_wpseo_metadesc":null,"_links":{"self":[{"href":"https:\/\/www.journee-mondiale.com\/de\/wp-json\/wp\/v2\/posts\/12899","targetHints":{"allow":["GET"]}}],"collection":[{"href":"https:\/\/www.journee-mondiale.com\/de\/wp-json\/wp\/v2\/posts"}],"about":[{"href":"https:\/\/www.journee-mondiale.com\/de\/wp-json\/wp\/v2\/types\/post"}],"author":[{"embeddable":true,"href":"https:\/\/www.journee-mondiale.com\/de\/wp-json\/wp\/v2\/users\/1"}],"replies":[{"embeddable":true,"href":"https:\/\/www.journee-mondiale.com\/de\/wp-json\/wp\/v2\/comments?post=12899"}],"version-history":[{"count":0,"href":"https:\/\/www.journee-mondiale.com\/de\/wp-json\/wp\/v2\/posts\/12899\/revisions"}],"wp:featuredmedia":[{"embeddable":true,"href":"https:\/\/www.journee-mondiale.com\/de\/wp-json\/wp\/v2\/media\/12898"}],"wp:attachment":[{"href":"https:\/\/www.journee-mondiale.com\/de\/wp-json\/wp\/v2\/media?parent=12899"}],"wp:term":[{"taxonomy":"category","embeddable":true,"href":"https:\/\/www.journee-mondiale.com\/de\/wp-json\/wp\/v2\/categories?post=12899"},{"taxonomy":"post_tag","embeddable":true,"href":"https:\/\/www.journee-mondiale.com\/de\/wp-json\/wp\/v2\/tags?post=12899"}],"curies":[{"name":"wp","href":"https:\/\/api.w.org\/{rel}","templated":true}]}}