{"id":12889,"date":"2025-03-25T00:34:51","date_gmt":"2025-03-24T23:34:51","guid":{"rendered":"https:\/\/www.journee-mondiale.com\/de\/ich-habe-5-leuchtende-nagellacke-getestet-und-warum-der-teuerste-mich-enttaeuscht-hat\/"},"modified":"2025-03-25T00:34:51","modified_gmt":"2025-03-24T23:34:51","slug":"ich-habe-5-leuchtende-nagellacke-getestet-und-warum-der-teuerste-mich-enttaeuscht-hat","status":"publish","type":"post","link":"https:\/\/www.journee-mondiale.com\/de\/ich-habe-5-leuchtende-nagellacke-getestet-und-warum-der-teuerste-mich-enttaeuscht-hat\/","title":{"rendered":"Ich habe 5 leuchtende Nagellacke getestet (und warum der teuerste mich entt\u00e4uscht hat)"},"content":{"rendered":"<p>Die Farbexplosion beginnt: Hochpigmentierte Nagellacke erobern den Fr\u00fchling 2025 mit intensiver Leuchtkraft und unwiderstehlichem Glanz. W\u00e4hrend die Natur zum Leben erwacht, spiegelt sich diese Energie in den aktuellsten Nail-Trends wider &#8211; von sanften Pastellt\u00f6nen bis hin zu kr\u00e4ftigen Neonfarben. Diese Saison steht ganz im Zeichen ausdrucksstarker Farben, die zum kreativen Experimentieren einladen.<\/p>\n<h2>Der Fr\u00fchlingstrend: Intensive Farbpigmente als Statement<\/h2>\n<p>In diesem Fr\u00fchjahr 2025 erleben wir eine wahre Renaissance <strong>hochpigmentierter Nagellacke<\/strong>. &#8222;Nach Jahren der Dominanz klassischer Rott\u00f6ne sehnen sich die Menschen nach Abwechslung und Lebendigkeit auf ihren Fingerspitzen&#8220;, erkl\u00e4rt Nagelexpertin Christina Weber aus M\u00fcnchen. Besonders angesagt sind Lavendel, Mintgr\u00fcn und leuchtende Neons, die wie ein frischer Windhauch die Nagel-Szene beleben.<\/p>\n<h2>Warum die Deutschen auf Farbintensit\u00e4t setzen<\/h2>\n<p>Der Trend zu satten Farben ist wie ein aufbl\u00fchender Garten nach einem langen Winter &#8211; er signalisiert <strong>Neuanfang und Lebenslust<\/strong>. &#8222;Hochpigmentierte Nagellacke sind nicht nur trendsicher, sondern auch perfekt f\u00fcr ein Statement-Look&#8220;, best\u00e4tigt Bianca Heinicke, einflussreiche Beauty-Influencerin. Gerade in urbanen Zentren wie Berlin und Hamburg experimentieren Menschen zunehmend mit ausdrucksst\u00e4rkeren Looks.<\/p>\n<h2>Die Farbpalette des Fr\u00fchlings 2025<\/h2>\n<p>Die aktuellen Must-haves f\u00fcr jeden Nagellack-Enthusiasten umfassen:<\/p>\n<ul>\n<li>Pastellige Nuancen wie Lavendel und Mintgr\u00fcn<\/li>\n<li>Erdige T\u00f6ne wie Terrakotta und Moosgr\u00fcn<\/li>\n<li>Elektrisierende Neon-Farben in Pink und Orange<\/li>\n<li>Metallische Finishes mit besonders starkem Pigmentanteil<\/li>\n<\/ul>\n<h2>Innovative Technologien f\u00fcr maximale Farbbrillanz<\/h2>\n<p>Die <strong>technologische Evolution<\/strong> im Nagellackbereich hat magnetische Formulierungen hervorgebracht, die faszinierende Velvet- und Glas-Effekte erzeugen. Diese verst\u00e4rken die Farbintensit\u00e4t und verleihen den N\u00e4geln eine au\u00dfergew\u00f6hnliche Tiefenwirkung. Wie Schmetterlinge, die ihre Fl\u00fcgel im Sonnenlicht entfalten, reflektieren diese Lacke das Licht auf beeindruckende Weise.<\/p>\n<h2>Praktische Anwendungstipps f\u00fcr perfekte Ergebnisse<\/h2>\n<p>Um die volle Strahlkraft hochpigmentierter Lacke zu entfalten, empfehlen Experten folgende Schritte:<\/p>\n<ul>\n<li>N\u00e4gel gr\u00fcndlich vorbereiten und einen qualitativ hochwertigen Basecoat auftragen<\/li>\n<li>Zwei d\u00fcnne Schichten statt einer dicken Schicht f\u00fcr gleichm\u00e4\u00dfige Farbverteilung nutzen<\/li>\n<li>Zwischen den Schichten vollst\u00e4ndig trocknen lassen f\u00fcr intensivere <strong>Farbs\u00e4ttigung<\/strong><\/li>\n<\/ul>\n<p>Besonders effektiv ist die Anwendung dieser Techniken am <a href=\"https:\/\/www.journee-mondiale.com\/de\/249\/schoenheits-tag.htm\" target=\"_blank\">Sch\u00f6nheits-Tag<\/a>, wo man sich bewusst Zeit f\u00fcr ausgiebige Nagelpflege nehmen kann.<\/p>\n<h2>Nageldesigns, die den Fr\u00fchling zum Leben erwecken<\/h2>\n<p>Der Trend geht weit \u00fcber einfarbige N\u00e4gel hinaus. &#8222;Die 3D-Nagelkunst erlebt einen enormen Aufschwung&#8220;, verr\u00e4t Nagelstylistin Christin Richter. &#8222;Besonders beliebt sind Schildpatt-Muster und filigrane Bl\u00fctendesigns &#8211; perfekt f\u00fcr den Fr\u00fchling.&#8220; Die kreative <a href=\"https:\/\/www.journee-mondiale.com\/de\/433\/tag-der-kunst.htm\" target=\"_blank\">Tag der Kunst<\/a>-Bewegung inspiriert zunehmend auch die Nageldesign-Community.<\/p>\n<h2>Deutsche Marken setzen auf Nachhaltigkeit<\/h2>\n<p>Im Einklang mit dem wachsenden <strong>Umweltbewusstsein<\/strong> in Deutschland bieten immer mehr heimische Marken nachhaltige Alternativen an. &#8222;Unsere Kunden wollen keine Kompromisse mehr zwischen Farbintensit\u00e4t und Umweltvertr\u00e4glichkeit eingehen&#8220;, erkl\u00e4rt ein Sprecher von Gitti, die Nagellacke mit bis zu 82% pflanzlichen Inhaltsstoffen anbieten. Diese Entwicklung ist Teil eines gr\u00f6\u00dferen Bewusstseins zum <a href=\"https:\/\/www.journee-mondiale.com\/de\/272\/tag-der-nachhaltigkeit.htm\" target=\"_blank\">Tag der Nachhaltigkeit<\/a>.<\/p>\n<h2>Internationale Einfl\u00fcsse auf deutschen Nagellack-Stil<\/h2>\n<p>Die deutsche Nagelmodewelt ist wie ein Schmelztiegel verschiedener kultureller Einfl\u00fcsse. W\u00e4hrend in Bayern klassischere T\u00f6ne bevorzugt werden, experimentieren Gro\u00dfst\u00e4dter mit avantgardistischeren Looks aus internationalen Modemetropolen. Diese kulturelle Vielfalt beim <a href=\"https:\/\/www.journee-mondiale.com\/de\/515\/tag-der-kulturellen-vielfalt.htm\" target=\"_blank\">Tag der kulturellen Vielfalt<\/a> spiegelt sich auch in der Nagelkunst wider.<\/p>\n<h2>Welche Farbe w\u00e4hlst du f\u00fcr deine Fr\u00fchlings-Transformation?<\/h2>\n<p>Der Wechsel zu hochpigmentierten Nagellacken ist mehr als nur ein modisches Statement &#8211; er ist eine M\u00f6glichkeit, deine Pers\u00f6nlichkeit zum Ausdruck zu bringen und die Lebensfreude des Fr\u00fchlings auf deinen Fingerspitzen zu tragen. Wage es, mit intensiven Farben zu experimentieren und deinen ganz pers\u00f6nlichen Stil beim <a href=\"https:\/\/www.journee-mondiale.com\/de\/461\/tag-des-stils.htm\" target=\"_blank\">Tag des Stils<\/a> zu entdecken. Deine N\u00e4gel sind die perfekte Leinwand f\u00fcr deine kreative Entfaltung in diesem farbenfrohen Fr\u00fchling 2025.<\/p>\n","protected":false},"excerpt":{"rendered":"<p>Die Farbexplosion beginnt: Hochpigmentierte Nagellacke erobern den Fr\u00fchling 2025 mit intensiver Leuchtkraft und unwiderstehlichem Glanz. W\u00e4hrend die Natur zum Leben erwacht, spiegelt sich diese Energie in den aktuellsten Nail-Trends wider &#8211; von sanften Pastellt\u00f6nen bis hin zu kr\u00e4ftigen Neonfarben. Diese Saison steht ganz im Zeichen ausdrucksstarker Farben, die zum kreativen Experimentieren einladen. Der Fr\u00fchlingstrend: Intensive &#8230; <a title=\"Ich habe 5 leuchtende Nagellacke getestet (und warum der teuerste mich entt\u00e4uscht hat)\" class=\"read-more\" href=\"https:\/\/www.journee-mondiale.com\/de\/ich-habe-5-leuchtende-nagellacke-getestet-und-warum-der-teuerste-mich-enttaeuscht-hat\/\" aria-label=\"Mehr Informationen \u00fcber Ich habe 5 leuchtende Nagellacke getestet (und warum der teuerste mich entt\u00e4uscht hat)\">Lire plus<\/a><\/p>\n","protected":false},"author":1,"featured_media":12888,"comment_status":"","ping_status":"","sticky":false,"template":"","format":"standard","meta":{"footnotes":""},"categories":[48],"tags":[],"class_list":["post-12889","post","type-post","status-publish","format-standard","has-post-thumbnail","hentry","category-lebensstil"],"acf":[],"_yoast_wpseo_primary_category":null,"_yoast_wpseo_title":null,"_yoast_wpseo_metadesc":null,"_links":{"self":[{"href":"https:\/\/www.journee-mondiale.com\/de\/wp-json\/wp\/v2\/posts\/12889","targetHints":{"allow":["GET"]}}],"collection":[{"href":"https:\/\/www.journee-mondiale.com\/de\/wp-json\/wp\/v2\/posts"}],"about":[{"href":"https:\/\/www.journee-mondiale.com\/de\/wp-json\/wp\/v2\/types\/post"}],"author":[{"embeddable":true,"href":"https:\/\/www.journee-mondiale.com\/de\/wp-json\/wp\/v2\/users\/1"}],"replies":[{"embeddable":true,"href":"https:\/\/www.journee-mondiale.com\/de\/wp-json\/wp\/v2\/comments?post=12889"}],"version-history":[{"count":0,"href":"https:\/\/www.journee-mondiale.com\/de\/wp-json\/wp\/v2\/posts\/12889\/revisions"}],"wp:featuredmedia":[{"embeddable":true,"href":"https:\/\/www.journee-mondiale.com\/de\/wp-json\/wp\/v2\/media\/12888"}],"wp:attachment":[{"href":"https:\/\/www.journee-mondiale.com\/de\/wp-json\/wp\/v2\/media?parent=12889"}],"wp:term":[{"taxonomy":"category","embeddable":true,"href":"https:\/\/www.journee-mondiale.com\/de\/wp-json\/wp\/v2\/categories?post=12889"},{"taxonomy":"post_tag","embeddable":true,"href":"https:\/\/www.journee-mondiale.com\/de\/wp-json\/wp\/v2\/tags?post=12889"}],"curies":[{"name":"wp","href":"https:\/\/api.w.org\/{rel}","templated":true}]}}