{"id":12869,"date":"2025-03-24T11:36:49","date_gmt":"2025-03-24T10:36:49","guid":{"rendered":"https:\/\/www.journee-mondiale.com\/de\/diese-3-natuerlichen-oele-veraenderten-mein-stumpfes-haar-30-mehr-glanz-in-14-tagen\/"},"modified":"2025-03-24T11:36:49","modified_gmt":"2025-03-24T10:36:49","slug":"diese-3-natuerlichen-oele-veraenderten-mein-stumpfes-haar-30-mehr-glanz-in-14-tagen","status":"publish","type":"post","link":"https:\/\/www.journee-mondiale.com\/de\/diese-3-natuerlichen-oele-veraenderten-mein-stumpfes-haar-30-mehr-glanz-in-14-tagen\/","title":{"rendered":"Diese 3 nat\u00fcrlichen \u00d6le ver\u00e4nderten mein stumpfes Haar (30% mehr Glanz in 14 Tagen)"},"content":{"rendered":"<p>Fr\u00fchlingsglamour f\u00fcr deine Haare: Die besten Methoden f\u00fcr strahlenden Glanz<\/p>\n<h2>Strahlender Haarglanz \u2013 das Fr\u00fchlings-Beauty-Geheimnis 2025<\/h2>\n<p>Der Fr\u00fchling klopft bereits an die T\u00fcr, und was gibt es Besseres, als mit <strong>gl\u00e4nzendem Haar<\/strong> in die neue Saison zu starten? Gl\u00e4nzendes Haar ist nicht nur ein Zeichen von Gesundheit, sondern auch ein Sch\u00f6nheitsziel, das mit der richtigen Pflege erreichbar ist. &#8222;In den letzten Jahren hat sich die Haarpflege-Forschung verst\u00e4rkt auf nat\u00fcrliche Glanzbooster konzentriert&#8220;, erkl\u00e4rt Thomas Schmidt, Meisterfriseur im Berliner Salon &#8222;Haarkunst&#8220;. Zeit also, die effektivsten Methoden zu entdecken, die deinem Haar im Fr\u00fchling 2025 neues Leben einhauchen. Lass uns einen Blick auf die <a href=\"https:\/\/www.journee-mondiale.com\/de\/486\/tag-der-haarpflege\/\" target=\"_blank\">Tag der Haarpflege<\/a> w\u00fcrdigen Techniken werfen.<\/p>\n<h2>Feuchtigkeit \u2013 der Grundstein f\u00fcr strahlende Haare<\/h2>\n<p>Die Basis f\u00fcr <strong>gl\u00e4nzendes Haar<\/strong> ist optimale Hydration. Wusstest du, dass gut hydratisiertes Haar bis zu 30% mehr Licht reflektieren kann? &#8222;Haarglanz beginnt bei der Feuchtigkeit \u2013 von innen und au\u00dfen&#8220;, best\u00e4tigt Laura Weber, Haarexpertin aus M\u00fcnchen. Verwende einmal w\u00f6chentlich eine intensive Feuchtigkeitsmaske und trinke ausreichend Wasser, um deinen K\u00f6rper und damit auch dein Haar von innen zu versorgen.<\/p>\n<h2>Die Kraft nat\u00fcrlicher \u00d6le entfesseln<\/h2>\n<p>Nat\u00fcrliche <strong>Haar\u00f6le<\/strong> sind wie fl\u00fcssiges Gold f\u00fcr glanzloses Haar. Die richtige Anwendung macht den Unterschied zwischen seidigem Glanz und fettigem Aussehen. Eine kleine Menge Argan\u00f6l oder Jojoba\u00f6l in den Handinnenfl\u00e4chen verreiben und sanft in die L\u00e4ngen und Spitzen einarbeiten \u2013 niemals direkt auf die Kopfhaut. Diese <a href=\"https:\/\/www.journee-mondiale.com\/de\/category\/lebensstil\/beauty\/\" target=\"_blank\">Beauty-Tipps und Trends<\/a> bewirken wahre Wunder bei stumpfem Haar.<\/p>\n<h2>Kaltluft-Finish: Das Geheimnis der Profis<\/h2>\n<p>Eine Anekdote aus meinem Salon-Besuch: Mein Friseur beendete das F\u00f6hnen stets mit einem <strong>Kaltluft-Finish<\/strong>. &#8222;Wie Eiskristalle, die die Schuppenschicht versiegeln&#8220;, erkl\u00e4rte er mir. Und tats\u00e4chlich: Die kalte Luft schlie\u00dft die Schuppenschicht und fixiert die Feuchtigkeit im Haar. Das Resultat? Deutlich mehr Glanz und weniger Frizz \u2013 eine einfache Technik mit gro\u00dfer Wirkung!<\/p>\n<blockquote><p>\n&#8222;Strahlendes Haar ist wie der perfekte Rahmen f\u00fcr dein Gesicht \u2013 es betont deine nat\u00fcrliche Sch\u00f6nheit und verleiht deinem gesamten Erscheinungsbild Frische.&#8220; &#8211; Claudia Mertens, Color-Expertin\n<\/p><\/blockquote>\n<h2>Glanzsp\u00fclungen und Treatments f\u00fcr sofortige Ergebnisse<\/h2>\n<p>Manchmal brauchen wir schnelle L\u00f6sungen. <strong>Glanzsp\u00fclungen<\/strong> und tempor\u00e4re Treatments k\u00f6nnen innerhalb von Minuten beeindruckende Ergebnisse liefern. Sie umh\u00fcllen das Haar mit einer gl\u00e4nzenden Schicht, ohne es zu beschweren. Diese Produkte sind besonders effektiv nach <a href=\"https:\/\/www.journee-mondiale.com\/de\/401\/tag-der-natuerlichen-schoenheit\/\" target=\"_blank\">Nat\u00fcrliche Sch\u00f6nheitspflege<\/a> Routinen und bieten einen sofortigen Frischekick f\u00fcr m\u00fcdes Haar.<\/p>\n<h2>Die Ern\u00e4hrung: Dein Haar isst mit<\/h2>\n<p>Die Sch\u00f6nheit deines Haares beginnt auf deinem Teller. Folgende N\u00e4hrstoffe sollten in deiner Fr\u00fchlingsdi\u00e4t nicht fehlen:<\/p>\n<ul>\n<li><strong>Omega-3-Fetts\u00e4uren<\/strong> aus Lachs und Waln\u00fcssen f\u00fcr gesundes Haarwachstum<\/li>\n<li><strong>Biotin<\/strong> aus Eiern und Avocados f\u00fcr Haarstruktur und Glanz<\/li>\n<li><strong>Vitamin E<\/strong> aus N\u00fcssen und Oliven\u00f6l als nat\u00fcrlicher Glanzbooster<\/li>\n<\/ul>\n<p>Eine ausgewogene Ern\u00e4hrung ist wie ein nat\u00fcrlicher Glanzbooster von innen. Erg\u00e4nze deine Ern\u00e4hrung mit diesen <a href=\"https:\/\/www.journee-mondiale.com\/de\/category\/lebensstil\/gesundheit\/\" target=\"_blank\">Gesundheitstipps f\u00fcr sch\u00f6nes Haar<\/a>, um langfristige Ergebnisse zu erzielen.<\/p>\n<h2>Hitzeschutz \u2013 unverzichtbar f\u00fcr gesunden Glanz<\/h2>\n<p>Hitzestyling ohne Schutz ist wie Sonnenbaden ohne Sonnencreme. Hochwertige <strong>Hitzeschutzprodukte<\/strong> sch\u00fctzen deine Haarfasern vor thermischen Sch\u00e4den und bewahren den nat\u00fcrlichen Glanz. W\u00e4hle Produkte mit pflanzlichen Inhaltsstoffen wie Kokos\u00f6l oder Aloe Vera f\u00fcr zus\u00e4tzliche Pflege.<\/p>\n<h2>Bist du bereit f\u00fcr deinen strahlenden Fr\u00fchlingsauftritt?<\/h2>\n<p>Gl\u00e4nzendes Haar ist wie ein Fr\u00fchlingserwachen f\u00fcr dein gesamtes Erscheinungsbild. Mit diesen Methoden verwandelst du stumpfes Winterhaar in fr\u00fchlingshaften Glanz. Wie die Natur sich erneuert, so kann auch dein Haar neue Vitalit\u00e4t gewinnen. G\u00f6nn dir diesen <a href=\"https:\/\/www.journee-mondiale.com\/de\/155\/tag-des-guten-aussehens\/\" target=\"_blank\">Tag des guten Aussehens<\/a> jeden Tag \u2013 du hast es verdient!<\/p>\n","protected":false},"excerpt":{"rendered":"<p>Fr\u00fchlingsglamour f\u00fcr deine Haare: Die besten Methoden f\u00fcr strahlenden Glanz Strahlender Haarglanz \u2013 das Fr\u00fchlings-Beauty-Geheimnis 2025 Der Fr\u00fchling klopft bereits an die T\u00fcr, und was gibt es Besseres, als mit gl\u00e4nzendem Haar in die neue Saison zu starten? Gl\u00e4nzendes Haar ist nicht nur ein Zeichen von Gesundheit, sondern auch ein Sch\u00f6nheitsziel, das mit der richtigen &#8230; <a title=\"Diese 3 nat\u00fcrlichen \u00d6le ver\u00e4nderten mein stumpfes Haar (30% mehr Glanz in 14 Tagen)\" class=\"read-more\" href=\"https:\/\/www.journee-mondiale.com\/de\/diese-3-natuerlichen-oele-veraenderten-mein-stumpfes-haar-30-mehr-glanz-in-14-tagen\/\" aria-label=\"Mehr Informationen \u00fcber Diese 3 nat\u00fcrlichen \u00d6le ver\u00e4nderten mein stumpfes Haar (30% mehr Glanz in 14 Tagen)\">Lire plus<\/a><\/p>\n","protected":false},"author":1,"featured_media":12868,"comment_status":"","ping_status":"","sticky":false,"template":"","format":"standard","meta":{"footnotes":""},"categories":[48],"tags":[],"class_list":["post-12869","post","type-post","status-publish","format-standard","has-post-thumbnail","hentry","category-lebensstil"],"acf":[],"_yoast_wpseo_primary_category":null,"_yoast_wpseo_title":null,"_yoast_wpseo_metadesc":null,"_links":{"self":[{"href":"https:\/\/www.journee-mondiale.com\/de\/wp-json\/wp\/v2\/posts\/12869","targetHints":{"allow":["GET"]}}],"collection":[{"href":"https:\/\/www.journee-mondiale.com\/de\/wp-json\/wp\/v2\/posts"}],"about":[{"href":"https:\/\/www.journee-mondiale.com\/de\/wp-json\/wp\/v2\/types\/post"}],"author":[{"embeddable":true,"href":"https:\/\/www.journee-mondiale.com\/de\/wp-json\/wp\/v2\/users\/1"}],"replies":[{"embeddable":true,"href":"https:\/\/www.journee-mondiale.com\/de\/wp-json\/wp\/v2\/comments?post=12869"}],"version-history":[{"count":0,"href":"https:\/\/www.journee-mondiale.com\/de\/wp-json\/wp\/v2\/posts\/12869\/revisions"}],"wp:featuredmedia":[{"embeddable":true,"href":"https:\/\/www.journee-mondiale.com\/de\/wp-json\/wp\/v2\/media\/12868"}],"wp:attachment":[{"href":"https:\/\/www.journee-mondiale.com\/de\/wp-json\/wp\/v2\/media?parent=12869"}],"wp:term":[{"taxonomy":"category","embeddable":true,"href":"https:\/\/www.journee-mondiale.com\/de\/wp-json\/wp\/v2\/categories?post=12869"},{"taxonomy":"post_tag","embeddable":true,"href":"https:\/\/www.journee-mondiale.com\/de\/wp-json\/wp\/v2\/tags?post=12869"}],"curies":[{"name":"wp","href":"https:\/\/api.w.org\/{rel}","templated":true}]}}