{"id":12867,"date":"2025-03-24T10:36:56","date_gmt":"2025-03-24T09:36:56","guid":{"rendered":"https:\/\/www.journee-mondiale.com\/de\/dieser-fruehlings-haarschnitt-passt-wirklich-zu-jedem-selbst-meine-stylistin-war-ueberrascht\/"},"modified":"2025-03-24T10:36:56","modified_gmt":"2025-03-24T09:36:56","slug":"dieser-fruehlings-haarschnitt-passt-wirklich-zu-jedem-selbst-meine-stylistin-war-ueberrascht","status":"publish","type":"post","link":"https:\/\/www.journee-mondiale.com\/de\/dieser-fruehlings-haarschnitt-passt-wirklich-zu-jedem-selbst-meine-stylistin-war-ueberrascht\/","title":{"rendered":"Dieser Fr\u00fchlings-Haarschnitt passt wirklich zu jedem (selbst meine Stylistin war \u00fcberrascht)"},"content":{"rendered":"<p>Der Fr\u00fchling 2025 ist da \u2013 und mit ihm die perfekte Zeit, deinem Haar einen frischen Look zu g\u00f6nnen! Welcher Haarschnitt passt wirklich zu jeder Haarstruktur? Diese Frage besch\u00e4ftigt viele von uns, besonders wenn die ersten Sonnenstrahlen neue Styling-M\u00f6glichkeiten er\u00f6ffnen. Die gute Nachricht: Es gibt tats\u00e4chlich universell schmeichelhafte Schnitte, die jedem Haartyp stehen.<\/p>\n<h2>Der Hush Cut: Fr\u00fchlingshafter Volumen-Booster f\u00fcr jedes Haar<\/h2>\n<p>Der <strong>Hush Cut<\/strong> ist derzeit der absolute Trendsetter in deutschen Friseursalons. Mit seinen weichen, kaum sichtbaren Stufen schmeichelt er sowohl feinem als auch dickem Haar. &#8222;Dieser Schnitt ist wie ma\u00dfgeschneidert f\u00fcr den Fr\u00fchling \u2013 er gibt feinem Haar mehr Volumen und entlastet dickeres Haar von \u00fcbersch\u00fcssiger Schwere,&#8220; erkl\u00e4rt Kim Vath, renommierte Berliner Hairstylistin. Der besondere Clou: Er l\u00e4sst sich perfekt mit einem zarten Pony kombinieren, der jedes Gesicht rahmt. F\u00fcr weitere Inspirationen zu l\u00e4ngeren Varianten empfehle ich <a href=\"https:\/\/www.journee-mondiale.com\/de\/frisuren-lange-haare\/\" target=\"_blank\">Frisuren f\u00fcr lange Haare<\/a>.<\/p>\n<h2>Der Kitty Cut: Jugendliche Frische f\u00fcr jeden Haartyp<\/h2>\n<p>W\u00e4hrend meines letzten Salon-Besuchs war der <strong>Kitty Cut<\/strong> in aller Munde \u2013 nicht ohne Grund! Diese sanftere Version des bekannten Wolf Cuts bringt mit subtilen Stufen Bewegung ins Haar und sorgt f\u00fcr einen verspielten, fr\u00fchlingsfrischen Look. Das Besondere: Er passt sich nahezu jeder Haarstruktur an und betont die nat\u00fcrliche Bewegung deines Haares. Wie eine Fr\u00fchlingswiese im sanften Wind wirkt dieser Schnitt besonders lebendig und nat\u00fcrlich.<\/p>\n<h2>Der zeitlose Blunt Bob: Klassiker im Fr\u00fchlings-Update<\/h2>\n<p>F\u00fcr alle, die es klarer m\u00f6gen: Der <strong>Blunt Bob<\/strong> erlebt diesen Fr\u00fchling ein beeindruckendes Comeback. Dieser geradlinige Schnitt ohne Stufen wirkt besonders bei glattem Haar volumin\u00f6s und modern. &#8222;Der Blunt Bob ist wie ein gut geschnittener Blazer \u2013 er passt einfach immer und zu jedem Anlass,&#8220; betont J\u00fcrgen Weber, Haarstylist aus M\u00fcnchen. Entdecke weitere Variationen bei <a href=\"https:\/\/www.journee-mondiale.com\/de\/frisuren-kurze-haare\/\" target=\"_blank\">Frisuren f\u00fcr kurze Haare<\/a>.<\/p>\n<h2>Die Rolle der Gesichtsform: Finde deinen perfekten Match<\/h2>\n<p>Die Wahl der richtigen Frisur h\u00e4ngt nicht nur von deiner Haarstruktur ab. <strong>Gesichtsformen<\/strong> spielen eine ebenso wichtige Rolle. Ovale Gesichter haben den Vorteil, dass ihnen fast jeder Schnitt steht. Bei runden Gesichtern sorgen l\u00e4ngere Str\u00e4hnen f\u00fcr einen streckenden Effekt. F\u00fcr gezielte Tipps empfehle ich <a href=\"https:\/\/www.journee-mondiale.com\/de\/frisuren-rundes-gesicht\/\" target=\"_blank\">Frisuren f\u00fcr runde Gesichter<\/a>.<\/p>\n<h2>Fr\u00fchlings-Styling-Tipps f\u00fcr jeden Haarschnitt<\/h2>\n<p>Mit den richtigen Styling-Produkten holst du das Beste aus deinem neuen Schnitt heraus:<\/p>\n<ul>\n<li><strong>Textur-Sprays<\/strong> f\u00fcr mehr Volumen und Definition<\/li>\n<li><strong>Hitzeschutzprodukte<\/strong> gegen Fr\u00fchlingssonnen-Sch\u00e4den<\/li>\n<li><strong>Leichte \u00d6le<\/strong> f\u00fcr zus\u00e4tzlichen Glanz ohne zu beschweren<\/li>\n<\/ul>\n<p>Erg\u00e4nze deinen neuen Haarschnitt mit einem farblichen Akzent \u2013 schau mal bei <a href=\"https:\/\/www.journee-mondiale.com\/de\/haarfarben-trends\/\" target=\"_blank\">Aktuelle Haarfarben-Trends<\/a> vorbei.<\/p>\n<h2>Experten-Pflegeroutine f\u00fcr langhaltende Frische<\/h2>\n<p>Damit dein Haarschnitt lange sch\u00f6n bleibt, sind regelm\u00e4\u00dfige <strong>Nachschneidearbeiten<\/strong> unerl\u00e4sslich. &#8222;Wie ein Garten im Fr\u00fchling braucht auch dein Haar regelm\u00e4\u00dfige Pflege, um in seiner besten Form zu bleiben,&#8220; vergleicht Oliver Petcu, Besitzer eines exklusiven Berliner Salons. F\u00fcr spezielle Pflegebed\u00fcrfnisse wie d\u00fcnner werdendes Haar findest du hilfreiche <a href=\"https:\/\/www.journee-mondiale.com\/de\/tipps-gegen-haarausfall\/\" target=\"_blank\">Tipps gegen Haarausfall<\/a>.<\/p>\n<h2>Die besten Shampootypen je nach Haarschnitt<\/h2>\n<ul>\n<li><strong>Volumen-Shampoos<\/strong> f\u00fcr Hush Cut und Blunt Bob<\/li>\n<li><strong>Feuchtigkeitsspendende Produkte<\/strong> f\u00fcr stufige Schnitte wie den Kitty Cut<\/li>\n<li><strong>Pflegende Sp\u00fclungen<\/strong> f\u00fcr alle Haartypen im Fr\u00fchling<\/li>\n<\/ul>\n<h2>Bist du bereit f\u00fcr deinen Fr\u00fchlings-Haarschnitt?<\/h2>\n<p>Die perfekte Frisur ist wie ein ma\u00dfgeschneidertes Kleid \u2013 sie betont deine nat\u00fcrliche Sch\u00f6nheit und l\u00e4sst dich strahlen. Die Vielseitigkeit dieser drei Schnitte macht sie zu idealen Begleitern f\u00fcr den Fr\u00fchling 2025. Welcher wird dein neuer Signature-Look? Die Entscheidung liegt bei dir \u2013 aber eines ist sicher: Mit diesen universell schmeichelhaften Schnitten kannst du nichts falsch machen.<\/p>\n","protected":false},"excerpt":{"rendered":"<p>Der Fr\u00fchling 2025 ist da \u2013 und mit ihm die perfekte Zeit, deinem Haar einen frischen Look zu g\u00f6nnen! Welcher Haarschnitt passt wirklich zu jeder Haarstruktur? Diese Frage besch\u00e4ftigt viele von uns, besonders wenn die ersten Sonnenstrahlen neue Styling-M\u00f6glichkeiten er\u00f6ffnen. Die gute Nachricht: Es gibt tats\u00e4chlich universell schmeichelhafte Schnitte, die jedem Haartyp stehen. Der Hush &#8230; <a title=\"Dieser Fr\u00fchlings-Haarschnitt passt wirklich zu jedem (selbst meine Stylistin war \u00fcberrascht)\" class=\"read-more\" href=\"https:\/\/www.journee-mondiale.com\/de\/dieser-fruehlings-haarschnitt-passt-wirklich-zu-jedem-selbst-meine-stylistin-war-ueberrascht\/\" aria-label=\"Mehr Informationen \u00fcber Dieser Fr\u00fchlings-Haarschnitt passt wirklich zu jedem (selbst meine Stylistin war \u00fcberrascht)\">Lire plus<\/a><\/p>\n","protected":false},"author":1,"featured_media":12866,"comment_status":"","ping_status":"","sticky":false,"template":"","format":"standard","meta":{"footnotes":""},"categories":[48],"tags":[],"class_list":["post-12867","post","type-post","status-publish","format-standard","has-post-thumbnail","hentry","category-lebensstil"],"acf":[],"_yoast_wpseo_primary_category":null,"_yoast_wpseo_title":null,"_yoast_wpseo_metadesc":null,"_links":{"self":[{"href":"https:\/\/www.journee-mondiale.com\/de\/wp-json\/wp\/v2\/posts\/12867","targetHints":{"allow":["GET"]}}],"collection":[{"href":"https:\/\/www.journee-mondiale.com\/de\/wp-json\/wp\/v2\/posts"}],"about":[{"href":"https:\/\/www.journee-mondiale.com\/de\/wp-json\/wp\/v2\/types\/post"}],"author":[{"embeddable":true,"href":"https:\/\/www.journee-mondiale.com\/de\/wp-json\/wp\/v2\/users\/1"}],"replies":[{"embeddable":true,"href":"https:\/\/www.journee-mondiale.com\/de\/wp-json\/wp\/v2\/comments?post=12867"}],"version-history":[{"count":0,"href":"https:\/\/www.journee-mondiale.com\/de\/wp-json\/wp\/v2\/posts\/12867\/revisions"}],"wp:featuredmedia":[{"embeddable":true,"href":"https:\/\/www.journee-mondiale.com\/de\/wp-json\/wp\/v2\/media\/12866"}],"wp:attachment":[{"href":"https:\/\/www.journee-mondiale.com\/de\/wp-json\/wp\/v2\/media?parent=12867"}],"wp:term":[{"taxonomy":"category","embeddable":true,"href":"https:\/\/www.journee-mondiale.com\/de\/wp-json\/wp\/v2\/categories?post=12867"},{"taxonomy":"post_tag","embeddable":true,"href":"https:\/\/www.journee-mondiale.com\/de\/wp-json\/wp\/v2\/tags?post=12867"}],"curies":[{"name":"wp","href":"https:\/\/api.w.org\/{rel}","templated":true}]}}