{"id":12865,"date":"2025-03-24T09:10:32","date_gmt":"2025-03-24T08:10:32","guid":{"rendered":"https:\/\/www.journee-mondiale.com\/de\/diese-franzoesische-schlucht-wurde-von-einem-legendaeren-ritter-mit-einem-schwerthieb-erschaffen-ein-1576-kilometer-langes-naturwunder-zwischen-drei-bergen\/"},"modified":"2025-03-24T09:10:32","modified_gmt":"2025-03-24T08:10:32","slug":"diese-franzoesische-schlucht-wurde-von-einem-legendaeren-ritter-mit-einem-schwerthieb-erschaffen-ein-1576-kilometer-langes-naturwunder-zwischen-drei-bergen","status":"publish","type":"post","link":"https:\/\/www.journee-mondiale.com\/de\/diese-franzoesische-schlucht-wurde-von-einem-legendaeren-ritter-mit-einem-schwerthieb-erschaffen-ein-1576-kilometer-langes-naturwunder-zwischen-drei-bergen\/","title":{"rendered":"Diese franz\u00f6sische Schlucht wurde von einem legend\u00e4ren Ritter mit einem Schwerthieb erschaffen (ein 1,576 Kilometer langes Naturwunder zwischen drei Bergen)"},"content":{"rendered":"<p>In einer unscheinbaren Schlucht des franz\u00f6sischen Baskenlandes, wo der Fluss Nive durch m\u00e4chtige Felsen bricht, verbirgt sich ein Ort, an dem Legenden und Natur eine faszinierende Verbindung eingehen. Der Pas de Roland \u2013 oder auf Baskisch &#8222;Atekagaitz&#8220; \u2013 ist mehr als nur eine spektakul\u00e4re Felsformation. Er ist ein Schauplatz von Geschichten, deren Wurzeln tief in die europ\u00e4ische Mythologie reichen.<\/p>\n<h2>Die legend\u00e4re Spalte: Wie Roland die Pyren\u00e4en pr\u00e4gte<\/h2>\n<p>Die schmale Felsschlucht tr\u00e4gt den Namen des ber\u00fchmten Paladins Karl des Gro\u00dfen. Der Legende nach schlug Roland mit seinem Schwert Durandal die m\u00e4chtige Spalte in den Felsen, um seinen Verfolgern zu entkommen. &#8222;Diese Schlucht ist nicht nur ein geologisches Wunder, sondern ein lebendiges St\u00fcck baskischer Kultur&#8220;, erkl\u00e4rt Marie Echeverria, lokale Historikerin. &#8222;Wer hier wandert, wandelt durch Seiten europ\u00e4ischer Geschichte.&#8220;<\/p>\n<h2>Zwischen Ozean und Alpen: Das perfekte Mikroklima<\/h2>\n<p>Von Mai bis September zeigt sich das Baskenland von seiner sch\u00f6nsten Seite. Die milde Meeresluft trifft auf die k\u00fchle Bergbrise und schafft ein Klima, das zum Wandern und Erkunden einl\u00e4dt. In den Wintermonaten hingegen kann der Schnee die schmalen Pfade bedecken und dem Ort eine mystische Atmosph\u00e4re verleihen. <a href=\"https:\/\/www.journee-mondiale.com\/de\/dieser-nationalpark-verbirgt-frankreichs-wildestes-4000er-hochgebirge-354-quadratmeilen-unberuehrtes-naturparadies-fernab-der-touristenmassen\/\" target=\"_blank\">Wilde Gebirgslandschaften der Pyren\u00e4en<\/a> umgeben dieses Naturjuwel und bieten spektakul\u00e4re Panoramen.<\/p>\n<h2>Von Deutschland ins Baskenland: Anreisewege f\u00fcr jeden Geschmack<\/h2>\n<p>Wer aus Deutschland anreist, hat mehrere Optionen. Fl\u00fcge nach Biarritz oder Pau mit Umstieg in Paris kosten zwischen 150 und 300 Euro. &#8222;Die Zugfahrt \u00fcber Paris nach Bayonne ist zwar l\u00e4nger, aber bietet wunderbare Einblicke in die franz\u00f6sische Landschaft&#8220;, schw\u00e4rmt Thomas Weber, ein deutscher Reiseblogger. <a href=\"https:\/\/www.journee-mondiale.com\/de\/diese-franzoesische-kuestenstadt-versteckt-tuerkisblaue-buchten-zwischen-weissen-kalksteinfelsen-der-lieblingsort-von-picasso-den-kaum-jemand-kennt\/\" target=\"_blank\">Malerische K\u00fcstenregionen S\u00fcdfrankreichs<\/a> k\u00f6nnen auf dem Weg ebenfalls erkundet werden.<\/p>\n<h2>Zwischen Bergh\u00fctte und Luxuschalets: \u00dcbernachtungen mit baskischem Charme<\/h2>\n<p>Die Region um den Pas de Roland bietet Unterk\u00fcnfte f\u00fcr jeden Geldbeutel. In Itxassou und Espelette finden Sparf\u00fcchse gem\u00fctliche Pensionen ab 20 Euro pro Nacht. Wer es luxuri\u00f6ser mag, kann in traditionellen Chalets mit Bergblick f\u00fcr 200-500 Euro residieren. <a href=\"https:\/\/www.journee-mondiale.com\/de\/dieses-versteckte-alpenjuwel-thront-auf-1-835-metern-hoehe-900-jaehrige-geschichte-in-natursteinhaeusern-mit-schieferdaechern\/\" target=\"_blank\">Authentische Bergd\u00f6rfer Frankreichs<\/a> bieten dabei unvergleichliche Einblicke in die lokale Lebensweise.<\/p>\n<h2>1,576 Kilometer pures Naturerlebnis: Der magische Wanderpfad<\/h2>\n<p>Der Pfad zum Pas de Roland ist mit 1,576 Kilometern L\u00e4nge f\u00fcr jedes Fitnesslevel geeignet. &#8222;Was diesen Ort so besonders macht, ist die Verbindung von zug\u00e4nglicher Natur und kultureller Tiefe&#8220;, betont Jean Larralde, lokaler Wanderf\u00fchrer. &#8222;Die enge Schlucht des Nive-Flusses bietet beeindruckende Ansichten, die man so nur hier erleben kann.&#8220;<\/p>\n<h2>Zwischen drei Bergen: Die geografische Schatzkammer<\/h2>\n<p>Urzumu, Mondarrain und Artzamendi \u2013 diese drei majest\u00e4tischen Berge umrahmen den Pas de Roland wie W\u00e4chter eines verborgenen Schatzes. Das Dorf Itxassou liegt malerisch an ihrem Fu\u00dfe und bildet den perfekten Ausgangspunkt f\u00fcr Erkundungen. <a href=\"https:\/\/www.journee-mondiale.com\/de\/dieser-versteckte-wasserfall-in-frankreich-stuerzt-ueber-schwarze-basaltsaeulen-in-smaragdgruenes-wasser-vulkanisches-erbe-mit-4-magischen-gesichtern\/\" target=\"_blank\">Nat\u00fcrliche Wasserwunder Frankreichs<\/a> zeigen sich hier in ihrer ganzen Pracht.<\/p>\n<h2>F\u00fcr Familien, Abenteurer und Kulturliebhaber: Ein Ort f\u00fcr jeden<\/h2>\n<p>Der Pas de Roland spricht verschiedenste Reisetypen an. Familien genie\u00dfen entspannte Spazierg\u00e4nge, w\u00e4hrend Abenteuerlustige anspruchsvollere Routen in den umliegenden Bergen finden. Kulturinteressierte tauchen in die reiche baskische Tradition ein. <a href=\"https:\/\/www.journee-mondiale.com\/de\/dieser-atmende-see-ist-frankreichs-groesstes-naturwunder-mit-270-vogelarten-auf-einer-flaeche-die-sich-saisonal-verdoppelt\/\" target=\"_blank\">Einzigartige Naturwunder Frankreichs<\/a> erg\u00e4nzen das Erlebnis perfekt.<\/p>\n<p>Im franz\u00f6sischen Baskenland, wo die Zeit langsamer zu flie\u00dfen scheint als der Nive-Fluss durch seine Schlucht, offenbart der Pas de Roland eine Welt, in der Legenden und Landschaft untrennbar miteinander verwoben sind. Ein Ort, der nicht nur die Augen, sondern auch die Seele ber\u00fchrt \u2013 und der beweist, dass manchmal die unscheinbarsten Spalten die tiefsten Einblicke gew\u00e4hren.<\/p>\n","protected":false},"excerpt":{"rendered":"<p>In einer unscheinbaren Schlucht des franz\u00f6sischen Baskenlandes, wo der Fluss Nive durch m\u00e4chtige Felsen bricht, verbirgt sich ein Ort, an dem Legenden und Natur eine faszinierende Verbindung eingehen. Der Pas de Roland \u2013 oder auf Baskisch &#8222;Atekagaitz&#8220; \u2013 ist mehr als nur eine spektakul\u00e4re Felsformation. Er ist ein Schauplatz von Geschichten, deren Wurzeln tief in &#8230; <a title=\"Diese franz\u00f6sische Schlucht wurde von einem legend\u00e4ren Ritter mit einem Schwerthieb erschaffen (ein 1,576 Kilometer langes Naturwunder zwischen drei Bergen)\" class=\"read-more\" href=\"https:\/\/www.journee-mondiale.com\/de\/diese-franzoesische-schlucht-wurde-von-einem-legendaeren-ritter-mit-einem-schwerthieb-erschaffen-ein-1576-kilometer-langes-naturwunder-zwischen-drei-bergen\/\" aria-label=\"Mehr Informationen \u00fcber Diese franz\u00f6sische Schlucht wurde von einem legend\u00e4ren Ritter mit einem Schwerthieb erschaffen (ein 1,576 Kilometer langes Naturwunder zwischen drei Bergen)\">Lire plus<\/a><\/p>\n","protected":false},"author":1,"featured_media":12864,"comment_status":"","ping_status":"","sticky":false,"template":"","format":"standard","meta":{"footnotes":""},"categories":[49],"tags":[],"class_list":["post-12865","post","type-post","status-publish","format-standard","has-post-thumbnail","hentry","category-reisen"],"acf":[],"_yoast_wpseo_primary_category":null,"_yoast_wpseo_title":null,"_yoast_wpseo_metadesc":null,"_links":{"self":[{"href":"https:\/\/www.journee-mondiale.com\/de\/wp-json\/wp\/v2\/posts\/12865","targetHints":{"allow":["GET"]}}],"collection":[{"href":"https:\/\/www.journee-mondiale.com\/de\/wp-json\/wp\/v2\/posts"}],"about":[{"href":"https:\/\/www.journee-mondiale.com\/de\/wp-json\/wp\/v2\/types\/post"}],"author":[{"embeddable":true,"href":"https:\/\/www.journee-mondiale.com\/de\/wp-json\/wp\/v2\/users\/1"}],"replies":[{"embeddable":true,"href":"https:\/\/www.journee-mondiale.com\/de\/wp-json\/wp\/v2\/comments?post=12865"}],"version-history":[{"count":0,"href":"https:\/\/www.journee-mondiale.com\/de\/wp-json\/wp\/v2\/posts\/12865\/revisions"}],"wp:featuredmedia":[{"embeddable":true,"href":"https:\/\/www.journee-mondiale.com\/de\/wp-json\/wp\/v2\/media\/12864"}],"wp:attachment":[{"href":"https:\/\/www.journee-mondiale.com\/de\/wp-json\/wp\/v2\/media?parent=12865"}],"wp:term":[{"taxonomy":"category","embeddable":true,"href":"https:\/\/www.journee-mondiale.com\/de\/wp-json\/wp\/v2\/categories?post=12865"},{"taxonomy":"post_tag","embeddable":true,"href":"https:\/\/www.journee-mondiale.com\/de\/wp-json\/wp\/v2\/tags?post=12865"}],"curies":[{"name":"wp","href":"https:\/\/api.w.org\/{rel}","templated":true}]}}