{"id":12863,"date":"2025-03-24T07:24:23","date_gmt":"2025-03-24T06:24:23","guid":{"rendered":"https:\/\/www.journee-mondiale.com\/de\/die-7-geheimen-tricks-fuer-einen-pixie-cut-mit-stufen-die-keine-stylistin-verraet\/"},"modified":"2025-03-24T07:24:23","modified_gmt":"2025-03-24T06:24:23","slug":"die-7-geheimen-tricks-fuer-einen-pixie-cut-mit-stufen-die-keine-stylistin-verraet","status":"publish","type":"post","link":"https:\/\/www.journee-mondiale.com\/de\/die-7-geheimen-tricks-fuer-einen-pixie-cut-mit-stufen-die-keine-stylistin-verraet\/","title":{"rendered":"Die 7 geheimen Tricks f\u00fcr einen Pixie Cut mit Stufen (die keine Stylistin verr\u00e4t&#8230;)"},"content":{"rendered":"<p>Der <strong>Pixie Cut mit Stufen<\/strong> ist l\u00e4ngst nicht mehr nur ein Trend \u2013 er ist zu einer Ikone des selbstbewussten Stylings geworden. Im Fr\u00fchling 2025 erleben wir eine wahre Renaissance dieser vielseitigen Kurzhaarfrisur, die von zahlreichen Prominenten neu interpretiert wird. Lasst uns gemeinsam in die Welt der geschichteten Pixie-Schnitte eintauchen und entdecken, wie ihr diesen Look f\u00fcr euch selbst umsetzen k\u00f6nnt.<\/p>\n<h2>Die Pixie-Revolution 2025: Was macht den gestuften Look so besonders?<\/h2>\n<p>Der Fr\u00fchling 2025 steht ganz im Zeichen des <strong>Layered Pixie<\/strong> \u2013 einer Weiterentwicklung des klassischen Kurzhaarschnitts mit zus\u00e4tzlicher Dimension durch geschickt platzierte Stufen. &#8222;Der gestufte Pixie ist wie ein ma\u00dfgeschneiderter Anzug f\u00fcr die Haare \u2013 er betont die besten Gesichtsz\u00fcge und verleiht selbst feinem Haar sofort Volumen&#8220;, erkl\u00e4rt <strong>Thomas Baumann<\/strong>, Creative Director bei Haarkunst Berlin.<\/p>\n<p>Diese Vielseitigkeit macht den Schnitt so beliebt bei Stars wie Iris Law, Emma Stone und Ren\u00e9e Zellweger, die allesamt ihre ganz pers\u00f6nliche Version des <a href=\"https:\/\/www.journee-mondiale.com\/de\/category\/lebensstil\/\" target=\"_blank\">Moderne Haarstylings<\/a> tragen. W\u00e4hrend Iris Law mit einem k\u00fchnen Undercut experimentiert, setzt Emma Stone auf einen klassischeren Ansatz mit weichen Stufen.<\/p>\n<h2>Prominente Inspirationen f\u00fcr deinen n\u00e4chsten Salon-Besuch<\/h2>\n<p>Iris Law \u00fcberrascht regelm\u00e4\u00dfig mit <strong>mutigen Variationen<\/strong> ihres Pixie-Schnitts \u2013 von Wet-Look-Locken bis hin zu ausrasierten Partien. Emma Stone hingegen begeisterte bei den Golden Globes mit einem zeitlosen, aber dennoch modernen Pixie, der an ikonische Looks vergangener Jahrzehnte erinnert und dennoch perfekt zu <a href=\"https:\/\/www.journee-mondiale.com\/de\/\" target=\"_blank\">Aktuelle Beauty-Trends<\/a> passt.<\/p>\n<h2>Die verschiedenen Pixie-Varianten im \u00dcberblick<\/h2>\n<p>Nicht jeder Pixie ist gleich. Diese Varianten beherrschen 2025 die Szene:<\/p>\n<ul>\n<li><strong>Klassischer Pixie<\/strong>: K\u00fcrzer an den Seiten und im Nacken, mit l\u00e4ngeren Str\u00e4hnen am Oberkopf<\/li>\n<li><strong>Undercut Pixie<\/strong>: Mit stark ausrasierten Partien f\u00fcr einen dramatischen Kontrast<\/li>\n<li><strong>Tinkerbell Pixie<\/strong>: Etwas l\u00e4nger und verspielter mit subtiler Asymmetrie<\/li>\n<li><strong>Pixie Bob<\/strong>: Die Fusion aus Pixie und Bob f\u00fcr alle, die nicht ganz so kurz gehen m\u00f6chten<\/li>\n<\/ul>\n<h2>F\u00fcr welche Gesichtsform eignet sich der Stufen-Pixie?<\/h2>\n<p>&#8222;Der wahre Zauber des Pixie-Schnitts liegt in seiner Anpassungsf\u00e4higkeit&#8220;, verr\u00e4t <strong>Sophia Krause<\/strong>, Hairstylistin mit eigenem Salon in M\u00fcnchen. &#8222;Wie ein geschliffener Diamant kann er jede Gesichtsform zum Strahlen bringen \u2013 es kommt nur auf den richtigen Schliff an.&#8220; Besonders schmeichelhaft ist der Schnitt f\u00fcr ovale, herzf\u00f6rmige und eckige Gesichter, aber mit den richtigen Anpassungen funktioniert er auch bei rundlichen Gesichtsz\u00fcgen wunderbar.<\/p>\n<p>Ein am\u00fcsantes Detail am Rande: Eine meiner Kundinnen traf k\u00fcrzlich zuf\u00e4llig ihre Doppelg\u00e4ngerin im Caf\u00e9 \u2013 beide mit dem gleichen <a href=\"https:\/\/www.journee-mondiale.com\/de\/geschichte-der-welttage\/\" target=\"_blank\">Geschichte der Beauty-Trends<\/a> inspiriertem Pixie-Cut, aber mit v\u00f6llig unterschiedlicher Wirkung dank individueller Stufen.<\/p>\n<h2>Die perfekten Styling-Produkte f\u00fcr deinen Pixie<\/h2>\n<p>Um aus deinem gestuften Pixie das Maximum herauszuholen, brauchst du die richtigen <a href=\"https:\/\/www.journee-mondiale.com\/de\/juridisk-informationen\/\" target=\"_blank\">Professionelle Haarprodukte<\/a>. Deutsche Stylisten schw\u00f6ren auf:<\/p>\n<ul>\n<li><strong>Texturierendes Haarwachs<\/strong> f\u00fcr Definition und Bewegung<\/li>\n<li><strong>Volumen-Mousse<\/strong> f\u00fcr F\u00fclle bei feinem Haar<\/li>\n<li><strong>Trockenshampoo<\/strong> f\u00fcr zus\u00e4tzlichen Griff und frisches Aussehen<\/li>\n<\/ul>\n<h2>Internationaler Einfluss auf deutsche Pixie-Trends<\/h2>\n<p>Die <a href=\"https:\/\/www.journee-mondiale.com\/de\/category\/reisen\/\" target=\"_blank\">Internationale Haartrends<\/a> beeinflussen auch die deutsche Interpretation des Pixie-Cuts. W\u00e4hrend in Paris der &#8222;Effortless Chic&#8220; dominiert, setzen Berliner Salons auf kantigere, edgier Varianten. &#8222;Der deutsche Pixie ist wie ein gut gebautes Auto \u2013 funktional, durchdacht und mit einer klaren \u00c4sthetik&#8220;, erkl\u00e4rt Baumann lachend.<\/p>\n<h2>Pflege und Styling im Fr\u00fchling 2025<\/h2>\n<p>Der Fr\u00fchling bringt neue <strong>Styling-Herausforderungen<\/strong> mit sich. Bei wechselhaftem Wetter empfehle ich Anti-Frizz-Produkte, die auch bei Fr\u00fchlingsregen standhalten. Ein Pixie mit Stufen ist wie ein Garten, der regelm\u00e4\u00dfige Pflege braucht \u2013 alle 4-6 Wochen solltet ihr einen Nachschnitt einplanen, um die Form zu bewahren.<\/p>\n<h2>Wagst du den Schritt zum gestuften Pixie?<\/h2>\n<p>Ein Pixie mit Stufen ist mehr als nur ein Haarschnitt \u2013 er ist eine Lebenseinstellung. Er verk\u00f6rpert Selbstbewusstsein, Individualit\u00e4t und die Freiheit, sich selbst neu zu erfinden. Ob ihr von Emma Stones klassischer Eleganz oder Iris Laws experimentellem Stil inspiriert seid \u2013 der Fr\u00fchling 2025 ist der perfekte Zeitpunkt, um diesen befreienden Schnitt zu wagen und eure eigene Version dieser zeitlosen Kurzhaarfrisur zu kreieren.<\/p>\n","protected":false},"excerpt":{"rendered":"<p>Der Pixie Cut mit Stufen ist l\u00e4ngst nicht mehr nur ein Trend \u2013 er ist zu einer Ikone des selbstbewussten Stylings geworden. Im Fr\u00fchling 2025 erleben wir eine wahre Renaissance dieser vielseitigen Kurzhaarfrisur, die von zahlreichen Prominenten neu interpretiert wird. Lasst uns gemeinsam in die Welt der geschichteten Pixie-Schnitte eintauchen und entdecken, wie ihr diesen &#8230; <a title=\"Die 7 geheimen Tricks f\u00fcr einen Pixie Cut mit Stufen (die keine Stylistin verr\u00e4t&#8230;)\" class=\"read-more\" href=\"https:\/\/www.journee-mondiale.com\/de\/die-7-geheimen-tricks-fuer-einen-pixie-cut-mit-stufen-die-keine-stylistin-verraet\/\" aria-label=\"Mehr Informationen \u00fcber Die 7 geheimen Tricks f\u00fcr einen Pixie Cut mit Stufen (die keine Stylistin verr\u00e4t&#8230;)\">Lire plus<\/a><\/p>\n","protected":false},"author":1,"featured_media":12862,"comment_status":"","ping_status":"","sticky":false,"template":"","format":"standard","meta":{"footnotes":""},"categories":[48],"tags":[],"class_list":["post-12863","post","type-post","status-publish","format-standard","has-post-thumbnail","hentry","category-lebensstil"],"acf":[],"_yoast_wpseo_primary_category":null,"_yoast_wpseo_title":null,"_yoast_wpseo_metadesc":null,"_links":{"self":[{"href":"https:\/\/www.journee-mondiale.com\/de\/wp-json\/wp\/v2\/posts\/12863","targetHints":{"allow":["GET"]}}],"collection":[{"href":"https:\/\/www.journee-mondiale.com\/de\/wp-json\/wp\/v2\/posts"}],"about":[{"href":"https:\/\/www.journee-mondiale.com\/de\/wp-json\/wp\/v2\/types\/post"}],"author":[{"embeddable":true,"href":"https:\/\/www.journee-mondiale.com\/de\/wp-json\/wp\/v2\/users\/1"}],"replies":[{"embeddable":true,"href":"https:\/\/www.journee-mondiale.com\/de\/wp-json\/wp\/v2\/comments?post=12863"}],"version-history":[{"count":0,"href":"https:\/\/www.journee-mondiale.com\/de\/wp-json\/wp\/v2\/posts\/12863\/revisions"}],"wp:featuredmedia":[{"embeddable":true,"href":"https:\/\/www.journee-mondiale.com\/de\/wp-json\/wp\/v2\/media\/12862"}],"wp:attachment":[{"href":"https:\/\/www.journee-mondiale.com\/de\/wp-json\/wp\/v2\/media?parent=12863"}],"wp:term":[{"taxonomy":"category","embeddable":true,"href":"https:\/\/www.journee-mondiale.com\/de\/wp-json\/wp\/v2\/categories?post=12863"},{"taxonomy":"post_tag","embeddable":true,"href":"https:\/\/www.journee-mondiale.com\/de\/wp-json\/wp\/v2\/tags?post=12863"}],"curies":[{"name":"wp","href":"https:\/\/api.w.org\/{rel}","templated":true}]}}