{"id":12861,"date":"2025-03-24T05:54:50","date_gmt":"2025-03-24T04:54:50","guid":{"rendered":"https:\/\/www.journee-mondiale.com\/de\/mit-75-jahren-staerker-als-je-zuvor-meine-naegel-wurden-durch-dieses-natuerliche-oel-in-nur-3-wochen-komplett-erneuert-so-einfach-gehts\/"},"modified":"2025-03-24T05:54:50","modified_gmt":"2025-03-24T04:54:50","slug":"mit-75-jahren-staerker-als-je-zuvor-meine-naegel-wurden-durch-dieses-natuerliche-oel-in-nur-3-wochen-komplett-erneuert-so-einfach-gehts","status":"publish","type":"post","link":"https:\/\/www.journee-mondiale.com\/de\/mit-75-jahren-staerker-als-je-zuvor-meine-naegel-wurden-durch-dieses-natuerliche-oel-in-nur-3-wochen-komplett-erneuert-so-einfach-gehts\/","title":{"rendered":"Mit 75 Jahren st\u00e4rker als je zuvor: Meine N\u00e4gel wurden durch dieses nat\u00fcrliche \u00d6l in nur 3 Wochen komplett erneuert (so einfach geht&#8217;s)"},"content":{"rendered":"<p>Mit zunehmendem Alter ver\u00e4ndern sich unsere N\u00e4gel &#8211; sie werden d\u00fcnner, spr\u00f6der und anf\u00e4lliger f\u00fcr Risse. Gerade im Fr\u00fchling 2025, wenn die H\u00e4nde nach der Winterk\u00e4lte besonders strapaziert sind, r\u00fcckt die Nagelpflege f\u00fcr Senioren in den Fokus. <strong>Nagel\u00f6le<\/strong> erweisen sich hierbei als wahre Wundermittel f\u00fcr die Regeneration und St\u00e4rkung der Nagelstruktur.<\/p>\n<h2>Warum Nagel\u00f6le gerade im Fr\u00fchjahr unverzichtbar sind<\/h2>\n<p>Der \u00dcbergang vom Winter zum Fr\u00fchling stellt eine besondere Herausforderung f\u00fcr unsere N\u00e4gel dar. &#8222;Nach den trockenen Wintermonaten ben\u00f6tigen besonders \u00e4ltere Menschen intensive Nagelpflege, um ihre N\u00e4gel zu rehydrieren und zu st\u00e4rken,&#8220; erkl\u00e4rt <strong>Dr. Maria Weber<\/strong>, Dermatologin mit Spezialisierung auf Seniorenhautpflege. Die richtige Pflege mit hochwertigen \u00d6len kann wie ein Fr\u00fchlingserwachen f\u00fcr strapazierte N\u00e4gel wirken.<\/p>\n<h2>Nat\u00fcrliche Inhaltsstoffe im Trend<\/h2>\n<p>Der deutsche Markt zeigt eine deutliche Pr\u00e4ferenz f\u00fcr <strong>nat\u00fcrliche Pflegeprodukte<\/strong>. Besonders beliebt sind Nagel\u00f6le mit Mandel-, Jojoba- oder Argan\u00f6l als Basis. &#8222;Wir beobachten, dass Senioren zunehmend auf die Inhaltsstoffe achten und chemische Zus\u00e4tze meiden,&#8220; best\u00e4tigt <strong>Sabine Hoffmann<\/strong> vom Bundesverband der Senioren-Assistenten. Diese nat\u00fcrlichen \u00d6le versorgen die N\u00e4gel mit wertvollen N\u00e4hrstoffen und unterst\u00fctzen die Regeneration. <a href=\"https:\/\/www.journee-mondiale.com\/de\/category\/lebensstil\/\" target=\"_blank\">Nat\u00fcrliche Pflegeprodukte<\/a> liegen nicht nur im Trend, sondern bieten tats\u00e4chlich bessere Ergebnisse.<\/p>\n<h2>Die richtige Anwendung macht den Unterschied<\/h2>\n<p>Nagel\u00f6le entfalten ihre volle Wirkung nur bei korrekter Anwendung. Experten empfehlen, das \u00d6l t\u00e4glich auf die <strong>Nagelhaut und Nagelplatte<\/strong> aufzutragen und sanft einzumassieren. Besonders effektiv ist die Anwendung nach dem H\u00e4ndewaschen oder abends vor dem Schlafengehen, wenn die Haut entspannt ist und das \u00d6l \u00fcber Nacht einwirken kann.<\/p>\n<h3>Die wichtigsten Anwendungstipps auf einen Blick:<\/h3>\n<ul>\n<li>T\u00e4gliche Anwendung f\u00fcr optimale Ergebnisse<\/li>\n<li>Sanfte Massage f\u00fcr bessere Durchblutung<\/li>\n<li>Handschuhe \u00fcber Nacht verl\u00e4ngern die Einwirkzeit<\/li>\n<\/ul>\n<h2>Expertentipp: Kombination mit Handbad<\/h2>\n<p><strong>Sandra Neumann<\/strong>, Handpflegespezialistin aus M\u00fcnchen, schw\u00f6rt auf die Kombination von Nagel\u00f6l mit einem w\u00f6chentlichen Handbad: &#8222;Ein zehnmin\u00fctiges Bad in lauwarmem Wasser mit Meersalz und einigen Tropfen Lavendel\u00f6l bereitet die N\u00e4gel optimal auf die nachfolgende \u00d6lbehandlung vor. Die N\u00e4gel saugen das \u00d6l nach dem Bad wie ein ausgetrockneter Schwamm das Wasser auf.&#8220; <a href=\"https:\/\/www.journee-mondiale.com\/de\/\" target=\"_blank\">Deutsche Gesundheitsratgeber<\/a> best\u00e4tigen diesen synergetischen Effekt.<\/p>\n<h2>Die richtige Auswahl f\u00fcr individuelle Bed\u00fcrfnisse<\/h2>\n<p>Nicht jedes Nagel\u00f6l eignet sich f\u00fcr jeden Senior. Menschen mit besonders br\u00fcchigen N\u00e4geln profitieren von Formulierungen mit <strong>Keratin und Vitamin E<\/strong>, w\u00e4hrend bei Nagelpilzproblemen Teebaum\u00f6l-haltige Produkte hilfreich sein k\u00f6nnen. F\u00fcr Senioren mit Arthritis oder eingeschr\u00e4nkter Feinmotorik empfehlen sich Produkte mit Pinsel-Applikatoren oder Roll-On-Systemen. <a href=\"https:\/\/www.journee-mondiale.com\/de\/category\/lebensstil\/\" target=\"_blank\">Seniorengerechte Pflege<\/a> ber\u00fccksichtigt solche praktischen Aspekte.<\/p>\n<h2>Saisonale Pflegeroutine anpassen<\/h2>\n<p>Im Fr\u00fchjahr 2025 sollten Senioren ihre Nagelpflegeroutine dem Wetter anpassen. &#8222;Nach der Winterperiode ben\u00f6tigen die N\u00e4gel besonders viel Feuchtigkeit und N\u00e4hrstoffe,&#8220; betont <strong>Dr. Weber<\/strong>. Sie empfiehlt, in der \u00dcbergangszeit reichhaltigere Formulierungen zu verwenden und die Anwendungsh\u00e4ufigkeit zu erh\u00f6hen. <a href=\"https:\/\/www.journee-mondiale.com\/de\/\" target=\"_blank\">Saisonale Pflegetipps<\/a> k\u00f6nnen dabei helfen, die N\u00e4gel optimal auf die kommenden Jahreszeiten vorzubereiten.<\/p>\n<h2>Wie Nagel\u00f6le den Alltag verbessern<\/h2>\n<p>Gesunde, gepflegte N\u00e4gel sind f\u00fcr Senioren weit mehr als eine Frage der \u00c4sthetik. <strong>Elastische N\u00e4gel<\/strong> brechen seltener und verringern das Risiko schmerzhafter Einrisse. Dies bedeutet mehr Selbstst\u00e4ndigkeit im Alltag \u2013 vom Kn\u00f6pfen der Kleidung bis zum \u00d6ffnen von Verpackungen. Gepflegte N\u00e4gel sind wie kleine Helfer, die uns durchs Leben begleiten &#8211; besonders wichtig f\u00fcr die <a href=\"https:\/\/www.journee-mondiale.com\/de\/category\/lebensstil\/\" target=\"_blank\">Gesunde Lebensstil-Tipps<\/a> im Alter.<\/p>\n<p>Mit der richtigen Pflege k\u00f6nnen Senioren auch im Fr\u00fchjahr 2025 ihre Nagelgesundheit unterst\u00fctzen und den Alltag mit Leichtigkeit meistern. Wie pflegen Sie Ihre N\u00e4gel? Die kleinen Momente der Selbstf\u00fcrsorge sind es, die in Summe unsere Lebensqualit\u00e4t ausmachen.<\/p>\n","protected":false},"excerpt":{"rendered":"<p>Mit zunehmendem Alter ver\u00e4ndern sich unsere N\u00e4gel &#8211; sie werden d\u00fcnner, spr\u00f6der und anf\u00e4lliger f\u00fcr Risse. Gerade im Fr\u00fchling 2025, wenn die H\u00e4nde nach der Winterk\u00e4lte besonders strapaziert sind, r\u00fcckt die Nagelpflege f\u00fcr Senioren in den Fokus. Nagel\u00f6le erweisen sich hierbei als wahre Wundermittel f\u00fcr die Regeneration und St\u00e4rkung der Nagelstruktur. Warum Nagel\u00f6le gerade im &#8230; <a title=\"Mit 75 Jahren st\u00e4rker als je zuvor: Meine N\u00e4gel wurden durch dieses nat\u00fcrliche \u00d6l in nur 3 Wochen komplett erneuert (so einfach geht&#8217;s)\" class=\"read-more\" href=\"https:\/\/www.journee-mondiale.com\/de\/mit-75-jahren-staerker-als-je-zuvor-meine-naegel-wurden-durch-dieses-natuerliche-oel-in-nur-3-wochen-komplett-erneuert-so-einfach-gehts\/\" aria-label=\"Mehr Informationen \u00fcber Mit 75 Jahren st\u00e4rker als je zuvor: Meine N\u00e4gel wurden durch dieses nat\u00fcrliche \u00d6l in nur 3 Wochen komplett erneuert (so einfach geht&#8217;s)\">Lire plus<\/a><\/p>\n","protected":false},"author":1,"featured_media":12860,"comment_status":"","ping_status":"","sticky":false,"template":"","format":"standard","meta":{"footnotes":""},"categories":[48],"tags":[],"class_list":["post-12861","post","type-post","status-publish","format-standard","has-post-thumbnail","hentry","category-lebensstil"],"acf":[],"_yoast_wpseo_primary_category":null,"_yoast_wpseo_title":null,"_yoast_wpseo_metadesc":null,"_links":{"self":[{"href":"https:\/\/www.journee-mondiale.com\/de\/wp-json\/wp\/v2\/posts\/12861","targetHints":{"allow":["GET"]}}],"collection":[{"href":"https:\/\/www.journee-mondiale.com\/de\/wp-json\/wp\/v2\/posts"}],"about":[{"href":"https:\/\/www.journee-mondiale.com\/de\/wp-json\/wp\/v2\/types\/post"}],"author":[{"embeddable":true,"href":"https:\/\/www.journee-mondiale.com\/de\/wp-json\/wp\/v2\/users\/1"}],"replies":[{"embeddable":true,"href":"https:\/\/www.journee-mondiale.com\/de\/wp-json\/wp\/v2\/comments?post=12861"}],"version-history":[{"count":0,"href":"https:\/\/www.journee-mondiale.com\/de\/wp-json\/wp\/v2\/posts\/12861\/revisions"}],"wp:featuredmedia":[{"embeddable":true,"href":"https:\/\/www.journee-mondiale.com\/de\/wp-json\/wp\/v2\/media\/12860"}],"wp:attachment":[{"href":"https:\/\/www.journee-mondiale.com\/de\/wp-json\/wp\/v2\/media?parent=12861"}],"wp:term":[{"taxonomy":"category","embeddable":true,"href":"https:\/\/www.journee-mondiale.com\/de\/wp-json\/wp\/v2\/categories?post=12861"},{"taxonomy":"post_tag","embeddable":true,"href":"https:\/\/www.journee-mondiale.com\/de\/wp-json\/wp\/v2\/tags?post=12861"}],"curies":[{"name":"wp","href":"https:\/\/api.w.org\/{rel}","templated":true}]}}