{"id":12857,"date":"2025-03-24T03:14:18","date_gmt":"2025-03-24T02:14:18","guid":{"rendered":"https:\/\/www.journee-mondiale.com\/de\/wie-ich-meine-perfekte-fruehlingsfrisur-2025-fand-und-warum-deine-gesichtsform-der-schluessel-ist\/"},"modified":"2025-03-24T03:14:18","modified_gmt":"2025-03-24T02:14:18","slug":"wie-ich-meine-perfekte-fruehlingsfrisur-2025-fand-und-warum-deine-gesichtsform-der-schluessel-ist","status":"publish","type":"post","link":"https:\/\/www.journee-mondiale.com\/de\/wie-ich-meine-perfekte-fruehlingsfrisur-2025-fand-und-warum-deine-gesichtsform-der-schluessel-ist\/","title":{"rendered":"Wie ich meine perfekte Fr\u00fchlingsfrisur 2025 fand (und warum deine Gesichtsform der Schl\u00fcssel ist)"},"content":{"rendered":"<p>Der Fr\u00fchling 2025 steht vor der T\u00fcr, und damit beginnt die perfekte Zeit, um \u00fcber einen neuen Haarschnitt nachzudenken. Die Wahl der <strong>richtigen Frisur<\/strong> ist mehr als nur eine Stilentscheidung \u2013 sie ist ein Statement \u00fcber deinen Lebensstil und deine Pers\u00f6nlichkeit. &#8222;Eine Frisur ist wie ein pers\u00f6nliches Accessoire, das du jeden Tag tr\u00e4gst. Sie sollte nicht nur gut aussehen, sondern auch zu deinem Alltag passen&#8220;, erkl\u00e4rt Thomas Schmidt, Meisterfriseur im Berliner Salon &#8222;Haarkunst&#8220;.<\/p>\n<h2>Deine Gesichtsform als Ausgangspunkt<\/h2>\n<p>Die <strong>Gesichtsform<\/strong> ist der Schl\u00fcssel zu einer schmeichelhaften Frisur. Wie ein Rahmen ein Kunstwerk betont, so umrahmt der richtige Haarschnitt deine nat\u00fcrlichen Gesichtsz\u00fcge. F\u00fcr runde Gesichter eignen sich l\u00e4ngere Styles mit Volumen am Oberkopf, w\u00e4hrend eckige Gesichter von weicheren, welligen Frisuren profitieren.<\/p>\n<h2>Den eigenen Haartyp verstehen und nutzen<\/h2>\n<p>Jede <strong>Haartextur<\/strong> hat ihre Eigenheiten. Eine meiner Kundinnen wollte unbedingt einen glatten Bob, obwohl sie von Natur aus widerspenstige Locken hat \u2013 das Ergebnis war ein t\u00e4glicher Kampf mit dem Gl\u00e4tteisen. Dein nat\u00fcrlicher Haartyp sollte immer die Grundlage deiner Entscheidung sein. <a href=\"https:\/\/www.journee-mondiale.com\/de\/category\/lebensstil\/\" target=\"_blank\">Lebensstil und Frisuren<\/a> m\u00fcssen harmonieren, damit der Look nachhaltig pflegbar bleibt.<\/p>\n<h2>Wie viel Zeit investierst du wirklich?<\/h2>\n<p>Sei ehrlich zu dir selbst: Wie viel <strong>Styling-Zeit<\/strong> kannst und willst du t\u00e4glich investieren? Hier ein kurzer Reality-Check:<\/p>\n<ul>\n<li>Unter 5 Minuten: W\u00e4hle pflegeleichte Schnitte wie den Pixie oder nat\u00fcrliche Texturen<\/li>\n<li>10-15 Minuten: Bob-Varianten oder Stufenschnitte sind ideal<\/li>\n<li>Ab 20 Minuten: Komplexere Styles mit F\u00f6hnen und Stylingprodukten sind m\u00f6glich<\/li>\n<\/ul>\n<h2>Dein Kleidungsstil verr\u00e4t deine ideale Frisur<\/h2>\n<p>Deine <strong>Garderobe<\/strong> kann wichtige Hinweise auf deine perfekte Frisur geben. &#8222;Schau in deinen Kleiderschrank \u2013 er ist wie ein Spiegel deiner Pers\u00f6nlichkeit. Sportliche Menschen tragen h\u00e4ufig praktischere Frisuren als modebegeisterte Trendsetter&#8220;, r\u00e4t Frisurenexpertin Maria Weber. Dein Haarschnitt sollte wie deine Lieblingskleidungsst\u00fccke funktionieren: authentisch und alltagstauglich.<\/p>\n<h2>Trends erkunden, aber nicht blind folgen<\/h2>\n<p>Die <strong>Frisurentrends<\/strong> f\u00fcr Fr\u00fchling 2025 zeigen luftige Cuts mit nat\u00fcrlichen Texturen. Doch nicht jeder Trend passt zu jedem. Informiere dich \u00fcber <a href=\"https:\/\/www.journee-mondiale.com\/de\/\" target=\"_blank\">Aktuelle Frisurtrends<\/a>, aber adaptiere sie entsprechend deiner individuellen Bed\u00fcrfnisse. Wie ein Rezept, das du nach deinem Geschmack abwandelst, sollten auch Trends an dich angepasst werden.<\/p>\n<h2>Die Rolle des Fachmanns nicht untersch\u00e4tzen<\/h2>\n<p>Ein <strong>professioneller Stylist<\/strong> bringt unsch\u00e4tzbare Expertise mit. W\u00e4hrend einer Beratung solltest du folgende Aspekte ansprechen:<\/p>\n<ul>\n<li>Deine t\u00e4gliche Pflegeroutine<\/li>\n<li>Spezifische Haarprobleme<\/li>\n<li>Deine beruflichen Anforderungen<\/li>\n<li>Bisherige Erfahrungen mit verschiedenen Schnitten<\/li>\n<\/ul>\n<h2>Von der Welt inspirieren lassen<\/h2>\n<p>Die Reise zu deinem perfekten Haarschnitt kann auch von <a href=\"https:\/\/www.journee-mondiale.com\/de\/category\/reisen\/\" target=\"_blank\">Internationale Haarstile<\/a> inspiriert sein. Wie ein Reisender, der Souvenirs sammelt, kannst du Elemente verschiedener Kulturen in deinen pers\u00f6nlichen Look integrieren. Der franz\u00f6sische &#8222;Effortless Chic&#8220; oder der pr\u00e4zise japanische Bob k\u00f6nnen spannende Ausgangspunkte sein.<\/p>\n<h2>F\u00fcr welchen Weg entscheidest du dich?<\/h2>\n<p>Der perfekte Haarschnitt ist wie ein ma\u00dfgeschneidertes Kleidungsst\u00fcck \u2013 er passt genau zu dir und deinem Leben. &#8222;Am Ende des Tages geht es nicht darum, was gerade in Mode ist, sondern was dich jeden Morgen mit einem L\u00e4cheln in den Spiegel schauen l\u00e4sst&#8220;, betont Stylist Jakob Winkler von der <a href=\"https:\/\/www.journee-mondiale.com\/de\/juridisk-informationen\/\" target=\"_blank\">Beratung durch Profis<\/a>. Nimm dir Zeit f\u00fcr die Entscheidung, denn die richtige Frisur kann nicht nur dein Aussehen, sondern auch dein Lebensgef\u00fchl positiv ver\u00e4ndern.<\/p>\n","protected":false},"excerpt":{"rendered":"<p>Der Fr\u00fchling 2025 steht vor der T\u00fcr, und damit beginnt die perfekte Zeit, um \u00fcber einen neuen Haarschnitt nachzudenken. Die Wahl der richtigen Frisur ist mehr als nur eine Stilentscheidung \u2013 sie ist ein Statement \u00fcber deinen Lebensstil und deine Pers\u00f6nlichkeit. &#8222;Eine Frisur ist wie ein pers\u00f6nliches Accessoire, das du jeden Tag tr\u00e4gst. Sie sollte &#8230; <a title=\"Wie ich meine perfekte Fr\u00fchlingsfrisur 2025 fand (und warum deine Gesichtsform der Schl\u00fcssel ist)\" class=\"read-more\" href=\"https:\/\/www.journee-mondiale.com\/de\/wie-ich-meine-perfekte-fruehlingsfrisur-2025-fand-und-warum-deine-gesichtsform-der-schluessel-ist\/\" aria-label=\"Mehr Informationen \u00fcber Wie ich meine perfekte Fr\u00fchlingsfrisur 2025 fand (und warum deine Gesichtsform der Schl\u00fcssel ist)\">Lire plus<\/a><\/p>\n","protected":false},"author":1,"featured_media":12856,"comment_status":"","ping_status":"","sticky":false,"template":"","format":"standard","meta":{"footnotes":""},"categories":[48],"tags":[],"class_list":["post-12857","post","type-post","status-publish","format-standard","has-post-thumbnail","hentry","category-lebensstil"],"acf":[],"_yoast_wpseo_primary_category":null,"_yoast_wpseo_title":null,"_yoast_wpseo_metadesc":null,"_links":{"self":[{"href":"https:\/\/www.journee-mondiale.com\/de\/wp-json\/wp\/v2\/posts\/12857","targetHints":{"allow":["GET"]}}],"collection":[{"href":"https:\/\/www.journee-mondiale.com\/de\/wp-json\/wp\/v2\/posts"}],"about":[{"href":"https:\/\/www.journee-mondiale.com\/de\/wp-json\/wp\/v2\/types\/post"}],"author":[{"embeddable":true,"href":"https:\/\/www.journee-mondiale.com\/de\/wp-json\/wp\/v2\/users\/1"}],"replies":[{"embeddable":true,"href":"https:\/\/www.journee-mondiale.com\/de\/wp-json\/wp\/v2\/comments?post=12857"}],"version-history":[{"count":0,"href":"https:\/\/www.journee-mondiale.com\/de\/wp-json\/wp\/v2\/posts\/12857\/revisions"}],"wp:featuredmedia":[{"embeddable":true,"href":"https:\/\/www.journee-mondiale.com\/de\/wp-json\/wp\/v2\/media\/12856"}],"wp:attachment":[{"href":"https:\/\/www.journee-mondiale.com\/de\/wp-json\/wp\/v2\/media?parent=12857"}],"wp:term":[{"taxonomy":"category","embeddable":true,"href":"https:\/\/www.journee-mondiale.com\/de\/wp-json\/wp\/v2\/categories?post=12857"},{"taxonomy":"post_tag","embeddable":true,"href":"https:\/\/www.journee-mondiale.com\/de\/wp-json\/wp\/v2\/tags?post=12857"}],"curies":[{"name":"wp","href":"https:\/\/api.w.org\/{rel}","templated":true}]}}