{"id":12851,"date":"2025-03-23T23:04:40","date_gmt":"2025-03-23T22:04:40","guid":{"rendered":"https:\/\/www.journee-mondiale.com\/de\/diese-3-kurzhaarfrisuren-machen-seniorinnen-mit-brille-10-jahre-juenger-ich-habe-alle-ausprobiert\/"},"modified":"2025-03-23T23:04:40","modified_gmt":"2025-03-23T22:04:40","slug":"diese-3-kurzhaarfrisuren-machen-seniorinnen-mit-brille-10-jahre-juenger-ich-habe-alle-ausprobiert","status":"publish","type":"post","link":"https:\/\/www.journee-mondiale.com\/de\/diese-3-kurzhaarfrisuren-machen-seniorinnen-mit-brille-10-jahre-juenger-ich-habe-alle-ausprobiert\/","title":{"rendered":"Diese 3 Kurzhaarfrisuren machen Seniorinnen mit Brille 10 Jahre j\u00fcnger (ich habe alle ausprobiert&#8230;)"},"content":{"rendered":"<p>Fr\u00fchlingsfrische Frisurenwelt: Stilvolle Kurzhaarschnitte f\u00fcr Seniorinnen mit Brille<\/p>\n<h2>Die perfekte Harmonie zwischen Kurzhaar und Brillenlook im Fr\u00fchling 2025<\/h2>\n<p>Mit dem Fr\u00fchling erwacht nicht nur die Natur zu neuem Leben \u2013 auch unsere <strong>Frisurenwelt<\/strong> bl\u00fcht auf! Besonders f\u00fcr Seniorinnen mit Brille bietet die neue Saison wunderbare M\u00f6glichkeiten, ihren Stil durch den richtigen Kurzhaarschnitt zu unterstreichen. &#8222;Eine gut gew\u00e4hlte Kurzhaarfrisur kann das Gesicht verj\u00fcngen und gleichzeitig die Brille perfekt in Szene setzen,&#8220; erkl\u00e4rt <strong>Susanne Weber<\/strong>, Meisterfriseurin im M\u00fcnchner Salon &#8222;Haarkunst&#8220;.<\/p>\n<h2>Der Pixie-Cut: Zeitlose Eleganz trifft auf Fr\u00fchlingsfrische<\/h2>\n<p>Der <strong>Pixie-Cut<\/strong> bleibt auch im Fr\u00fchling 2025 ein absoluter Favorit. Mit seiner frechen, kurzen Silhouette schenkt er jedem Gesicht eine jugendliche Ausstrahlung. &#8222;Bei Brillentr\u00e4gerinnen achte ich besonders auf die Balance zwischen Brillenrahmen und Ponypartie,&#8220; verr\u00e4t <a href=\"https:\/\/www.journee-mondiale.com\/de\/category\/lebensstil\/\" target=\"_blank\">Styling-Expertin Weber<\/a>. Die kurzen Seiten betonen die Wangenknochen, w\u00e4hrend ein l\u00e4ngeres Deckhaar wunderbar mit der Brillenform harmoniert.<\/p>\n<h2>Fr\u00fchlingstrend: Der texturierte Bob mit Seitenpart<\/h2>\n<p>Ein <strong>texturierter Bob<\/strong> mit Seitenpart ist die perfekte Wahl f\u00fcr den Fr\u00fchling. Dieser Schnitt wirkt leicht wie eine Fr\u00fchlingsbrise und bringt gleichzeitig Struktur ins Haar. Besonders vorteilhaft: Die weichen Str\u00e4hnen rahmen das Gesicht ein und lenken den Blick weg von F\u00e4ltchen. Bei ovalen und herzf\u00f6rmigen Gesichtern entfaltet dieser Look seine volle Wirkung.<\/p>\n<h3>Styling-Tipps f\u00fcr mehr Volumen<\/h3>\n<ul>\n<li><strong>Volumenschaum<\/strong> in handtuchtrockenes Haar einarbeiten<\/li>\n<li>Mit rundem F\u00f6hnaufsatz gegen die Wuchsrichtung f\u00f6hnen<\/li>\n<li>Eine Prise Texturpuder f\u00fcr den Halt verwenden<\/li>\n<\/ul>\n<h2>Der freche Undercut f\u00fcr mutige Seniorinnen<\/h2>\n<p>Wer h\u00e4tte gedacht, dass der <strong>Undercut<\/strong> einmal zum Lieblingsstil vieler stilbewusster Seniorinnen werden w\u00fcrde? Wie ein moderner Rahmen f\u00fcr ein zeitloses Kunstwerk umschmeichelt dieser Schnitt die Gesichtsz\u00fcge und betont die Pers\u00f6nlichkeit. &#8222;Meine 70-j\u00e4hrigen Kundinnen \u00fcberraschen mich immer wieder mit ihrem Mut zu kantigeren Schnitten,&#8220; schmunzelt <a href=\"https:\/\/www.journee-mondiale.com\/de\/category\/reisen\/\" target=\"_blank\">Friseurmeister Thomas Berger<\/a> aus Berlin.<\/p>\n<h2>Die sanfte F\u00f6hnwelle: Zur\u00fcck zum klassischen Glamour<\/h2>\n<p>Wie ein sanfter Fr\u00fchlingswind umspielen leichte <strong>F\u00f6hnwellen<\/strong> das Gesicht und verleihen ihm eine zeitlose Eleganz. Diese Frisur erinnert an die Filmikonen der 50er Jahre und erh\u00e4lt im Fr\u00fchling 2025 ein modernes Update. Besonders schmeichelhaft f\u00fcr runde Gesichtsformen, da die seitliche Bewegung das Gesicht optisch streckt.<\/p>\n<h3>Passende Brillenformen f\u00fcr Kurzhaarschnitte<\/h3>\n<ul>\n<li>Eckige Brillen betonen weiche Kurzhaarschnitte<\/li>\n<li>Runde Brillen harmonieren mit kantigen Pixie-Cuts<\/li>\n<li>Transparente Rahmen wirken besonders leicht zum Fr\u00fchlingslook<\/li>\n<\/ul>\n<h2>Fr\u00fchlingsfarben f\u00fcr graues Haar<\/h2>\n<p>Graues Haar ist wie eine <strong>Leinwand f\u00fcr sanfte Farbnuancen<\/strong>. Ein Hauch von Lavendel oder ein zarter Silberton kann dem grauen Haar im Fr\u00fchling neues Leben einhauchen. &#8222;Ich empfehle meinen Kundinnen oft subtile Pastellt\u00f6ne, die dem Haar Dimension verleihen, ohne zu k\u00fcnstlich zu wirken,&#8220; erkl\u00e4rt <a href=\"https:\/\/www.journee-mondiale.com\/de\/juridisk-informationen\/\" target=\"_blank\">Coloristin Maria Schmidt<\/a>.<\/p>\n<h2>Pflegetipps f\u00fcr kurzes Haar im Fr\u00fchling<\/h2>\n<p>Mit den wechselhaften Fr\u00fchlingstemperaturen braucht auch kurzes Haar besondere Aufmerksamkeit. Eine <strong>feuchtigkeitsspendende Haarmaske<\/strong> einmal pro Woche wirkt wie ein Fr\u00fchlingsregen auf ausgetrocknete Landschaft \u2013 sie spendet intensive Feuchtigkeit und sorgt f\u00fcr gesunden Glanz. Vergessen Sie nicht den <a href=\"https:\/\/www.journee-mondiale.com\/de\/geschichte-der-welttage\/\" target=\"_blank\">UV-Schutz f\u00fcr Ihr Haar<\/a>, wenn die Fr\u00fchlingssonne kr\u00e4ftiger wird.<\/p>\n<h2>Was steckt hinter Ihrem neuen Fr\u00fchlingslook?<\/h2>\n<p>Die richtige Kurzhaarfrisur kann wie ein Fr\u00fchlingserwachen f\u00fcr Ihr Erscheinungsbild sein. Sie verleiht nicht nur Frische und Stil, sondern unterstreicht auch Ihre Pers\u00f6nlichkeit und Ausstrahlung. Trauen Sie sich, mit neuen Schnitten zu experimentieren \u2013 denn wie der Fr\u00fchling selbst, steht auch Ihr Stil f\u00fcr Neuanfang und Lebensfreude!<\/p>\n","protected":false},"excerpt":{"rendered":"<p>Fr\u00fchlingsfrische Frisurenwelt: Stilvolle Kurzhaarschnitte f\u00fcr Seniorinnen mit Brille Die perfekte Harmonie zwischen Kurzhaar und Brillenlook im Fr\u00fchling 2025 Mit dem Fr\u00fchling erwacht nicht nur die Natur zu neuem Leben \u2013 auch unsere Frisurenwelt bl\u00fcht auf! Besonders f\u00fcr Seniorinnen mit Brille bietet die neue Saison wunderbare M\u00f6glichkeiten, ihren Stil durch den richtigen Kurzhaarschnitt zu unterstreichen. &#8222;Eine &#8230; <a title=\"Diese 3 Kurzhaarfrisuren machen Seniorinnen mit Brille 10 Jahre j\u00fcnger (ich habe alle ausprobiert&#8230;)\" class=\"read-more\" href=\"https:\/\/www.journee-mondiale.com\/de\/diese-3-kurzhaarfrisuren-machen-seniorinnen-mit-brille-10-jahre-juenger-ich-habe-alle-ausprobiert\/\" aria-label=\"Mehr Informationen \u00fcber Diese 3 Kurzhaarfrisuren machen Seniorinnen mit Brille 10 Jahre j\u00fcnger (ich habe alle ausprobiert&#8230;)\">Lire plus<\/a><\/p>\n","protected":false},"author":1,"featured_media":12850,"comment_status":"","ping_status":"","sticky":false,"template":"","format":"standard","meta":{"footnotes":""},"categories":[48],"tags":[],"class_list":["post-12851","post","type-post","status-publish","format-standard","has-post-thumbnail","hentry","category-lebensstil"],"acf":[],"_yoast_wpseo_primary_category":null,"_yoast_wpseo_title":null,"_yoast_wpseo_metadesc":null,"_links":{"self":[{"href":"https:\/\/www.journee-mondiale.com\/de\/wp-json\/wp\/v2\/posts\/12851","targetHints":{"allow":["GET"]}}],"collection":[{"href":"https:\/\/www.journee-mondiale.com\/de\/wp-json\/wp\/v2\/posts"}],"about":[{"href":"https:\/\/www.journee-mondiale.com\/de\/wp-json\/wp\/v2\/types\/post"}],"author":[{"embeddable":true,"href":"https:\/\/www.journee-mondiale.com\/de\/wp-json\/wp\/v2\/users\/1"}],"replies":[{"embeddable":true,"href":"https:\/\/www.journee-mondiale.com\/de\/wp-json\/wp\/v2\/comments?post=12851"}],"version-history":[{"count":0,"href":"https:\/\/www.journee-mondiale.com\/de\/wp-json\/wp\/v2\/posts\/12851\/revisions"}],"wp:featuredmedia":[{"embeddable":true,"href":"https:\/\/www.journee-mondiale.com\/de\/wp-json\/wp\/v2\/media\/12850"}],"wp:attachment":[{"href":"https:\/\/www.journee-mondiale.com\/de\/wp-json\/wp\/v2\/media?parent=12851"}],"wp:term":[{"taxonomy":"category","embeddable":true,"href":"https:\/\/www.journee-mondiale.com\/de\/wp-json\/wp\/v2\/categories?post=12851"},{"taxonomy":"post_tag","embeddable":true,"href":"https:\/\/www.journee-mondiale.com\/de\/wp-json\/wp\/v2\/tags?post=12851"}],"curies":[{"name":"wp","href":"https:\/\/api.w.org\/{rel}","templated":true}]}}