{"id":12847,"date":"2025-03-23T20:34:45","date_gmt":"2025-03-23T19:34:45","guid":{"rendered":"https:\/\/www.journee-mondiale.com\/de\/warum-meine-5-minuten-handpflege-die-arthritis-schmerzen-im-fruehling-reduziert-was-experten-verschweigen\/"},"modified":"2025-03-23T20:34:45","modified_gmt":"2025-03-23T19:34:45","slug":"warum-meine-5-minuten-handpflege-die-arthritis-schmerzen-im-fruehling-reduziert-was-experten-verschweigen","status":"publish","type":"post","link":"https:\/\/www.journee-mondiale.com\/de\/warum-meine-5-minuten-handpflege-die-arthritis-schmerzen-im-fruehling-reduziert-was-experten-verschweigen\/","title":{"rendered":"Warum meine 5-Minuten Handpflege die Arthritis-Schmerzen im Fr\u00fchling reduziert (was Experten verschweigen&#8230;)"},"content":{"rendered":"<p>Die Fr\u00fchlingssonne erw\u00e4rmt langsam unsere H\u00e4nde, doch f\u00fcr Frauen mit Arthritis beginnt damit auch eine besondere Herausforderung: Die <strong>t\u00e4gliche Handpflege<\/strong>. Gerade jetzt, wenn die trockene Winterhaut regeneriert werden muss, stehen viele vor der Frage, wie sie ihre N\u00e4gel und H\u00e4nde trotz eingeschr\u00e4nkter Beweglichkeit optimal pflegen k\u00f6nnen. Die gute Nachricht: Mit den richtigen Techniken und Hilfsmitteln kann die Handpflege nicht nur schmerzfrei, sondern sogar zu einem entspannenden Ritual werden.<\/p>\n<h2>Warum Hand- und Nagelpflege bei Arthritis besonders wichtig ist<\/h2>\n<p>Im Fr\u00fchjahr 2025 r\u00fcckt das Thema Selbstpflege trotz Einschr\u00e4nkungen verst\u00e4rkt in den Fokus. &#8222;Gepflegte H\u00e4nde sind nicht nur eine Frage der \u00c4sthetik, sondern haben direkten Einfluss auf das <strong>Selbstwertgef\u00fchl<\/strong> und die Lebensqualit\u00e4t von Arthritis-Patientinnen&#8220;, erkl\u00e4rt Dr. Martina Weber, Rheumatologin am Deutschen Arthritis-Zentrum. Wie ein vernachl\u00e4ssigter Garten im Fr\u00fchling besondere Aufmerksamkeit ben\u00f6tigt, so brauchen auch unsere H\u00e4nde nach dem Winter intensive Pflege.<\/p>\n<h2>Die richtigen Werkzeuge \u2013 Ihr verl\u00e4ngerter Arm<\/h2>\n<p>Die Handhabung klassischer Nagelscheren kann f\u00fcr Arthritis-Betroffene zur Qual werden. Ergonomische Hilfsmittel wirken hier wie ein verl\u00e4ngerter Arm, der die Kraft optimal \u00fcbertr\u00e4gt. <strong>Ergonomische Nagelknipser<\/strong> mit extra breiten Griffen und leichtem Druckmechanismus erleichtern die Nagelpflege erheblich. <a href=\"https:\/\/www.journee-mondiale.com\/de\/category\/lebensstil\/\" target=\"_blank\">Gesunde Lebensweise bei Arthritis<\/a> umfasst auch die Auswahl passender Pflegewerkzeuge.<\/p>\n<h2>Sanfte Fr\u00fchlings-Handpflegeroutine entwickeln<\/h2>\n<p>Eine behutsame Routine kann Wunder wirken. Beginnen Sie mit einem warmen Handbad mit \u00e4therischen \u00d6len \u2013 ideal nach einem Fr\u00fchlingssspaziergang. &#8222;W\u00e4rme entspannt die <strong>entz\u00fcndeten Gelenke<\/strong> und macht die N\u00e4gel weicher f\u00fcr die anschlie\u00dfende Pflege&#8220;, empfiehlt Beauty-Expertin Sophia Meier. Wichtige Schritte f\u00fcr Ihre Routine:<\/p>\n<ul>\n<li>T\u00e4gliches 10-min\u00fctiges Handbad mit lauwarmem Wasser<\/li>\n<li>Sanftes Einmassieren von arthritisfreundlichen Cremes<\/li>\n<li>Kurze, gleichm\u00e4\u00dfige Nagelform f\u00fcr leichtere Pflege<\/li>\n<\/ul>\n<h2>Die Kraft nat\u00fcrlicher Inhaltsstoffe im Fr\u00fchling nutzen<\/h2>\n<p>Der Fr\u00fchling bietet eine F\u00fclle an <strong>nat\u00fcrlichen Heilmitteln<\/strong>. Produkte mit Arnika, Rosmarin und Bienenwachs haben sich als besonders wohltuend erwiesen. &#8222;Nach jahrelanger Forschung sehen wir, dass bestimmte Pflanzenextrakte entz\u00fcndungshemmende Eigenschaften aufweisen, die speziell bei Arthritis helfen k\u00f6nnen&#8220;, best\u00e4tigt Dr. Frank Schuhmann, Dermatologe mit Spezialisierung auf Handekzeme. <a href=\"https:\/\/www.journee-mondiale.com\/de\/category\/reisen\/\" target=\"_blank\">Wellnessreisen f\u00fcr Arthritis-Patienten<\/a> bieten oft Workshops zu naturheilkundlichen Ans\u00e4tzen.<\/p>\n<h2>Nagellack-Alternativen f\u00fcr sensible H\u00e4nde<\/h2>\n<p>Der Trend zu <strong>wasserbasierten Nagellacken<\/strong> kommt Arthritis-Patientinnen besonders zugute. Diese enthalten weniger reizende Chemikalien und lassen sich leichter auftragen und entfernen. Eine Kundin erz\u00e4hlte mir letzte Woche: &#8222;Nach Jahren der Frustration habe ich endlich einen Nagellack gefunden, den ich trotz meiner steifen Finger selbst auftragen kann \u2013 ein kleiner Sieg im Alltag!&#8220;<\/p>\n<h2>Professionelle Hilfe in Anspruch nehmen<\/h2>\n<p>Im Fr\u00fchling 2025 bieten immer mehr Nagelstudios <strong>spezielle Services<\/strong> f\u00fcr Menschen mit eingeschr\u00e4nkter Handbeweglichkeit an. <a href=\"https:\/\/www.journee-mondiale.com\/de\/\" target=\"_blank\">Gesundheitsnews und Updates<\/a> berichten von diesem wachsenden Trend. Regelm\u00e4\u00dfige professionelle Behandlungen k\u00f6nnen sowohl die Nagel- und Hautgesundheit f\u00f6rdern als auch eine willkommene Auszeit vom Alltag bieten.<\/p>\n<h2>Gemeinsam st\u00e4rker \u2013 Pflegetreffen organisieren<\/h2>\n<p>Eine bemerkenswerte Entwicklung sind <strong>Handpflege-Gruppen<\/strong>, in denen sich Betroffene gegenseitig unterst\u00fctzen. &#8222;In unserer Gruppe helfen wir uns beim Lackieren und tauschen Tipps aus. Das verbindet und nimmt die Isolation, die mit chronischen Erkrankungen oft einhergeht&#8220;, erz\u00e4hlt Maria K., Gr\u00fcnderin einer Selbsthilfegruppe in M\u00fcnchen. <a href=\"https:\/\/www.journee-mondiale.com\/de\/feed\/\" target=\"_blank\">Regelm\u00e4\u00dfige Updates zu Gesundheitsthemen<\/a> k\u00f6nnen Ihnen helfen, solche Gruppen zu finden.<\/p>\n<h2>Praktische Alltagshilfen f\u00fcr mehr Selbstst\u00e4ndigkeit<\/h2>\n<ul>\n<li>Nagellackflaschen-Halter f\u00fcr stabileres Arbeiten<\/li>\n<li>Handschuhe mit Grip-Beschichtung f\u00fcr besseren Halt<\/li>\n<li>Automatische Handcr\u00e8me-Spender f\u00fcr einfache Anwendung<\/li>\n<\/ul>\n<p>Wie f\u00fchlt es sich an, wenn selbst kleine Handpflegema\u00dfnahmen wieder Freude statt Frustration bereiten? Mit den richtigen Hilfsmitteln, sanften Techniken und etwas Geduld kann die Fr\u00fchlings-Handpflege trotz Arthritis zu einem <strong>entspannenden Ritual<\/strong> werden. <a href=\"https:\/\/www.journee-mondiale.com\/de\/geschichte-der-welttage\/\" target=\"_blank\">Hintergrund zu Gesundheitsbewusstsein<\/a> zeigt, wie wichtig solche Selbstf\u00fcrsorge f\u00fcr unser Wohlbefinden ist.<\/p>\n","protected":false},"excerpt":{"rendered":"<p>Die Fr\u00fchlingssonne erw\u00e4rmt langsam unsere H\u00e4nde, doch f\u00fcr Frauen mit Arthritis beginnt damit auch eine besondere Herausforderung: Die t\u00e4gliche Handpflege. Gerade jetzt, wenn die trockene Winterhaut regeneriert werden muss, stehen viele vor der Frage, wie sie ihre N\u00e4gel und H\u00e4nde trotz eingeschr\u00e4nkter Beweglichkeit optimal pflegen k\u00f6nnen. Die gute Nachricht: Mit den richtigen Techniken und Hilfsmitteln &#8230; <a title=\"Warum meine 5-Minuten Handpflege die Arthritis-Schmerzen im Fr\u00fchling reduziert (was Experten verschweigen&#8230;)\" class=\"read-more\" href=\"https:\/\/www.journee-mondiale.com\/de\/warum-meine-5-minuten-handpflege-die-arthritis-schmerzen-im-fruehling-reduziert-was-experten-verschweigen\/\" aria-label=\"Mehr Informationen \u00fcber Warum meine 5-Minuten Handpflege die Arthritis-Schmerzen im Fr\u00fchling reduziert (was Experten verschweigen&#8230;)\">Lire plus<\/a><\/p>\n","protected":false},"author":1,"featured_media":12846,"comment_status":"","ping_status":"","sticky":false,"template":"","format":"standard","meta":{"footnotes":""},"categories":[48],"tags":[],"class_list":["post-12847","post","type-post","status-publish","format-standard","has-post-thumbnail","hentry","category-lebensstil"],"acf":[],"_yoast_wpseo_primary_category":null,"_yoast_wpseo_title":null,"_yoast_wpseo_metadesc":null,"_links":{"self":[{"href":"https:\/\/www.journee-mondiale.com\/de\/wp-json\/wp\/v2\/posts\/12847","targetHints":{"allow":["GET"]}}],"collection":[{"href":"https:\/\/www.journee-mondiale.com\/de\/wp-json\/wp\/v2\/posts"}],"about":[{"href":"https:\/\/www.journee-mondiale.com\/de\/wp-json\/wp\/v2\/types\/post"}],"author":[{"embeddable":true,"href":"https:\/\/www.journee-mondiale.com\/de\/wp-json\/wp\/v2\/users\/1"}],"replies":[{"embeddable":true,"href":"https:\/\/www.journee-mondiale.com\/de\/wp-json\/wp\/v2\/comments?post=12847"}],"version-history":[{"count":0,"href":"https:\/\/www.journee-mondiale.com\/de\/wp-json\/wp\/v2\/posts\/12847\/revisions"}],"wp:featuredmedia":[{"embeddable":true,"href":"https:\/\/www.journee-mondiale.com\/de\/wp-json\/wp\/v2\/media\/12846"}],"wp:attachment":[{"href":"https:\/\/www.journee-mondiale.com\/de\/wp-json\/wp\/v2\/media?parent=12847"}],"wp:term":[{"taxonomy":"category","embeddable":true,"href":"https:\/\/www.journee-mondiale.com\/de\/wp-json\/wp\/v2\/categories?post=12847"},{"taxonomy":"post_tag","embeddable":true,"href":"https:\/\/www.journee-mondiale.com\/de\/wp-json\/wp\/v2\/tags?post=12847"}],"curies":[{"name":"wp","href":"https:\/\/api.w.org\/{rel}","templated":true}]}}