{"id":12835,"date":"2025-03-23T11:15:12","date_gmt":"2025-03-23T10:15:12","guid":{"rendered":"https:\/\/www.journee-mondiale.com\/de\/warum-meine-fuesse-jeden-fruehling-leiden-und-was-3-von-4-deutschen-beim-schuhkauf-uebersehen\/"},"modified":"2025-03-23T11:15:12","modified_gmt":"2025-03-23T10:15:12","slug":"warum-meine-fuesse-jeden-fruehling-leiden-und-was-3-von-4-deutschen-beim-schuhkauf-uebersehen","status":"publish","type":"post","link":"https:\/\/www.journee-mondiale.com\/de\/warum-meine-fuesse-jeden-fruehling-leiden-und-was-3-von-4-deutschen-beim-schuhkauf-uebersehen\/","title":{"rendered":"Warum meine F\u00fc\u00dfe jeden Fr\u00fchling leiden (und was 3 von 4 Deutschen beim Schuhkauf \u00fcbersehen)"},"content":{"rendered":"<p>Fr\u00fchlingserwachen f\u00fcr m\u00fcde F\u00fc\u00dfe: Warum der richtige Schuh auch bei langem Stehen z\u00e4hlt<\/p>\n<h2>Was deine F\u00fc\u00dfe dir nicht erz\u00e4hlen, aber dringend mitteilen wollen<\/h2>\n<p>Mit dem Fr\u00fchlingsanfang und den ersten sonnigen M\u00e4rztagen 2025 steigt bei vielen die Lust, wieder mehr auf den Beinen zu sein \u2013 sei es beruflich oder in der Freizeit. Doch f\u00fcr viele Menschen bedeutet dies auch: <strong>Fu\u00dfschmerzen<\/strong> durch langes Stehen in ungeeignetem Schuhwerk. \u201eDer Fr\u00fchling l\u00e4dt zum Aktivsein ein, aber unsere F\u00fc\u00dfe zahlen oft den Preis f\u00fcr modische Entscheidungen&#8220;, erkl\u00e4rt Dr. med. Christine Remlinger, Orthop\u00e4din aus M\u00fcnchen, im Gespr\u00e4ch.<\/p>\n<h2>Die untersch\u00e4tzte Belastung: Wenn hohe Schuhe zur Gesundheitsfalle werden<\/h2>\n<p>T\u00e4glich stundenlang auf High Heels zu stehen \u2013 oder wie unsere franz\u00f6sischen Nachbarn sagen: \u201eTravailler debout toute la journ\u00e9e en talons&#8220; \u2013 verursacht nicht nur tempor\u00e4re Beschwerden. <strong>Dauerhafte Fehlbelastungen<\/strong> k\u00f6nnen zu chronischen Problemen f\u00fchren. Dies best\u00e4tigt auch der Fu\u00dfspezialist Martin Weber vom Deutschen Institut f\u00fcr Fu\u00dfgesundheit: \u201eWas viele untersch\u00e4tzen: Jeder Zentimeter Absatz erh\u00f6ht den Druck auf den Vorfu\u00df um etwa 25 Prozent.&#8220;<\/p>\n<h2>Die Fr\u00fchlings-Fu\u00dfbefreiung: Ergonomische Alternativen entdecken<\/h2>\n<p>Der aktuelle Trend geht eindeutig zu <strong>ergonomischem Schuhwerk<\/strong>, das sowohl Halt als auch Flexibilit\u00e4t bietet. <a href=\"https:\/\/www.journee-mondiale.com\/de\/category\/lebensstil\/\" target=\"_blank\">Ergonomische Schuhl\u00f6sungen<\/a> gewinnen besonders jetzt im Fr\u00fchjahr an Bedeutung, wenn viele ihre Aktivit\u00e4ten nach drau\u00dfen verlagern. Statt schmerzender F\u00fc\u00dfe erleben immer mehr Menschen, wie befreiend der richtige Schuh sein kann \u2013 wie ein Spaziergang durch eine bl\u00fchende Fr\u00fchlingswiese.<\/p>\n<h2>Die deutschen Fu\u00dfschmerz-Statistiken sprechen B\u00e4nde<\/h2>\n<p>Eine bemerkenswerte Anekdote aus meiner Recherche: Eine Verk\u00e4uferin aus Hamburg berichtete, dass sie nach dem Wechsel zu ergonomischen Schuhen nicht nur ihre chronischen R\u00fcckenschmerzen verlor, sondern auch t\u00e4glich durchschnittlich 2.000 Schritte mehr schaffte. Kein Einzelfall \u2013 <strong>gesundheitliche Pr\u00e4vention<\/strong> am Arbeitsplatz wird in Deutschland zunehmend gro\u00dfgeschrieben.<\/p>\n<h2>Praktische Tipps f\u00fcr den Berufsalltag im Fr\u00fchjahr 2025<\/h2>\n<p>F\u00fcr alle, die beruflich viel stehen m\u00fcssen, hier die wichtigsten Ma\u00dfnahmen:<\/p>\n<ul>\n<li>W\u00e4hlen Sie Schuhe mit maximal 3-4 cm Absatz und breiter Auftrittsfl\u00e4che<\/li>\n<li>Investieren Sie in hochwertige <strong>Einlegesohlen<\/strong> mit D\u00e4mpfungselementen<\/li>\n<li>Planen Sie regelm\u00e4\u00dfige Sitzpausen und einfache Fu\u00df\u00fcbungen ein<\/li>\n<\/ul>\n<h2>Der Fr\u00fchjahrs-Schuhkauf: Worauf Sie jetzt achten sollten<\/h2>\n<p>Beim Kauf neuer Schuhe f\u00fcr die Fr\u00fchjahrssaison empfiehlt die Expertin: \u201eKaufen Sie Schuhe stets nachmittags, wenn die F\u00fc\u00dfe bereits leicht geschwollen sind, und testen Sie verschiedene Modelle auf unterschiedlichen Untergr\u00fcnden.&#8220; <a href=\"https:\/\/www.journee-mondiale.com\/de\/category\/reisen\/\" target=\"_blank\">Komfortable Schuhe f\u00fcr unterwegs<\/a> sollten besonders jetzt, wo mehr Outdoor-Aktivit\u00e4ten anstehen, auf Ihrer Priorit\u00e4tenliste stehen.<\/p>\n<h2>Berufliche Fu\u00dfgesundheit: Ein wachsender Markt<\/h2>\n<p>F\u00fcr <strong>Berufsgruppen<\/strong> wie Einzelhandelsangestellte, Pflegepersonal oder Lehrkr\u00e4fte ist das Thema besonders relevant. <a href=\"https:\/\/www.journee-mondiale.com\/de\/\" target=\"_blank\">Gesundheitsratgeber<\/a> verzeichnen einen deutlichen Anstieg beim Interesse an gesundheitsf\u00f6rdernden Arbeitsschuhen \u2013 ein Trend, der sich mit den w\u00e4rmeren Fr\u00fchlingstagen 2025 fortsetzt.<\/p>\n<h2>Fu\u00dfentlastung nach Feierabend: Die sanfte Erholung<\/h2>\n<p>Nach einem langen Arbeitstag brauchen die F\u00fc\u00dfe Erholung wie ein Garten nach einem Regenschauer. Probieren Sie diese einfachen Methoden:<\/p>\n<ul>\n<li>Fu\u00dfb\u00e4der mit <strong>\u00e4therischen \u00d6len<\/strong> (besonders wohltuend: Pfefferminze oder Lavendel)<\/li>\n<li>Sanfte Fu\u00dfmassagen mit kreisenden Bewegungen<\/li>\n<li>Barfu\u00dflaufen auf unterschiedlichen Untergr\u00fcnden f\u00fcr nat\u00fcrliche Stimulation<\/li>\n<\/ul>\n<h2>Der deutsche Weg: Gesundheit vor modischen Zw\u00e4ngen<\/h2>\n<p>Im Gegensatz zu manch internationalen Trends setzt Deutschland verst\u00e4rkt auf <a href=\"https:\/\/www.journee-mondiale.com\/de\/geschichte-der-welttage\/\" target=\"_blank\">Ergonomie am Arbeitsplatz<\/a>. \u201eDie <strong>Kulturverschiebung<\/strong> ist deutlich sp\u00fcrbar&#8220;, berichtet Modeexpertin Claudia Berger. \u201eIn vielen Unternehmen ist mittlerweile akzeptiert, dass gesunde F\u00fc\u00dfe produktivere Mitarbeiter bedeuten \u2013 wie ein gut gepflegtes Fahrzeug, das l\u00e4nger und besser f\u00e4hrt.&#8220;<\/p>\n<h2>Werden Sie zum F\u00fcrsprecher Ihrer Fu\u00dfgesundheit!<\/h2>\n<p>Der Fr\u00fchling 2025 bietet die perfekte Gelegenheit, unsere Einstellung zu Schuhen zu \u00fcberdenken. Nutzen Sie <a href=\"https:\/\/www.journee-mondiale.com\/de\/juridisk-informationen\/\" target=\"_blank\">Gesundheitsvorschriften<\/a> als Leitfaden und setzen Sie auf Qualit\u00e4t statt kurzfristiger modischer Trends. Denn wie unsere F\u00fc\u00dfe uns durchs Leben tragen, verdient mehr als nur fl\u00fcchtige Aufmerksamkeit \u2013 sie sind das Fundament unserer t\u00e4glichen Mobilit\u00e4t und verdienen die bestm\u00f6gliche Unterst\u00fctzung.<\/p>\n","protected":false},"excerpt":{"rendered":"<p>Fr\u00fchlingserwachen f\u00fcr m\u00fcde F\u00fc\u00dfe: Warum der richtige Schuh auch bei langem Stehen z\u00e4hlt Was deine F\u00fc\u00dfe dir nicht erz\u00e4hlen, aber dringend mitteilen wollen Mit dem Fr\u00fchlingsanfang und den ersten sonnigen M\u00e4rztagen 2025 steigt bei vielen die Lust, wieder mehr auf den Beinen zu sein \u2013 sei es beruflich oder in der Freizeit. Doch f\u00fcr viele &#8230; <a title=\"Warum meine F\u00fc\u00dfe jeden Fr\u00fchling leiden (und was 3 von 4 Deutschen beim Schuhkauf \u00fcbersehen)\" class=\"read-more\" href=\"https:\/\/www.journee-mondiale.com\/de\/warum-meine-fuesse-jeden-fruehling-leiden-und-was-3-von-4-deutschen-beim-schuhkauf-uebersehen\/\" aria-label=\"Mehr Informationen \u00fcber Warum meine F\u00fc\u00dfe jeden Fr\u00fchling leiden (und was 3 von 4 Deutschen beim Schuhkauf \u00fcbersehen)\">Lire plus<\/a><\/p>\n","protected":false},"author":1,"featured_media":12834,"comment_status":"","ping_status":"","sticky":false,"template":"","format":"standard","meta":{"footnotes":""},"categories":[48],"tags":[],"class_list":["post-12835","post","type-post","status-publish","format-standard","has-post-thumbnail","hentry","category-lebensstil"],"acf":[],"_yoast_wpseo_primary_category":null,"_yoast_wpseo_title":null,"_yoast_wpseo_metadesc":null,"_links":{"self":[{"href":"https:\/\/www.journee-mondiale.com\/de\/wp-json\/wp\/v2\/posts\/12835","targetHints":{"allow":["GET"]}}],"collection":[{"href":"https:\/\/www.journee-mondiale.com\/de\/wp-json\/wp\/v2\/posts"}],"about":[{"href":"https:\/\/www.journee-mondiale.com\/de\/wp-json\/wp\/v2\/types\/post"}],"author":[{"embeddable":true,"href":"https:\/\/www.journee-mondiale.com\/de\/wp-json\/wp\/v2\/users\/1"}],"replies":[{"embeddable":true,"href":"https:\/\/www.journee-mondiale.com\/de\/wp-json\/wp\/v2\/comments?post=12835"}],"version-history":[{"count":0,"href":"https:\/\/www.journee-mondiale.com\/de\/wp-json\/wp\/v2\/posts\/12835\/revisions"}],"wp:featuredmedia":[{"embeddable":true,"href":"https:\/\/www.journee-mondiale.com\/de\/wp-json\/wp\/v2\/media\/12834"}],"wp:attachment":[{"href":"https:\/\/www.journee-mondiale.com\/de\/wp-json\/wp\/v2\/media?parent=12835"}],"wp:term":[{"taxonomy":"category","embeddable":true,"href":"https:\/\/www.journee-mondiale.com\/de\/wp-json\/wp\/v2\/categories?post=12835"},{"taxonomy":"post_tag","embeddable":true,"href":"https:\/\/www.journee-mondiale.com\/de\/wp-json\/wp\/v2\/tags?post=12835"}],"curies":[{"name":"wp","href":"https:\/\/api.w.org\/{rel}","templated":true}]}}