{"id":12831,"date":"2025-03-23T10:34:59","date_gmt":"2025-03-23T09:34:59","guid":{"rendered":"https:\/\/www.journee-mondiale.com\/de\/7-frisuren-die-mein-feines-haar-endlich-zum-leben-erweckt-haben-der-volumenschnitt-nr-3-veraenderte-alles\/"},"modified":"2025-03-23T10:34:59","modified_gmt":"2025-03-23T09:34:59","slug":"7-frisuren-die-mein-feines-haar-endlich-zum-leben-erweckt-haben-der-volumenschnitt-nr-3-veraenderte-alles","status":"publish","type":"post","link":"https:\/\/www.journee-mondiale.com\/de\/7-frisuren-die-mein-feines-haar-endlich-zum-leben-erweckt-haben-der-volumenschnitt-nr-3-veraenderte-alles\/","title":{"rendered":"7 Frisuren die mein feines Haar endlich zum Leben erweckt haben (der Volumenschnitt Nr. 3 ver\u00e4nderte alles)"},"content":{"rendered":"<p>Es ist Fr\u00fchling, die Zeit der Erneuerung &#8211; und f\u00fcr viele von uns mit feinem, schlaffem Haar auch die perfekte Gelegenheit, frischen Schwung in unsere M\u00e4hne zu bringen. Wenn du morgens frustriert vor dem Spiegel stehst, weil dein Haar einfach nicht das gew\u00fcnschte Volumen zeigt, bist du nicht allein. <strong>Feines Haar<\/strong> kann eine echte Herausforderung darstellen, doch mit den richtigen Frisuren kannst du wahre Wunder bewirken!<\/p>\n<h2>Warum der richtige Schnitt f\u00fcr feines Haar entscheidend ist<\/h2>\n<p>&#8222;Bei d\u00fcnnem Haar ist der Schnitt das A und O. Die richtige Frisur kann den Unterschied zwischen plattem Haar und nat\u00fcrlichem Volumen ausmachen&#8220;, erkl\u00e4rt <strong>Eva Bergmann<\/strong>, Meisterfriseurin und Inhaberin des Berliner Salons &#8222;HaarKraft&#8220;. Feines Haar braucht Struktur und Bewegung, um optisch an F\u00fclle zu gewinnen. Besonders im Fr\u00fchling, wenn wir die schweren Winterm\u00fctzen ablegen, sehnen wir uns nach luftigen, volumin\u00f6sen Styles.<\/p>\n<h2>Der Klassiker mit Twist: Der volumengebende Bob<\/h2>\n<p>Der <strong>Blunt Bob<\/strong> ist ein echter Game-Changer f\u00fcr feines Haar. Durch den klaren, gleichm\u00e4\u00dfigen Schnitt auf einer L\u00e4nge wirkt das Haar sofort f\u00fclliger. &#8222;Ich empfehle meinen Kundinnen mit feinem Haar oft einen kinnlangen Bob mit leicht eingedrehten Spitzen &#8211; wie eine Leinwand, die am unteren Rand mehr Struktur bekommt&#8220;, verr\u00e4t Bergmann. Besonders angesagt im Fr\u00fchling 2025: Der Bob mit mikro-gestuften Enden f\u00fcr zus\u00e4tzliche Textur.<\/p>\n<h2>Pixie-Schnitte: Weniger Haar, mehr Wirkung<\/h2>\n<p>Kurzhaarfrisuren wie der <strong>texturierte Pixie<\/strong> k\u00f6nnen wahre Wunder bewirken. Durch die kurzen L\u00e4ngen wird das Haar automatisch leichter und kann sich besser vom Kopf abheben. &#8222;Ein Pixie-Cut ist wie ein Architekturwunder auf dem Kopf &#8211; er nutzt die nat\u00fcrliche Beschaffenheit des Haares optimal aus&#8220;, schw\u00e4rmt <strong>Thomas Schmidt<\/strong>, Frisurenexperte aus M\u00fcnchen. Besonders wirkungsvoll: L\u00e4ngere, texturierte Partien am Oberkopf f\u00fcr maximales Volumen.<\/p>\n<h2>Der Schichten-Trick: Leichtigkeit durch Stufen<\/h2>\n<p>L\u00e4ngere Haare m\u00fcssen kein Tabu sein! Mit geschickten Schichten kannst du auch bei mittellangen bis langen Haaren f\u00fcr Sprungkraft sorgen. Wichtig dabei:<\/p>\n<ul>\n<li>Leichte, unsichtbare Stufen statt schwerer Abstufungen<\/li>\n<li>Mehr Volumen im Oberkopfbereich durch k\u00fcrzere L\u00e4ngen<\/li>\n<li>Gesichtsumrahmende Stufen f\u00fcr Dynamik<\/li>\n<\/ul>\n<h2>Der Fr\u00fchlingsrenner: Shaggy Bob mit Curtain Bangs<\/h2>\n<p>Wie ein frischer Fr\u00fchlingswind wirbelt der <strong>Shaggy Bob<\/strong> durch die Frisurentrends 2025. &#8222;Diese Frisur ist wie ein gut geschnittenes Kleid &#8211; sie passt sich perfekt an und betont genau die richtigen Stellen&#8220;, erkl\u00e4rt Schmidt. Die Kombination aus weichen Stufen und l\u00e4ngeren <strong>Curtain Bangs<\/strong> schafft optisches Volumen und rahmt das Gesicht vorteilhaft ein. Ein besonders schmeichelhafter Look f\u00fcr ovale und herzf\u00f6rmige Gesichter!<\/p>\n<h2>Styling-Geheimnisse f\u00fcr mehr Volumen im Alltag<\/h2>\n<p>Die beste Frisur kann ihr Potenzial nur mit dem richtigen Styling voll entfalten. Profis schw\u00f6ren auf diese Tricks:<\/p>\n<ul>\n<li>F\u00f6hnen mit nach unten geneigtem Kopf f\u00fcr nat\u00fcrliche Wurzelanhebung<\/li>\n<li>Volumenpuder gezielt am Ansatz einarbeiten<\/li>\n<li>Trockenshampoo nicht nur bei fettigem Haar, sondern auch f\u00fcr Textur nutzen<\/li>\n<\/ul>\n<h2>Die Macht der Farbe: Dimension durch Highlights<\/h2>\n<p>Ein gut platzierter <strong>Farbakzent<\/strong> kann Wunder wirken. &#8222;Feine Str\u00e4hnchen in verschiedenen Nuancen erzeugen eine optische Tiefe im Haar, fast wie ein dreidimensionales Kunstwerk&#8220;, verr\u00e4t Bergmann. Im Fr\u00fchling 2025 sind besonders nat\u00fcrliche, sonnengek\u00fcsste Highlights gefragt, die dem Haar Dimension verleihen, ohne zu k\u00fcnstlich zu wirken.<\/p>\n<h2>Bist du bereit, deinem feinen Haar neues Leben einzuhauchen?<\/h2>\n<p>Dein feines Haar ist kein Makel, sondern eine einzigartige Eigenschaft, die mit der richtigen Frisur wundersch\u00f6n zur Geltung kommen kann. Wie ein zartes Fr\u00fchlingsblatt, das im Wind tanzt, kann auch dein feines Haar mit Leichtigkeit und Bewegung begeistern. Trau dich, diesen Fr\u00fchling einen neuen Schnitt zu wagen \u2013 dein Haar wird es dir mit neuem Volumen und Lebendigkeit danken!<\/p>\n","protected":false},"excerpt":{"rendered":"<p>Es ist Fr\u00fchling, die Zeit der Erneuerung &#8211; und f\u00fcr viele von uns mit feinem, schlaffem Haar auch die perfekte Gelegenheit, frischen Schwung in unsere M\u00e4hne zu bringen. Wenn du morgens frustriert vor dem Spiegel stehst, weil dein Haar einfach nicht das gew\u00fcnschte Volumen zeigt, bist du nicht allein. Feines Haar kann eine echte Herausforderung &#8230; <a title=\"7 Frisuren die mein feines Haar endlich zum Leben erweckt haben (der Volumenschnitt Nr. 3 ver\u00e4nderte alles)\" class=\"read-more\" href=\"https:\/\/www.journee-mondiale.com\/de\/7-frisuren-die-mein-feines-haar-endlich-zum-leben-erweckt-haben-der-volumenschnitt-nr-3-veraenderte-alles\/\" aria-label=\"Mehr Informationen \u00fcber 7 Frisuren die mein feines Haar endlich zum Leben erweckt haben (der Volumenschnitt Nr. 3 ver\u00e4nderte alles)\">Lire plus<\/a><\/p>\n","protected":false},"author":1,"featured_media":12830,"comment_status":"","ping_status":"","sticky":false,"template":"","format":"standard","meta":{"footnotes":""},"categories":[48],"tags":[],"class_list":["post-12831","post","type-post","status-publish","format-standard","has-post-thumbnail","hentry","category-lebensstil"],"acf":[],"_yoast_wpseo_primary_category":null,"_yoast_wpseo_title":null,"_yoast_wpseo_metadesc":null,"_links":{"self":[{"href":"https:\/\/www.journee-mondiale.com\/de\/wp-json\/wp\/v2\/posts\/12831","targetHints":{"allow":["GET"]}}],"collection":[{"href":"https:\/\/www.journee-mondiale.com\/de\/wp-json\/wp\/v2\/posts"}],"about":[{"href":"https:\/\/www.journee-mondiale.com\/de\/wp-json\/wp\/v2\/types\/post"}],"author":[{"embeddable":true,"href":"https:\/\/www.journee-mondiale.com\/de\/wp-json\/wp\/v2\/users\/1"}],"replies":[{"embeddable":true,"href":"https:\/\/www.journee-mondiale.com\/de\/wp-json\/wp\/v2\/comments?post=12831"}],"version-history":[{"count":0,"href":"https:\/\/www.journee-mondiale.com\/de\/wp-json\/wp\/v2\/posts\/12831\/revisions"}],"wp:featuredmedia":[{"embeddable":true,"href":"https:\/\/www.journee-mondiale.com\/de\/wp-json\/wp\/v2\/media\/12830"}],"wp:attachment":[{"href":"https:\/\/www.journee-mondiale.com\/de\/wp-json\/wp\/v2\/media?parent=12831"}],"wp:term":[{"taxonomy":"category","embeddable":true,"href":"https:\/\/www.journee-mondiale.com\/de\/wp-json\/wp\/v2\/categories?post=12831"},{"taxonomy":"post_tag","embeddable":true,"href":"https:\/\/www.journee-mondiale.com\/de\/wp-json\/wp\/v2\/tags?post=12831"}],"curies":[{"name":"wp","href":"https:\/\/api.w.org\/{rel}","templated":true}]}}