{"id":12827,"date":"2025-03-23T06:34:56","date_gmt":"2025-03-23T05:34:56","guid":{"rendered":"https:\/\/www.journee-mondiale.com\/de\/die-perfekte-jeans-fuer-stundenglasfiguren-ab-50-warum-high-waist-im-fruehling-2025-ihre-taille-zauberhaft-betont\/"},"modified":"2025-03-23T06:34:56","modified_gmt":"2025-03-23T05:34:56","slug":"die-perfekte-jeans-fuer-stundenglasfiguren-ab-50-warum-high-waist-im-fruehling-2025-ihre-taille-zauberhaft-betont","status":"publish","type":"post","link":"https:\/\/www.journee-mondiale.com\/de\/die-perfekte-jeans-fuer-stundenglasfiguren-ab-50-warum-high-waist-im-fruehling-2025-ihre-taille-zauberhaft-betont\/","title":{"rendered":"Die perfekte Jeans f\u00fcr Stundenglasfiguren ab 50: Warum High-Waist im Fr\u00fchling 2025 Ihre Taille zauberhaft betont"},"content":{"rendered":"<p>Die perfekte Jeans f\u00fcr die Stundenglasfigur ab 50 zu finden, kann wie eine Schatzsuche erscheinen. Gerade wenn der Fr\u00fchling 2025 uns dazu einl\u00e4dt, die Winterkleidung gegen leichtere Styles einzutauschen, stellt sich die Frage nach dem idealen Denim-Schnitt. <strong>Stundenglasfiguren<\/strong> mit ihrer charakteristischen schmalen Taille und ausgepr\u00e4gteren H\u00fcften verdienen besondere Aufmerksamkeit bei der Jeansauswahl \u2013 besonders nach dem 50. Lebensjahr, wenn sich der K\u00f6rper ver\u00e4ndert.<\/p>\n<h2>Warum die richtige Jeans gerade im Fr\u00fchling so wichtig ist<\/h2>\n<p>\u201eDie Jeans ist das demokratischste Kleidungsst\u00fcck \u00fcberhaupt \u2013 sie steht jeder Frau zu, in jedem Alter und bei jeder Figur&#8220;, erkl\u00e4rt <strong>Modestylistin<\/strong> Claudia Weber aus M\u00fcnchen. \u201eGerade im Fr\u00fchjahr, wenn die Temperaturen schwanken, ist eine gut sitzende Jeans der perfekte Begleiter f\u00fcr den Alltag.&#8220; Mit den richtigen Schnitten wirkt die Silhouette harmonisch und ausgewogen \u2013 genau das, was viele Frauen \u00fcber 50 mit Stundenglasfigur suchen.<\/p>\n<h2>High-Waist: Der beste Freund der Stundenglasfigur<\/h2>\n<p>Hochgeschnittene Modelle sind der absolute Favorit f\u00fcr die <a href=\"https:\/\/www.journee-mondiale.com\/de\/category\/lebensstil\/\" target=\"_blank\">Mode-Tipps f\u00fcr Frauen \u00fcber 50<\/a>. Sie betonen die schmalste Stelle des K\u00f6rpers und sorgen f\u00fcr einen flachen Bauch. \u201eEine hohe Taille betont genau das, was eine Stundenglasfigur ausmacht \u2013 die schmale Mitte&#8220;, best\u00e4tigt Modeexpertin <strong>Dr. Sabine Meier<\/strong> vom Deutschen Mode-Institut.<\/p>\n<h2>Bootcut und Straight Legs: Die Klassiker im Fr\u00fchling 2025<\/h2>\n<p>Statt auf zu enge Skinny Jeans zu setzen, empfehlen sich diese zeitlosen Schnitte:<\/p>\n<ul>\n<li><strong>Bootcut-Jeans<\/strong> \u2013 balancieren die Proportionen perfekt aus<\/li>\n<li><strong>Straight-Leg-Modelle<\/strong> \u2013 schaffen eine schlanke Silhouette<\/li>\n<li>Leicht ausgestellte Varianten \u2013 verl\u00e4ngern optisch das Bein<\/li>\n<\/ul>\n<h2>Die Magie der dunklen Waschungen<\/h2>\n<p>Wie ein guter Rahmen ein Kunstwerk zur Geltung bringt, so betonen dunkle Jeansfarben die Vorz\u00fcge einer Stundenglasfigur. Schwarz, Dunkelblau und tiefe Indigo-T\u00f6ne wirken nicht nur <strong>eleganter<\/strong>, sondern auch schlanker. Perfekt f\u00fcr die ersten Fr\u00fchlingsausfl\u00fcge, kombiniert mit leichten Blusen oder Cardigans, wie sie auch bei <a href=\"https:\/\/www.journee-mondiale.com\/de\/\" target=\"_blank\">Aktuelle Modetrends<\/a> zu finden sind.<\/p>\n<h2>Materialien, die mit dem K\u00f6rper arbeiten<\/h2>\n<p>\u201eNach 50 braucht die Haut mehr Pflege \u2013 und die Jeans mehr Stretch&#8220;, scherzt <strong>Textilingenieurin<\/strong> Petra Hoffmann. Der Fr\u00fchling 2025 bringt gro\u00dfartige Neuheiten bei Jeansstoffen:<\/p>\n<ul>\n<li>Mindestens 2% <strong>Elasthan<\/strong> f\u00fcr angenehmen Komfort<\/li>\n<li>Formbest\u00e4ndige Qualit\u00e4ten, die nicht ausleiern<\/li>\n<li>Leichtere Denims f\u00fcr mildere Temperaturen<\/li>\n<\/ul>\n<h2>Die Taille betonen, nicht verstecken<\/h2>\n<p>Statt \u00fcbergro\u00dfer Oberteile, die die Figur verschwinden lassen, empfehlen sich taillierte Tops und Blusen. Kombiniert mit der richtigen Jeans entsteht ein harmonischer Look f\u00fcr <a href=\"https:\/\/www.journee-mondiale.com\/de\/category\/reisen\/\" target=\"_blank\">Stilvolle Kleidung auf Reisen<\/a> und Alltag. Der Fr\u00fchling 2025 bietet hier wunderbare Farbkombinationen wie Pastellt\u00f6ne zu dunklem Denim.<\/p>\n<h2>Luxus oder Massenmarkt?<\/h2>\n<p>Premium-Marken wie 7 For All Mankind bieten hervorragende Schnitte, aber auch deutsche <strong>Einzelh\u00e4ndler<\/strong> wie Otto und Zalando f\u00fchren spezielle Kollektionen f\u00fcr reifere Frauen. \u201eInvestieren Sie lieber in zwei perfekt sitzende Jeans als in f\u00fcnf mittelm\u00e4\u00dfige&#8220;, r\u00e4t Mode-Bloggerin Mona Meyer, die f\u00fcr <a href=\"https:\/\/www.journee-mondiale.com\/de\/juridisk-informationen\/\" target=\"_blank\">Nachhaltiger Modeeinkauf<\/a> pl\u00e4diert.<\/p>\n<h2>Der Spiegel l\u00fcgt nicht: Die Anprobe als Entscheidungshilfe<\/h2>\n<p>Wie eine Reise durch die unendlichen Weiten des Jeanshimmels kann die Suche nach der perfekten Hose erscheinen. Doch mit diesen Kriterien finden Sie im Fr\u00fchling 2025 garantiert das richtige Modell: Die Jeans sollte bequem im Stehen und Sitzen sein, Ihre Taille betonen und den Po schmeichelhaft umschlie\u00dfen. Denn letztlich geht es darum, dass Sie sich in Ihrer Jeans so wohl f\u00fchlen wie in Ihrer Haut \u2013 in jedem Alter und zu jeder <a href=\"https:\/\/www.journee-mondiale.com\/de\/geschichte-der-welttage\/\" target=\"_blank\">Die Entwicklung der Damenmode<\/a> zum Trotz.<\/p>\n","protected":false},"excerpt":{"rendered":"<p>Die perfekte Jeans f\u00fcr die Stundenglasfigur ab 50 zu finden, kann wie eine Schatzsuche erscheinen. Gerade wenn der Fr\u00fchling 2025 uns dazu einl\u00e4dt, die Winterkleidung gegen leichtere Styles einzutauschen, stellt sich die Frage nach dem idealen Denim-Schnitt. Stundenglasfiguren mit ihrer charakteristischen schmalen Taille und ausgepr\u00e4gteren H\u00fcften verdienen besondere Aufmerksamkeit bei der Jeansauswahl \u2013 besonders nach &#8230; <a title=\"Die perfekte Jeans f\u00fcr Stundenglasfiguren ab 50: Warum High-Waist im Fr\u00fchling 2025 Ihre Taille zauberhaft betont\" class=\"read-more\" href=\"https:\/\/www.journee-mondiale.com\/de\/die-perfekte-jeans-fuer-stundenglasfiguren-ab-50-warum-high-waist-im-fruehling-2025-ihre-taille-zauberhaft-betont\/\" aria-label=\"Mehr Informationen \u00fcber Die perfekte Jeans f\u00fcr Stundenglasfiguren ab 50: Warum High-Waist im Fr\u00fchling 2025 Ihre Taille zauberhaft betont\">Lire plus<\/a><\/p>\n","protected":false},"author":1,"featured_media":12826,"comment_status":"","ping_status":"","sticky":false,"template":"","format":"standard","meta":{"footnotes":""},"categories":[48],"tags":[],"class_list":["post-12827","post","type-post","status-publish","format-standard","has-post-thumbnail","hentry","category-lebensstil"],"acf":[],"_yoast_wpseo_primary_category":null,"_yoast_wpseo_title":null,"_yoast_wpseo_metadesc":null,"_links":{"self":[{"href":"https:\/\/www.journee-mondiale.com\/de\/wp-json\/wp\/v2\/posts\/12827","targetHints":{"allow":["GET"]}}],"collection":[{"href":"https:\/\/www.journee-mondiale.com\/de\/wp-json\/wp\/v2\/posts"}],"about":[{"href":"https:\/\/www.journee-mondiale.com\/de\/wp-json\/wp\/v2\/types\/post"}],"author":[{"embeddable":true,"href":"https:\/\/www.journee-mondiale.com\/de\/wp-json\/wp\/v2\/users\/1"}],"replies":[{"embeddable":true,"href":"https:\/\/www.journee-mondiale.com\/de\/wp-json\/wp\/v2\/comments?post=12827"}],"version-history":[{"count":0,"href":"https:\/\/www.journee-mondiale.com\/de\/wp-json\/wp\/v2\/posts\/12827\/revisions"}],"wp:featuredmedia":[{"embeddable":true,"href":"https:\/\/www.journee-mondiale.com\/de\/wp-json\/wp\/v2\/media\/12826"}],"wp:attachment":[{"href":"https:\/\/www.journee-mondiale.com\/de\/wp-json\/wp\/v2\/media?parent=12827"}],"wp:term":[{"taxonomy":"category","embeddable":true,"href":"https:\/\/www.journee-mondiale.com\/de\/wp-json\/wp\/v2\/categories?post=12827"},{"taxonomy":"post_tag","embeddable":true,"href":"https:\/\/www.journee-mondiale.com\/de\/wp-json\/wp\/v2\/tags?post=12827"}],"curies":[{"name":"wp","href":"https:\/\/api.w.org\/{rel}","templated":true}]}}