{"id":12825,"date":"2025-03-23T06:24:13","date_gmt":"2025-03-23T05:24:13","guid":{"rendered":"https:\/\/www.journee-mondiale.com\/de\/revolution-fuer-reifes-haar-wie-ich-meine-farbe-3x-laenger-haltbar-machte-die-ueberraschende-rosmarinoel-methode\/"},"modified":"2025-03-23T06:24:13","modified_gmt":"2025-03-23T05:24:13","slug":"revolution-fuer-reifes-haar-wie-ich-meine-farbe-3x-laenger-haltbar-machte-die-ueberraschende-rosmarinoel-methode","status":"publish","type":"post","link":"https:\/\/www.journee-mondiale.com\/de\/revolution-fuer-reifes-haar-wie-ich-meine-farbe-3x-laenger-haltbar-machte-die-ueberraschende-rosmarinoel-methode\/","title":{"rendered":"Revolution f\u00fcr reifes Haar: Wie ich meine Farbe 3x l\u00e4nger haltbar machte (die \u00fcberraschende Rosmarin\u00f6l-Methode)"},"content":{"rendered":"<p>Der Fr\u00fchling 2025 ist da, und mit ihm kommen revolution\u00e4re Entwicklungen in der Haarpflege. Die Zeiten, in denen wir uns mit mittelm\u00e4\u00dfigen Produkten zufriedengeben mussten, sind vorbei. Besonders f\u00fcr <strong>reifes Haar<\/strong> und <strong>coloriertes Haar<\/strong> gibt es bahnbrechende Neuheiten, die wir bei <a href=\"https:\/\/www.journee-mondiale.com\/de\/\" target=\"_blank\">Aktuelle Haarpflege-News<\/a> f\u00fcr euch unter die Lupe genommen haben. Lasst uns gemeinsam die besten Produkte f\u00fcr gesundes, gl\u00e4nzendes Haar im Jahr 2025 entdecken!<\/p>\n<h2>Revolution der Inhaltsstoffe: Was 2025 wirklich wirkt<\/h2>\n<p>&#8222;Die Haarpflegeindustrie hat endlich verstanden, dass es bei Haargesundheit nicht nur um oberfl\u00e4chlichen Glanz geht, sondern um tiefgreifende Regeneration von innen heraus&#8220;, erkl\u00e4rt Dr. Marie Hoffmann, f\u00fchrende Dermatologin an der Charit\u00e9 Berlin. <strong>Peptide<\/strong>, Hyalurons\u00e4ure und Ceramide sind die Superstar-Inhaltsstoffe des Jahres 2025, die Haarsch\u00e4den nicht nur kaschieren, sondern tats\u00e4chlich reparieren.<\/p>\n<h2>Nat\u00fcrliche Kraftpakete f\u00fcr strahlenden Glanz<\/h2>\n<p>Die R\u00fcckkehr zur Natur ist mehr als nur ein Trend \u2013 sie ist eine Bewegung. Produkte mit <strong>pflanzlichen Extrakten<\/strong> wie Klettenwurzel, Aloe Vera und Brennnessel dominieren die Regale. Diese Inhaltsstoffe sind wie ein Festmahl f\u00fcr durstige Haarfollikel und verleihen selbst strapaziertem Haar neue Lebenskraft. Entdecke <a href=\"https:\/\/www.journee-mondiale.com\/de\/category\/reisen\/\" target=\"_blank\">Naturkosmetik weltweit<\/a> f\u00fcr internationale Inspirationen.<\/p>\n<h2>Das Gold f\u00fcr reifes Haar: Spezialprodukte mit Anti-Aging-Effekt<\/h2>\n<p>Reifes Haar ben\u00f6tigt besondere Aufmerksamkeit. Die neue Generation von <strong>Anti-Aging-Haarpflegeprodukten<\/strong> enth\u00e4lt konzentrierte Mischungen aus Kollagen, Q10 und speziellen Aminos\u00e4urekomplexen. &#8222;Diese Produkte arbeiten wie ein unsichtbares St\u00fctzkorsett f\u00fcr die Haarstruktur&#8220;, verr\u00e4t Star-Stylist Thomas M\u00fcller aus M\u00fcnchen. &#8222;Sie geben dem Haar nicht nur Volumen zur\u00fcck, sondern st\u00e4rken es auch von innen heraus.&#8220;<\/p>\n<h2>Farbschutz 2.0: Revolution f\u00fcr coloriertes Haar<\/h2>\n<p>Wer kennt es nicht: Die frische Haarfarbe verblasst viel zu schnell. Die neuen <strong>Farbschutzkomplexe<\/strong> mit UV-Filtern und Antioxidantien aus Granatapfel sch\u00fctzen jetzt bis zu dreimal l\u00e4nger vor dem Verblassen. Die besten Produkte schaffen dabei den Spagat zwischen intensivem Farbschutz und nat\u00fcrlichem Glanz \u2013 ohne das Haar zu beschweren.<\/p>\n<h3>Top 3 Shampoos f\u00fcr coloriertes Haar 2025:<\/h3>\n<ul>\n<li>ColorLock Micellar von Schwarzkopf Professional<\/li>\n<li>Vibrance Shield mit Granatapfel-Komplex<\/li>\n<li>Pigment Protect mit Ceramiden und Hafermilch<\/li>\n<\/ul>\n<h2>Das Comeback des Rosmarin\u00f6ls<\/h2>\n<p><strong>Rosmarin\u00f6l<\/strong> ist wie ein Ph\u00f6nix aus der Asche aufgestiegen und zum unverzichtbaren Bestandteil moderner Haarpflege geworden. &#8222;Was fr\u00fcher als Hausmittel bel\u00e4chelt wurde, ist heute wissenschaftlich best\u00e4tigt&#8220;, best\u00e4tigt Haarspezialistin Dr. Karin Weber. Die stimulierende Wirkung auf die Kopfhaut macht dieses \u00d6l zu einem Wundermittel bei <a href=\"https:\/\/www.journee-mondiale.com\/de\/category\/lebensstil\/\" target=\"_blank\">Haarpflege-Trends<\/a> gegen Haarausfall und f\u00fcr mehr Haarwachstum.<\/p>\n<h2>Multifunktionale Treatments: Die Allesk\u00f6nner<\/h2>\n<p>Wer hat schon Zeit f\u00fcr komplizierte Pflegerituale? Die <strong>Leave-in-Treatments<\/strong> des Jahres 2025 sind wie Schweizer Taschenmesser f\u00fcr dein Haar \u2013 sie pflegen, sch\u00fctzen vor Hitze, verleihen Glanz und reparieren Sch\u00e4den. Besonders praktisch: Die neue Generation von Spr\u00fchkuren zieht blitzschnell ein und beschwert selbst feines Haar nicht.<\/p>\n<h3>Unverzichtbare Eigenschaften moderner Haarpflegeprodukte:<\/h3>\n<ul>\n<li>Frei von Silikonen und Parabenen<\/li>\n<li>Mikrobiom-freundliche Formulierungen<\/li>\n<li>Nachhaltige Verpackung aus recycelten Materialien<\/li>\n<li>F\u00fcr alle Haartypen geeignet<\/li>\n<\/ul>\n<h2>Ist die Zukunft der Haarpflege wirklich so strahlend?<\/h2>\n<p>Die Antwort lautet eindeutig: Ja! Die Wissenschaft hinter moderner Haarpflege hat einen Quantensprung gemacht. Was einst nur in teuren Salons erh\u00e4ltlich war, haben wir nun zu Hause zur Verf\u00fcgung. Mit den richtigen Produkten und ein wenig Wissen kann jeder zu seinem eigenen Haarexperten werden. Bleibe auf dem Laufenden mit <a href=\"https:\/\/www.journee-mondiale.com\/de\/feed\/\" target=\"_blank\">Haarpflege-Updates abonnieren<\/a> und lass dich von den Innovationen des Jahres 2025 zu deinem pers\u00f6nlichen Haarwunder inspirieren!<\/p>\n<p>Vergiss nicht, am <a href=\"https:\/\/www.journee-mondiale.com\/de\/geschichte-der-welttage\/\" target=\"_blank\">Welttag der Haarpflege<\/a> besonders gut auf deine Haare zu achten \u2013 denn gesundes, gl\u00e4nzendes Haar ist keine Frage des Alters oder der Haarfarbe, sondern der richtigen Pflege!<\/p>\n","protected":false},"excerpt":{"rendered":"<p>Der Fr\u00fchling 2025 ist da, und mit ihm kommen revolution\u00e4re Entwicklungen in der Haarpflege. Die Zeiten, in denen wir uns mit mittelm\u00e4\u00dfigen Produkten zufriedengeben mussten, sind vorbei. Besonders f\u00fcr reifes Haar und coloriertes Haar gibt es bahnbrechende Neuheiten, die wir bei Aktuelle Haarpflege-News f\u00fcr euch unter die Lupe genommen haben. Lasst uns gemeinsam die besten &#8230; <a title=\"Revolution f\u00fcr reifes Haar: Wie ich meine Farbe 3x l\u00e4nger haltbar machte (die \u00fcberraschende Rosmarin\u00f6l-Methode)\" class=\"read-more\" href=\"https:\/\/www.journee-mondiale.com\/de\/revolution-fuer-reifes-haar-wie-ich-meine-farbe-3x-laenger-haltbar-machte-die-ueberraschende-rosmarinoel-methode\/\" aria-label=\"Mehr Informationen \u00fcber Revolution f\u00fcr reifes Haar: Wie ich meine Farbe 3x l\u00e4nger haltbar machte (die \u00fcberraschende Rosmarin\u00f6l-Methode)\">Lire plus<\/a><\/p>\n","protected":false},"author":1,"featured_media":12824,"comment_status":"","ping_status":"","sticky":false,"template":"","format":"standard","meta":{"footnotes":""},"categories":[48],"tags":[],"class_list":["post-12825","post","type-post","status-publish","format-standard","has-post-thumbnail","hentry","category-lebensstil"],"acf":[],"_yoast_wpseo_primary_category":null,"_yoast_wpseo_title":null,"_yoast_wpseo_metadesc":null,"_links":{"self":[{"href":"https:\/\/www.journee-mondiale.com\/de\/wp-json\/wp\/v2\/posts\/12825","targetHints":{"allow":["GET"]}}],"collection":[{"href":"https:\/\/www.journee-mondiale.com\/de\/wp-json\/wp\/v2\/posts"}],"about":[{"href":"https:\/\/www.journee-mondiale.com\/de\/wp-json\/wp\/v2\/types\/post"}],"author":[{"embeddable":true,"href":"https:\/\/www.journee-mondiale.com\/de\/wp-json\/wp\/v2\/users\/1"}],"replies":[{"embeddable":true,"href":"https:\/\/www.journee-mondiale.com\/de\/wp-json\/wp\/v2\/comments?post=12825"}],"version-history":[{"count":0,"href":"https:\/\/www.journee-mondiale.com\/de\/wp-json\/wp\/v2\/posts\/12825\/revisions"}],"wp:featuredmedia":[{"embeddable":true,"href":"https:\/\/www.journee-mondiale.com\/de\/wp-json\/wp\/v2\/media\/12824"}],"wp:attachment":[{"href":"https:\/\/www.journee-mondiale.com\/de\/wp-json\/wp\/v2\/media?parent=12825"}],"wp:term":[{"taxonomy":"category","embeddable":true,"href":"https:\/\/www.journee-mondiale.com\/de\/wp-json\/wp\/v2\/categories?post=12825"},{"taxonomy":"post_tag","embeddable":true,"href":"https:\/\/www.journee-mondiale.com\/de\/wp-json\/wp\/v2\/tags?post=12825"}],"curies":[{"name":"wp","href":"https:\/\/api.w.org\/{rel}","templated":true}]}}