{"id":12821,"date":"2025-03-23T02:14:14","date_gmt":"2025-03-23T01:14:14","guid":{"rendered":"https:\/\/www.journee-mondiale.com\/de\/ich-habe-diese-3-anti-frizz-serums-fuer-mein-graues-haar-getestet-das-ergebnis-nach-14-tagen-hat-mich-ueberrascht\/"},"modified":"2025-03-23T02:14:14","modified_gmt":"2025-03-23T01:14:14","slug":"ich-habe-diese-3-anti-frizz-serums-fuer-mein-graues-haar-getestet-das-ergebnis-nach-14-tagen-hat-mich-ueberrascht","status":"publish","type":"post","link":"https:\/\/www.journee-mondiale.com\/de\/ich-habe-diese-3-anti-frizz-serums-fuer-mein-graues-haar-getestet-das-ergebnis-nach-14-tagen-hat-mich-ueberrascht\/","title":{"rendered":"Ich habe diese 3 Anti-Frizz Serums f\u00fcr mein graues Haar getestet (das Ergebnis nach 14 Tagen hat mich \u00fcberrascht&#8230;)"},"content":{"rendered":"<p>Graue M\u00e4hne im Fr\u00fchlingsglanz: Die besten Anti-Frizz-Serums 2025 f\u00fcr widerspenstiges Silberhaar<\/p>\n<p>Mit dem Fr\u00fchlingserwachen 2025 kommt nicht nur die Natur in Schwung \u2013 auch unsere silbergraue Haarpracht reagiert auf die wechselhaften Temperaturen und zunehmende Luftfeuchtigkeit. <strong>Krauses, widerspenstiges Grauhaar<\/strong> stellt viele von uns vor eine besondere Herausforderung. &#8222;Graues Haar hat naturgem\u00e4\u00df eine andere Struktur als pigmentiertes Haar \u2013 es ist oft trockener, por\u00f6ser und neigt deutlich st\u00e4rker zu Frizz&#8220;, erkl\u00e4rt Thomas Weinert, Chefstylyst im renommierten Berliner Salon &#8222;Silberglanz&#8220;.<\/p>\n<h2>Warum unser Silberhaar besondere Pflege braucht<\/h2>\n<p>Graues Haar entsteht, wenn unsere Melanozyten weniger Pigmente produzieren. Gleichzeitig ver\u00e4ndert sich die <strong>Haarstruktur<\/strong> \u2013 die Schuppenschicht wird rauer und das Haar nimmt leichter Feuchtigkeit auf. &#8222;Denken Sie an graues Haar wie an ein hochwertiges Kaschmir-Kleidungsst\u00fcck \u2013 es braucht spezielle Pflege, um seine nat\u00fcrliche Sch\u00f6nheit zu bewahren&#8220;, veranschaulicht Weinert. <a href=\"https:\/\/www.journee-mondiale.com\/de\/category\/lebensstil\/\" target=\"_blank\">Haarpflege-Tipps<\/a> sollten daher speziell auf die Bed\u00fcrfnisse von Grauhaar abgestimmt sein.<\/p>\n<h2>Die Fr\u00fchjahrs-Revolution: Anti-Frizz-Serums 2025<\/h2>\n<p>Das Fr\u00fchjahr 2025 bringt innovative Technologien f\u00fcr die <strong>Silberhaar-Pflege<\/strong>. Die neuesten Anti-Frizz-Serums fokussieren sich nicht nur auf Gl\u00e4ttung, sondern auch auf den nat\u00fcrlichen Glanz. Besonders hervorzuheben sind:<\/p>\n<ul>\n<li>Seidenprotein-basierte Formulierungen f\u00fcr samtweiche Textur<\/li>\n<li>Hyalurons\u00e4ure-Komplexe f\u00fcr langanhaltende Feuchtigkeit<\/li>\n<li>UV-Filter zum Schutz vor Fr\u00fchjahrssonne<\/li>\n<\/ul>\n<p>&#8222;Die besten Serums f\u00fcr 2025 arbeiten wie ein unsichtbarer Schutzschild gegen Umwelteinfl\u00fcsse&#8220;, betont Dr. Claudia Reimers, Kosmetikchemikerin. <a href=\"https:\/\/www.journee-mondiale.com\/de\/juridisk-informationen\/\" target=\"_blank\">Beauty-Produkte ausw\u00e4hlen<\/a> sollte gerade bei Grauhaar gut \u00fcberlegt sein.<\/p>\n<h2>Top 3 Anti-Frizz-Wunder f\u00fcr graues Haar im Fr\u00fchling 2025<\/h2>\n<p>Unter den <strong>Premium-Pflegeprodukten<\/strong> f\u00fcr graues Haar haben sich drei besonders hervorgetan:<\/p>\n<p>Das <strong>Nexxus Ultralight Smooth Silver Serum<\/strong> \u00fcberzeugt mit seiner leichten Textur. &#8222;Es z\u00e4hmt wilde Str\u00e4hnen, ohne das Haar zu beschweren \u2013 perfekt f\u00fcr den Fr\u00fchling&#8220;, schw\u00e4rmt Stylistin Marie Berger.<\/p>\n<p>F\u00fcr intensive Feuchtigkeit sorgt <strong>Garnier Silver Shine Anti-Frizz<\/strong> mit Argan\u00f6l und Keratin. Es schlie\u00dft die Schuppenschicht und verleiht traumhaften Glanz.<\/p>\n<p>Naturliebhaber greifen zum <strong>Giovanni Silver Fox Serum<\/strong> mit Pflanzenwirkstoffen, das wie ein <a href=\"https:\/\/www.journee-mondiale.com\/de\/category\/reisen\/\" target=\"_blank\">Haarpflege auf Reisen<\/a> praktischer Begleiter ist \u2013 auch bei Wetterumschw\u00fcngen im Fr\u00fchling.<\/p>\n<h2>Anwendungstipps f\u00fcr maximale Wirkung<\/h2>\n<p>Die richtige Anwendung entscheidet \u00fcber den Erfolg Ihrer <strong>Frizz-Bek\u00e4mpfung<\/strong>. Folgende Tipps haben sich bew\u00e4hrt:<\/p>\n<ul>\n<li>Tragen Sie das Serum auf handtuchtrockenes Haar auf<\/li>\n<li>Verwenden Sie nur erbsengro\u00dfe Mengen, um Fettigkeit zu vermeiden<\/li>\n<li>Konzentrieren Sie sich auf die Haarspitzen<\/li>\n<\/ul>\n<h2>Nat\u00fcrlicher Glanz durch Fr\u00fchjahrs-Routine<\/h2>\n<p>Kombinieren Sie Ihr Anti-Frizz-Serum mit <strong>violettt\u00f6nenden Pflegeprodukten<\/strong>, um Gelbstiche zu neutralisieren. &#8222;Wie ein ma\u00dfgeschneiderter Anzug sollte Ihre Haarpflegeroutine perfekt auf Ihren individuellen Haartyp abgestimmt sein&#8220;, erkl\u00e4rt Weinert. Im Fr\u00fchjahr empfiehlt sich zudem eine w\u00f6chentliche Feuchtigkeitsmaske.<\/p>\n<h2>Die Zukunft der Silberhaar-Pflege<\/h2>\n<p>Die <strong>Pflegetrends 2025<\/strong> zeigen: Graues Haar wird nicht mehr versteckt, sondern zelebriert. <a href=\"https:\/\/www.journee-mondiale.com\/de\/geschichte-der-welttage\/\" target=\"_blank\">Haarcare-Entwicklung<\/a> geht dahin, nat\u00fcrliche Texturen zu unterst\u00fctzen. &#8222;Die Zeit des zwanghaften Gl\u00e4ttens ist vorbei&#8220;, best\u00e4tigt Berger. &#8222;Heute geht es um kontrollierten Frizz \u2013 wir nehmen dem Haar die Wildheit, lassen ihm aber seinen Charakter.&#8220;<\/p>\n<h2>Ihr Fr\u00fchlingserwachen f\u00fcr graues Haar<\/h2>\n<p>Mit den richtigen Produkten verwandelt sich krauses Grauhaar von einer Herausforderung zu einem Statement. Die beschriebenen Serums sind Ihre Verb\u00fcndeten f\u00fcr den Fr\u00fchling 2025. Entdecken Sie <a href=\"https:\/\/www.journee-mondiale.com\/de\/\" target=\"_blank\">Aktuelle Haartrends<\/a> und lassen Sie Ihr Silberhaar in seiner nat\u00fcrlichen Sch\u00f6nheit erstrahlen \u2013 von unerw\u00fcnschtem Frizz befreit, aber mit all seinem einzigartigen Charakter.<\/p>\n","protected":false},"excerpt":{"rendered":"<p>Graue M\u00e4hne im Fr\u00fchlingsglanz: Die besten Anti-Frizz-Serums 2025 f\u00fcr widerspenstiges Silberhaar Mit dem Fr\u00fchlingserwachen 2025 kommt nicht nur die Natur in Schwung \u2013 auch unsere silbergraue Haarpracht reagiert auf die wechselhaften Temperaturen und zunehmende Luftfeuchtigkeit. Krauses, widerspenstiges Grauhaar stellt viele von uns vor eine besondere Herausforderung. &#8222;Graues Haar hat naturgem\u00e4\u00df eine andere Struktur als pigmentiertes &#8230; <a title=\"Ich habe diese 3 Anti-Frizz Serums f\u00fcr mein graues Haar getestet (das Ergebnis nach 14 Tagen hat mich \u00fcberrascht&#8230;)\" class=\"read-more\" href=\"https:\/\/www.journee-mondiale.com\/de\/ich-habe-diese-3-anti-frizz-serums-fuer-mein-graues-haar-getestet-das-ergebnis-nach-14-tagen-hat-mich-ueberrascht\/\" aria-label=\"Mehr Informationen \u00fcber Ich habe diese 3 Anti-Frizz Serums f\u00fcr mein graues Haar getestet (das Ergebnis nach 14 Tagen hat mich \u00fcberrascht&#8230;)\">Lire plus<\/a><\/p>\n","protected":false},"author":1,"featured_media":12820,"comment_status":"","ping_status":"","sticky":false,"template":"","format":"standard","meta":{"footnotes":""},"categories":[48],"tags":[],"class_list":["post-12821","post","type-post","status-publish","format-standard","has-post-thumbnail","hentry","category-lebensstil"],"acf":[],"_yoast_wpseo_primary_category":null,"_yoast_wpseo_title":null,"_yoast_wpseo_metadesc":null,"_links":{"self":[{"href":"https:\/\/www.journee-mondiale.com\/de\/wp-json\/wp\/v2\/posts\/12821","targetHints":{"allow":["GET"]}}],"collection":[{"href":"https:\/\/www.journee-mondiale.com\/de\/wp-json\/wp\/v2\/posts"}],"about":[{"href":"https:\/\/www.journee-mondiale.com\/de\/wp-json\/wp\/v2\/types\/post"}],"author":[{"embeddable":true,"href":"https:\/\/www.journee-mondiale.com\/de\/wp-json\/wp\/v2\/users\/1"}],"replies":[{"embeddable":true,"href":"https:\/\/www.journee-mondiale.com\/de\/wp-json\/wp\/v2\/comments?post=12821"}],"version-history":[{"count":0,"href":"https:\/\/www.journee-mondiale.com\/de\/wp-json\/wp\/v2\/posts\/12821\/revisions"}],"wp:featuredmedia":[{"embeddable":true,"href":"https:\/\/www.journee-mondiale.com\/de\/wp-json\/wp\/v2\/media\/12820"}],"wp:attachment":[{"href":"https:\/\/www.journee-mondiale.com\/de\/wp-json\/wp\/v2\/media?parent=12821"}],"wp:term":[{"taxonomy":"category","embeddable":true,"href":"https:\/\/www.journee-mondiale.com\/de\/wp-json\/wp\/v2\/categories?post=12821"},{"taxonomy":"post_tag","embeddable":true,"href":"https:\/\/www.journee-mondiale.com\/de\/wp-json\/wp\/v2\/tags?post=12821"}],"curies":[{"name":"wp","href":"https:\/\/api.w.org\/{rel}","templated":true}]}}