{"id":12815,"date":"2025-03-22T22:05:22","date_gmt":"2025-03-22T21:05:22","guid":{"rendered":"https:\/\/www.journee-mondiale.com\/de\/meine-67-jaehrige-nachbarin-sieht-15-jahre-juenger-aus-dank-dieser-messer-technik-fuer-ihre-haare-die-friseure-nicht-verraten-wollen\/"},"modified":"2025-03-22T22:05:22","modified_gmt":"2025-03-22T21:05:22","slug":"meine-67-jaehrige-nachbarin-sieht-15-jahre-juenger-aus-dank-dieser-messer-technik-fuer-ihre-haare-die-friseure-nicht-verraten-wollen","status":"publish","type":"post","link":"https:\/\/www.journee-mondiale.com\/de\/meine-67-jaehrige-nachbarin-sieht-15-jahre-juenger-aus-dank-dieser-messer-technik-fuer-ihre-haare-die-friseure-nicht-verraten-wollen\/","title":{"rendered":"Meine 67-j\u00e4hrige Nachbarin sieht 15 Jahre j\u00fcnger aus&#8230; dank dieser Messer-Technik f\u00fcr ihre Haare (die Friseure nicht verraten wollen)"},"content":{"rendered":"<p>Fr\u00fchlingsfrische auf dem Kopf: Edgy Razor Cuts f\u00fcr Frauen in ihren 60ern begeistern 2025 mit moderner Eleganz. Der scharfe Schnitt mit weichen \u00dcberg\u00e4ngen erlebt gerade ein beeindruckendes Comeback. Diese <strong>Technik mit dem Rasiermesser<\/strong> schenkt nicht nur einen trendigen Look, sondern bewahrt gleichzeitig die nat\u00fcrliche Weichheit der Haare \u2013 eine perfekte Kombination f\u00fcr selbstbewusste Frauen jenseits der 60.<\/p>\n<h2>Warum Razor Cuts jetzt die Herzen reifer Frauen erobern<\/h2>\n<p>&#8222;Die <strong>Razor-Cut-Technik<\/strong> betont die nat\u00fcrliche Bewegung des Haares, w\u00e4hrend sie gleichzeitig Struktur und Volumen verleiht \u2013 ideal f\u00fcr reiferes Haar, das oft an Dichte verliert&#8220;, erkl\u00e4rt Thomas Schmidt, Meisterfriseur im Berliner Salon &#8222;Haarkunst&#8220;. Besonders im Fr\u00fchling 2025 sehen wir vermehrt Frauen, die mutig zu dieser Schneidetechnik greifen und dabei die <a href=\"https:\/\/www.journee-mondiale.com\/de\/category\/lebensstil\/\" target=\"_blank\">Lebensstil-Tipps<\/a> f\u00fcr ein modernes Erscheinungsbild beherzigen.<\/p>\n<h2>Die perfekte Mischung aus Kante und Weichheit<\/h2>\n<p>Was Razor Cuts so besonders macht, ist ihre Dualit\u00e4t: Die <strong>pr\u00e4zise geschnittenen Konturen<\/strong> verleihen dem Haar Definition und Charakter, w\u00e4hrend die Enden weich und beweglich bleiben. &#8222;Es ist, als w\u00fcrde man einem klassischen Gem\u00e4lde einen modernen Rahmen geben&#8220;, beschreibt Stefanie Berger, Farb- und Stilexpertin aus M\u00fcnchen. &#8222;Die Grundstruktur bleibt erhalten, bekommt aber eine zeitgem\u00e4\u00dfe Note.&#8220;<\/p>\n<h2>Pflegeleichte Eleganz f\u00fcr den aktiven Lebensstil<\/h2>\n<p>Ein entscheidender Vorteil dieser Schnitte ist ihre Pflegeleichtigkeit. Morgens aufstehen, kurz mit den Fingern durchs Haar fahren, etwas <strong>Texturspray<\/strong> und fertig \u2013 ideal f\u00fcr Frauen mit vollen Terminkalendern oder <a href=\"https:\/\/www.journee-mondiale.com\/de\/category\/reisen\/\" target=\"_blank\">Reiseinspirationen<\/a>, die verwirklicht werden wollen. Ich erinnere mich an eine 67-j\u00e4hrige Kundin, die nach ihrem ersten Razor Cut strahlend meinte: &#8222;Endlich eine Frisur, die genauso aktiv ist wie ich!&#8220;<\/p>\n<h2>Welche Gesichtsformen profitieren besonders?<\/h2>\n<p>Nicht jede Schnittform passt zu jedem Gesicht. Bei Razor Cuts gibt es jedoch vielf\u00e4ltige Variationen:<\/p>\n<ul>\n<li>Ovale Gesichter: Nahezu alle Razor-Cut-Varianten passen<\/li>\n<li>Runde Gesichter: L\u00e4ngere, asymmetrische Schnitte mit <strong>seitlichem Pony<\/strong><\/li>\n<li>Eckige Gesichter: Weiche, gestufte Razor Cuts f\u00fcr mehr Harmonie<\/li>\n<\/ul>\n<h2>Nat\u00fcrliche Textur neu entdecken<\/h2>\n<p>Gerade f\u00fcr Frauen mit gewelltem oder leicht lockigem Haar sind Razor Cuts ein Segen. Die <strong>Technik entfernt<\/strong> gezielt Gewicht aus den Haaren, ohne L\u00e4nge zu opfern. &#8222;Wie bei einem Bildhauer, der \u00fcberfl\u00fcssiges Material entfernt, um die wahre Form freizulegen&#8220;, schw\u00e4rmt Haar-Stylistin Claudia Weber. Die nat\u00fcrliche Bewegung des Haares wird betont \u2013 ganz ohne aufwendiges Styling.<\/p>\n<h2>Jenseits von Altersstereotypen<\/h2>\n<p>Edgy Razor Cuts sind lebendiger Beweis daf\u00fcr, dass Stil keine Altersgrenze kennt. Frauen in ihren 60ern tragen heute selbstbewusst Schnitte, die vor einigen Jahren noch als &#8222;zu jung&#8220; gegolten h\u00e4tten. Ein Umdenken, das auch der <a href=\"https:\/\/www.journee-mondiale.com\/de\/575\/welttag-des-alterns\/\" target=\"_blank\">Welttag des Alterns<\/a> f\u00f6rdert. Haarschnitte werden zunehmend nach pers\u00f6nlichem Stil statt nach Geburtsjahr gew\u00e4hlt.<\/p>\n<h2>Farb-Effekte maximieren den Razor-Cut-Look<\/h2>\n<p>F\u00fcr optimale Ergebnisse empfehlen Experten eine Kombination mit gut platzierten Farbtechniken:<\/p>\n<ul>\n<li><strong>Soft Balayage<\/strong> f\u00fcr nat\u00fcrlich wirkende Dimension<\/li>\n<li>Gezielte Highlights um das Gesicht f\u00fcr einen Frische-Kick<\/li>\n<li>Subtile Lowlights f\u00fcr zus\u00e4tzliche Tiefe im Haar<\/li>\n<\/ul>\n<h2>Pflege f\u00fcr langanhaltende Sch\u00e4rfe und Weichheit<\/h2>\n<p>&#8222;F\u00fcr die optimale Pflege eines Razor Cuts empfehle ich alle 6-8 Wochen einen <a href=\"https:\/\/www.journee-mondiale.com\/de\/380\/tag-der-friseure\/\" target=\"_blank\">Tag der Friseure<\/a> zu reservieren&#8220;, r\u00e4t Meisterfriseur Schmidt. Diese regelm\u00e4\u00dfigen Auffrischungen halten die <strong>Kontur pr\u00e4zise<\/strong>. Zwischen den Terminen k\u00f6nnen leichte Stylingprodukte wie Schaumfestiger oder Texturspray die Struktur betonen.<\/p>\n<h2>Wie finden Sie Ihren pers\u00f6nlichen edgy Style?<\/h2>\n<p>Was macht einen Haarschnitt wirklich zu Ihrem? Die Antwort liegt in der Pers\u00f6nlichkeit. Der beste Razor Cut reflektiert Ihr Inneres nach au\u00dfen, unterstreicht Ihre Gesichtsz\u00fcge und vereint sich mit Ihrem <a href=\"https:\/\/www.journee-mondiale.com\/de\/507\/welttag-der-schoenheit\/\" target=\"_blank\">Welttag der Sch\u00f6nheit<\/a>-w\u00fcrdigen Erscheinungsbild. Experimentieren Sie mit verschiedenen L\u00e4ngen, Texturen und Stylings \u2013 denn wahre Sch\u00f6nheit entsteht, wenn wir unsere authentische Version zu leben wagen.<\/p>\n","protected":false},"excerpt":{"rendered":"<p>Fr\u00fchlingsfrische auf dem Kopf: Edgy Razor Cuts f\u00fcr Frauen in ihren 60ern begeistern 2025 mit moderner Eleganz. Der scharfe Schnitt mit weichen \u00dcberg\u00e4ngen erlebt gerade ein beeindruckendes Comeback. Diese Technik mit dem Rasiermesser schenkt nicht nur einen trendigen Look, sondern bewahrt gleichzeitig die nat\u00fcrliche Weichheit der Haare \u2013 eine perfekte Kombination f\u00fcr selbstbewusste Frauen jenseits &#8230; <a title=\"Meine 67-j\u00e4hrige Nachbarin sieht 15 Jahre j\u00fcnger aus&#8230; dank dieser Messer-Technik f\u00fcr ihre Haare (die Friseure nicht verraten wollen)\" class=\"read-more\" href=\"https:\/\/www.journee-mondiale.com\/de\/meine-67-jaehrige-nachbarin-sieht-15-jahre-juenger-aus-dank-dieser-messer-technik-fuer-ihre-haare-die-friseure-nicht-verraten-wollen\/\" aria-label=\"Mehr Informationen \u00fcber Meine 67-j\u00e4hrige Nachbarin sieht 15 Jahre j\u00fcnger aus&#8230; dank dieser Messer-Technik f\u00fcr ihre Haare (die Friseure nicht verraten wollen)\">Lire plus<\/a><\/p>\n","protected":false},"author":1,"featured_media":12814,"comment_status":"","ping_status":"","sticky":false,"template":"","format":"standard","meta":{"footnotes":""},"categories":[48],"tags":[],"class_list":["post-12815","post","type-post","status-publish","format-standard","has-post-thumbnail","hentry","category-lebensstil"],"acf":[],"_yoast_wpseo_primary_category":null,"_yoast_wpseo_title":null,"_yoast_wpseo_metadesc":null,"_links":{"self":[{"href":"https:\/\/www.journee-mondiale.com\/de\/wp-json\/wp\/v2\/posts\/12815","targetHints":{"allow":["GET"]}}],"collection":[{"href":"https:\/\/www.journee-mondiale.com\/de\/wp-json\/wp\/v2\/posts"}],"about":[{"href":"https:\/\/www.journee-mondiale.com\/de\/wp-json\/wp\/v2\/types\/post"}],"author":[{"embeddable":true,"href":"https:\/\/www.journee-mondiale.com\/de\/wp-json\/wp\/v2\/users\/1"}],"replies":[{"embeddable":true,"href":"https:\/\/www.journee-mondiale.com\/de\/wp-json\/wp\/v2\/comments?post=12815"}],"version-history":[{"count":0,"href":"https:\/\/www.journee-mondiale.com\/de\/wp-json\/wp\/v2\/posts\/12815\/revisions"}],"wp:featuredmedia":[{"embeddable":true,"href":"https:\/\/www.journee-mondiale.com\/de\/wp-json\/wp\/v2\/media\/12814"}],"wp:attachment":[{"href":"https:\/\/www.journee-mondiale.com\/de\/wp-json\/wp\/v2\/media?parent=12815"}],"wp:term":[{"taxonomy":"category","embeddable":true,"href":"https:\/\/www.journee-mondiale.com\/de\/wp-json\/wp\/v2\/categories?post=12815"},{"taxonomy":"post_tag","embeddable":true,"href":"https:\/\/www.journee-mondiale.com\/de\/wp-json\/wp\/v2\/tags?post=12815"}],"curies":[{"name":"wp","href":"https:\/\/api.w.org\/{rel}","templated":true}]}}