{"id":12813,"date":"2025-03-22T21:15:22","date_gmt":"2025-03-22T20:15:22","guid":{"rendered":"https:\/\/www.journee-mondiale.com\/de\/mein-maxi-kleid-experiment-wie-3-deutsche-designerinnen-den-fruehlingstrend-2025-neu-definieren-und-warum-nachhaltigkeit-jetzt-entscheidend-ist\/"},"modified":"2025-03-26T10:51:59","modified_gmt":"2025-03-26T09:51:59","slug":"mein-maxi-kleid-experiment-wie-3-deutsche-designerinnen-den-fruehlingstrend-2025-neu-definieren-und-warum-nachhaltigkeit-jetzt-entscheidend-ist","status":"publish","type":"post","link":"https:\/\/www.journee-mondiale.com\/de\/mein-maxi-kleid-experiment-wie-3-deutsche-designerinnen-den-fruehlingstrend-2025-neu-definieren-und-warum-nachhaltigkeit-jetzt-entscheidend-ist\/","title":{"rendered":"Mein Maxi-Kleid Experiment: Wie 3 deutsche Designerinnen den Fr\u00fchlingstrend 2025 neu definieren (und warum Nachhaltigkeit jetzt entscheidend ist&#8230;)"},"content":{"rendered":"<p>Mit dem Fr\u00fchlingserwachen 2025 feiert ein modischer Dauerbrenner sein strahlendes Comeback: Das Maxi-Kleid erobert erneut unsere Garderoben! Diese bodenlangen Fashion-Helden vereinen m\u00fchelos Komfort mit Eleganz und sind wie geschaffen f\u00fcr die ersten warmen Tage des Jahres.<\/p>\n<h2>Fr\u00fchlingstrends 2025: Die Maxi-Revolution<\/h2>\n<p>Die aktuelle Saison bringt eine <strong>Farbexplosion<\/strong> bei Maxi-Kleidern. &#8222;Nach dem langen Winter sehnen sich die Menschen nach Lebendigkeit und Ausdruck in ihrer Garderobe,&#8220; erkl\u00e4rt Modeexpertin Lisa Weinberg vom Berliner Mode-Institut. Besonders angesagt sind verspielte Blumenmuster, die perfekt zum Fr\u00fchlingserwachen passen.<\/p>\n<p>Gleichzeitig erleben wir eine Renaissance der <strong>Erdt\u00f6ne<\/strong> und neutralen Farben, die zeitlose Eleganz verk\u00f6rpern. Diese Verbindung von Farbenfreude und Zur\u00fcckhaltung spiegelt unsere Sehnsucht nach Balance in unruhigen Zeiten wider.<\/p>\n<h2>Vielseitigkeit als Erfolgsgeheimnis<\/h2>\n<p>Die wahre St\u00e4rke des Maxi-Kleides liegt in seiner Wandlungsf\u00e4higkeit. &#8222;Ein gut gew\u00e4hltes Maxi-Kleid ist wie ein treuer Freund &#8211; es begleitet dich vom B\u00fcro \u00fcber den Stadtbummel bis zur Abendveranstaltung,&#8220; betont Stylistin Anja Gockel. Mit dem richtigen Accessoire verwandelt sich der Look in Sekundenschnelle.<\/p>\n<p>Als ich letzte Woche mein geliebtes <strong>Boho-Maxi<\/strong> mit Lederg\u00fcrtel und Ankle Boots zum Business-Meeting trug, erntete ich zahlreiche Komplimente f\u00fcr den unerwarteten Style-Mix. Abends gen\u00fcgten goldene Sandalen und Statement-Ohrringe f\u00fcr einen eleganten Dinner-Look.<\/p>\n<h2>Nachhaltigkeit als Kaufkriterium<\/h2>\n<p>Anders als in vielen Nachbarl\u00e4ndern spielt <strong>Umweltbewusstsein<\/strong> f\u00fcr deutsche Kundinnen eine zentrale Rolle. &#8222;Nachhaltigkeit ist der Schl\u00fcssel zur Zukunft der Mode. Wir m\u00fcssen bewusst einkaufen und Kleidung w\u00e4hlen, die langlebig ist,&#8220;.<\/p>\n<p>Diese Werte spiegeln sich auch in der wachsenden Popularit\u00e4t von <a href=\"https:\/\/www.journee-mondiale.com\/de\/category\/lebensstil\/\" target=\"_blank\" rel=\"noopener\">nachhaltigem Lifestyle<\/a> wider \u2013 ein Trend, der weit \u00fcber die Modewelt hinausreicht.<\/p>\n<h2>Styling-Geheimnisse f\u00fcr den Fr\u00fchling<\/h2>\n<p>F\u00fcr den perfekten Fr\u00fchlingslook bieten sich diese einfachen Tricks an:<\/p>\n<ul>\n<li>Leichte Jeansjacke f\u00fcr k\u00fchlere Tage dar\u00fcber werfen<\/li>\n<li>Chunky Sneakers f\u00fcr einen l\u00e4ssigen Look kombinieren<\/li>\n<li>Hut oder Kopftuch als Blickfang einsetzen<\/li>\n<\/ul>\n<h2>Herausforderungen meistern<\/h2>\n<p>Die richtige L\u00e4nge zu finden, kann knifflig sein. Meine pers\u00f6nliche Erfahrung? Ein guter Schneider ist Gold wert! F\u00fcr kleinere Frauen empfehle ich <strong>High-Waist-Schnitte<\/strong>, die optisch strecken wie ein sanfter Fr\u00fchlingswind, der Blumen in die H\u00f6he wachsen l\u00e4sst.<\/p>\n<h2>Fr\u00fchling, Sommer, Herbst &#8211; immer tragbar<\/h2>\n<p>Obwohl wir erst am Beginn des Fr\u00fchlings stehen, lohnt sich der Blick auf die saisonale Vielseitigkeit. &#8222;Maxi-Kleider sind nicht nur f\u00fcr den Sommer geeignet, sondern k\u00f6nnen auch im Herbst getragen werden, wenn man sie richtig stylt,&#8220; wei\u00df Influencerin Caro Daur.<\/p>\n<p>Unverzichtbar f\u00fcr jede <a href=\"https:\/\/www.journee-mondiale.com\/de\/category\/reisen\/\" target=\"_blank\" rel=\"noopener\">Reisegarderobe<\/a> sind diese Must-haves:<\/p>\n<ul>\n<li>Ein flie\u00dfendes Maxi in dezentem Muster<\/li>\n<li>Ein schlichtes Modell in Erdfarben<\/li>\n<li>Ein Statement-Piece mit auff\u00e4lligem Design<\/li>\n<\/ul>\n<h2>Von der Fr\u00fchlingswiese auf den roten Teppich<\/h2>\n<p>Wie ein <strong>Cham\u00e4leon<\/strong> passt sich das Maxi-Kleid jeder Umgebung an. Von der unbeschwerten Gartenparty bis zum formellen Anlass &#8211; diese modischen Allesk\u00f6nner scheuen keine Herausforderung und verwandeln sich mit dem richtigen Accessoire in attraktive Begleiter f\u00fcr jede Gelegenheit.<\/p>\n<h2>Der perfekte Fr\u00fchlingseinstieg?<\/h2>\n<p>W\u00e4hrend die letzten Frosttage weichen, lockt das Maxi-Kleid mit seinem Versprechen von Leichtigkeit und Eleganz. Wagen Sie den Schritt in die neue Saison mit einem Kleidungsst\u00fcck, das Komfort und Stil so m\u00fchelos vereint wie kaum ein anderes. Ihr Fr\u00fchlingserwachen war noch nie so stilvoll!<\/p>\n","protected":false},"excerpt":{"rendered":"<p>Mit dem Fr\u00fchlingserwachen 2025 feiert ein modischer Dauerbrenner sein strahlendes Comeback: Das Maxi-Kleid erobert erneut unsere Garderoben! Diese bodenlangen Fashion-Helden vereinen m\u00fchelos Komfort mit Eleganz und sind wie geschaffen f\u00fcr die ersten warmen Tage des Jahres. Fr\u00fchlingstrends 2025: Die Maxi-Revolution Die aktuelle Saison bringt eine Farbexplosion bei Maxi-Kleidern. &#8222;Nach dem langen Winter sehnen sich die &#8230; <a title=\"Mein Maxi-Kleid Experiment: Wie 3 deutsche Designerinnen den Fr\u00fchlingstrend 2025 neu definieren (und warum Nachhaltigkeit jetzt entscheidend ist&#8230;)\" class=\"read-more\" href=\"https:\/\/www.journee-mondiale.com\/de\/mein-maxi-kleid-experiment-wie-3-deutsche-designerinnen-den-fruehlingstrend-2025-neu-definieren-und-warum-nachhaltigkeit-jetzt-entscheidend-ist\/\" aria-label=\"Mehr Informationen \u00fcber Mein Maxi-Kleid Experiment: Wie 3 deutsche Designerinnen den Fr\u00fchlingstrend 2025 neu definieren (und warum Nachhaltigkeit jetzt entscheidend ist&#8230;)\">Lire plus<\/a><\/p>\n","protected":false},"author":1,"featured_media":12812,"comment_status":"closed","ping_status":"closed","sticky":false,"template":"","format":"standard","meta":{"footnotes":""},"categories":[48],"tags":[],"class_list":["post-12813","post","type-post","status-publish","format-standard","has-post-thumbnail","hentry","category-lebensstil"],"acf":[],"_yoast_wpseo_primary_category":"","_yoast_wpseo_title":null,"_yoast_wpseo_metadesc":null,"_links":{"self":[{"href":"https:\/\/www.journee-mondiale.com\/de\/wp-json\/wp\/v2\/posts\/12813","targetHints":{"allow":["GET"]}}],"collection":[{"href":"https:\/\/www.journee-mondiale.com\/de\/wp-json\/wp\/v2\/posts"}],"about":[{"href":"https:\/\/www.journee-mondiale.com\/de\/wp-json\/wp\/v2\/types\/post"}],"author":[{"embeddable":true,"href":"https:\/\/www.journee-mondiale.com\/de\/wp-json\/wp\/v2\/users\/1"}],"replies":[{"embeddable":true,"href":"https:\/\/www.journee-mondiale.com\/de\/wp-json\/wp\/v2\/comments?post=12813"}],"version-history":[{"count":1,"href":"https:\/\/www.journee-mondiale.com\/de\/wp-json\/wp\/v2\/posts\/12813\/revisions"}],"predecessor-version":[{"id":12927,"href":"https:\/\/www.journee-mondiale.com\/de\/wp-json\/wp\/v2\/posts\/12813\/revisions\/12927"}],"wp:featuredmedia":[{"embeddable":true,"href":"https:\/\/www.journee-mondiale.com\/de\/wp-json\/wp\/v2\/media\/12812"}],"wp:attachment":[{"href":"https:\/\/www.journee-mondiale.com\/de\/wp-json\/wp\/v2\/media?parent=12813"}],"wp:term":[{"taxonomy":"category","embeddable":true,"href":"https:\/\/www.journee-mondiale.com\/de\/wp-json\/wp\/v2\/categories?post=12813"},{"taxonomy":"post_tag","embeddable":true,"href":"https:\/\/www.journee-mondiale.com\/de\/wp-json\/wp\/v2\/tags?post=12813"}],"curies":[{"name":"wp","href":"https:\/\/api.w.org\/{rel}","templated":true}]}}