{"id":12809,"date":"2025-03-22T17:54:45","date_gmt":"2025-03-22T16:54:45","guid":{"rendered":"https:\/\/www.journee-mondiale.com\/de\/diese-styling-techniken-retten-deinen-kurzhaarschnitt-vor-dem-pilzkopf-effekt-3-geheimtipps-von-profi-stylisten\/"},"modified":"2025-03-22T17:54:45","modified_gmt":"2025-03-22T16:54:45","slug":"diese-styling-techniken-retten-deinen-kurzhaarschnitt-vor-dem-pilzkopf-effekt-3-geheimtipps-von-profi-stylisten","status":"publish","type":"post","link":"https:\/\/www.journee-mondiale.com\/de\/diese-styling-techniken-retten-deinen-kurzhaarschnitt-vor-dem-pilzkopf-effekt-3-geheimtipps-von-profi-stylisten\/","title":{"rendered":"Diese Styling-Techniken retten deinen Kurzhaarschnitt vor dem Pilzkopf-Effekt (3 Geheimtipps von Profi-Stylisten)"},"content":{"rendered":"<p>In diesem Fr\u00fchjahr 2025 erleben wir ein Revival der Kurzhaarschnitte \u2013 doch wer kennt nicht das gef\u00fcrchtete &#8222;Pilzkopf-Ph\u00e4nomen&#8220;? Dieser unerw\u00fcnschte Effekt entsteht, wenn sich zu viel Volumen seitlich an den Ohren bildet und der Schnitt seine Balance verliert. Moderne Styling-L\u00f6sungen bieten jetzt Abhilfe f\u00fcr dieses altbekannte Problem.<\/p>\n<h2>Was verursacht den gef\u00fcrchteten &#8222;Pilzkopf-Effekt&#8220;?<\/h2>\n<p>Der sogenannte <strong>Mushroom Hair<\/strong> entsteht haupts\u00e4chlich durch falsche Schnitttechniken und unausgewogene Volumenverteilung. &#8222;Das Problem liegt oft in der grundlegenden Schnittstruktur&#8220;, erkl\u00e4rt <strong>Thomas Weber<\/strong>, Creative Director des Berliner Salons &#8222;Haarkunst&#8220;. &#8222;Bei kurzen Haarschnitten muss besonders auf die \u00dcberg\u00e4nge im Ohrbereich geachtet werden, um eine harmonische Silhouette zu gew\u00e4hrleisten.&#8220;<\/p>\n<p>Gerade im Fr\u00fchling, wenn wir die M\u00fctzen abnehmen und leichtere Styles bevorzugen, wird das Problem besonders sichtbar. Doch mit den richtigen Techniken l\u00e4sst sich dieser Effekt elegant vermeiden und in einen <a href=\"https:\/\/www.journee-mondiale.com\/de\/category\/lebensstil\/\" target=\"_blank\">modernen Haarschnitt-Trend<\/a> verwandeln.<\/p>\n<h2>Die Evolution der Pilzkopf-Frisur zur stylischen Alternative<\/h2>\n<p>Was fr\u00fcher als modisches Fauxpas galt, hat sich dank moderner <strong>Schneide- und Stylingtechniken<\/strong> zu einem angesagten Look entwickelt. Die <a href=\"https:\/\/www.journee-mondiale.com\/de\/geschichte-der-welttage\/\" target=\"_blank\">historische Entwicklung von Frisuren<\/a> zeigt, wie selbst problematische Styles durch kleine Anpassungen revolutioniert werden k\u00f6nnen. Der moderne Mushroom Cut ist eine raffinierte Weiterentwicklung des klassischen Bowl Cuts der 90er Jahre.<\/p>\n<h2>Expertentipps gegen zu viel Seitenvolumen<\/h2>\n<p>&#8222;Das A und O ist die richtige <strong>Texturierung<\/strong> an den Seiten&#8220;, betont <strong>Claudia Schneider<\/strong>, Friseurmeisterin aus M\u00fcnchen. &#8222;Mit speziellen Effiliertechniken nehmen wir gezielt Volumen heraus, ohne die Grundform zu zerst\u00f6ren.&#8220; Diese Methode funktioniert wie ein architektonischer Eingriff \u2013 sie erh\u00e4lt die Struktur, w\u00e4hrend sie gleichzeitig Leichtigkeit schafft.<\/p>\n<h3>Schneidetechniken f\u00fcr die perfekte Balance<\/h3>\n<ul>\n<li>Point-Cutting: Schafft weiche, nat\u00fcrliche \u00dcberg\u00e4nge<\/li>\n<li>Slide-Cutting: Reduziert Volumen, ohne L\u00e4nge zu opfern<\/li>\n<li>Thinning: Nimmt gezielt Volumen aus dichten Partien<\/li>\n<\/ul>\n<h2>Die richtigen Stylingprodukte f\u00fcr den Fr\u00fchjahrs-Look 2025<\/h2>\n<p>Moderne <strong>Textursprays<\/strong> sind wie Zauberst\u00e4be f\u00fcr volumin\u00f6se Kurzhaarschnitte. Sie verleihen Struktur, ohne zu beschweren. &#8222;Mattierendes Volumenpuder ist mein Geheimtipp f\u00fcr 2025&#8220;, verr\u00e4t Weber. &#8222;Es gibt Halt an den Wurzeln, w\u00e4hrend es die Seiten kontrolliert und flach h\u00e4lt \u2013 die perfekte Balance f\u00fcr kurze Schnitte.&#8220; Die <a href=\"https:\/\/www.journee-mondiale.com\/de\/\" target=\"_blank\">aktuellen Beauty-Trends<\/a> zeigen einen Fokus auf leichte, nicht-klebrige Formulierungen.<\/p>\n<h2>Von globalen Einfl\u00fcssen inspiriert<\/h2>\n<p>Die neuesten Kurzhaartrends werden stark von <a href=\"https:\/\/www.journee-mondiale.com\/de\/category\/reisen\/\" target=\"_blank\">internationalen Haartrends<\/a> beeinflusst. In Paris setzt man auf elegante <strong>Micro-Bobs<\/strong> mit feinen \u00dcberg\u00e4ngen, w\u00e4hrend im skandinavischen Raum die strukturierte Nat\u00fcrlichkeit dominiert. Diese internationalen Einfl\u00fcsse sind wie frische Windb\u00f6en, die neue Techniken in unsere heimischen Salons tragen.<\/p>\n<h3>Styling-Hacks f\u00fcr den Alltag<\/h3>\n<ul>\n<li>F\u00f6hnen mit flacher B\u00fcrste seitlich nach unten f\u00fcr kontrolliertes Volumen<\/li>\n<li>Haarwachs mit den Fingerspitzen von unten nach oben einarbeiten<\/li>\n<li>Kalte Luft zum Fixieren verwenden \u2013 wirkt wie nat\u00fcrliches Haarspray<\/li>\n<\/ul>\n<h2>Warum professionelle Hilfe unverzichtbar ist<\/h2>\n<p>Bei aller Theorie: Ein ausgewogener Kurzhaarschnitt erfordert <a href=\"https:\/\/www.journee-mondiale.com\/de\/juridisk-informationen\/\" target=\"_blank\">professionelle Haarschnitt-Beratung<\/a>. &#8222;Die Gesichtsform und Haarstruktur beeinflussen ma\u00dfgeblich, welche Techniken angewendet werden sollten&#8220;, erkl\u00e4rt Schneider. &#8222;Was bei feinem Haar funktioniert, kann bei dichtem Haar kontraproduktiv sein.&#8220;<\/p>\n<p>Ist der &#8222;Pilzkopf-Effekt&#8220; also endg\u00fcltig Geschichte? Mit den richtigen Techniken und Produkten definitiv! Kurze Haarschnitte k\u00f6nnen wie pr\u00e4zise Skulpturen wirken \u2013 sie betonen unsere nat\u00fcrliche Sch\u00f6nheit, ohne in die Pilzfallen-\u00c4sthetik zu tappen. Dein neuer Fr\u00fchlingslook 2025 wartet darauf, mit perfekter Balance zu begeistern!<\/p>\n","protected":false},"excerpt":{"rendered":"<p>In diesem Fr\u00fchjahr 2025 erleben wir ein Revival der Kurzhaarschnitte \u2013 doch wer kennt nicht das gef\u00fcrchtete &#8222;Pilzkopf-Ph\u00e4nomen&#8220;? Dieser unerw\u00fcnschte Effekt entsteht, wenn sich zu viel Volumen seitlich an den Ohren bildet und der Schnitt seine Balance verliert. Moderne Styling-L\u00f6sungen bieten jetzt Abhilfe f\u00fcr dieses altbekannte Problem. Was verursacht den gef\u00fcrchteten &#8222;Pilzkopf-Effekt&#8220;? Der sogenannte Mushroom &#8230; <a title=\"Diese Styling-Techniken retten deinen Kurzhaarschnitt vor dem Pilzkopf-Effekt (3 Geheimtipps von Profi-Stylisten)\" class=\"read-more\" href=\"https:\/\/www.journee-mondiale.com\/de\/diese-styling-techniken-retten-deinen-kurzhaarschnitt-vor-dem-pilzkopf-effekt-3-geheimtipps-von-profi-stylisten\/\" aria-label=\"Mehr Informationen \u00fcber Diese Styling-Techniken retten deinen Kurzhaarschnitt vor dem Pilzkopf-Effekt (3 Geheimtipps von Profi-Stylisten)\">Lire plus<\/a><\/p>\n","protected":false},"author":1,"featured_media":12808,"comment_status":"","ping_status":"","sticky":false,"template":"","format":"standard","meta":{"footnotes":""},"categories":[48],"tags":[],"class_list":["post-12809","post","type-post","status-publish","format-standard","has-post-thumbnail","hentry","category-lebensstil"],"acf":[],"_yoast_wpseo_primary_category":null,"_yoast_wpseo_title":null,"_yoast_wpseo_metadesc":null,"_links":{"self":[{"href":"https:\/\/www.journee-mondiale.com\/de\/wp-json\/wp\/v2\/posts\/12809","targetHints":{"allow":["GET"]}}],"collection":[{"href":"https:\/\/www.journee-mondiale.com\/de\/wp-json\/wp\/v2\/posts"}],"about":[{"href":"https:\/\/www.journee-mondiale.com\/de\/wp-json\/wp\/v2\/types\/post"}],"author":[{"embeddable":true,"href":"https:\/\/www.journee-mondiale.com\/de\/wp-json\/wp\/v2\/users\/1"}],"replies":[{"embeddable":true,"href":"https:\/\/www.journee-mondiale.com\/de\/wp-json\/wp\/v2\/comments?post=12809"}],"version-history":[{"count":0,"href":"https:\/\/www.journee-mondiale.com\/de\/wp-json\/wp\/v2\/posts\/12809\/revisions"}],"wp:featuredmedia":[{"embeddable":true,"href":"https:\/\/www.journee-mondiale.com\/de\/wp-json\/wp\/v2\/media\/12808"}],"wp:attachment":[{"href":"https:\/\/www.journee-mondiale.com\/de\/wp-json\/wp\/v2\/media?parent=12809"}],"wp:term":[{"taxonomy":"category","embeddable":true,"href":"https:\/\/www.journee-mondiale.com\/de\/wp-json\/wp\/v2\/categories?post=12809"},{"taxonomy":"post_tag","embeddable":true,"href":"https:\/\/www.journee-mondiale.com\/de\/wp-json\/wp\/v2\/tags?post=12809"}],"curies":[{"name":"wp","href":"https:\/\/api.w.org\/{rel}","templated":true}]}}