{"id":12807,"date":"2025-03-22T16:35:22","date_gmt":"2025-03-22T15:35:22","guid":{"rendered":"https:\/\/www.journee-mondiale.com\/de\/diese-5-nail-trends-fuer-fruehjahr-2025-kreieren-ihre-persoenliche-fingerspitzen-revolution-und-warum-minimalismus-jetzt-mit-extravaganz-verschmilzt\/"},"modified":"2025-03-22T16:35:22","modified_gmt":"2025-03-22T15:35:22","slug":"diese-5-nail-trends-fuer-fruehjahr-2025-kreieren-ihre-persoenliche-fingerspitzen-revolution-und-warum-minimalismus-jetzt-mit-extravaganz-verschmilzt","status":"publish","type":"post","link":"https:\/\/www.journee-mondiale.com\/de\/diese-5-nail-trends-fuer-fruehjahr-2025-kreieren-ihre-persoenliche-fingerspitzen-revolution-und-warum-minimalismus-jetzt-mit-extravaganz-verschmilzt\/","title":{"rendered":"Diese 5 Nail Trends f\u00fcr Fr\u00fchjahr 2025 kreieren Ihre pers\u00f6nliche Fingerspitzen-Revolution (&#8230; und warum Minimalismus jetzt mit Extravaganz verschmilzt)"},"content":{"rendered":"<p>Die Fr\u00fchjahrssaison 2025 l\u00e4utet eine Revolution in der Nagelkunst ein. Was auf unseren Fingerspitzen gl\u00e4nzt, spiegelt mehr als nur Mode wider \u2013 es ist eine Form des pers\u00f6nlichen Ausdrucks. Die <strong>Nail Trends 2025<\/strong> vereinen Minimalismus mit Extravaganz und lassen Raum f\u00fcr individuelle Interpretation. Entdecken wir, welche Nageldesigns diesen Fr\u00fchling unsere H\u00e4nde schm\u00fccken werden.<\/p>\n<h2>Der Minimalismus feiert seine Raffinesse<\/h2>\n<p>Weniger ist mehr \u2013 dieses Mantra pr\u00e4gt die <strong>Nude- und Pastelltrends<\/strong> des Fr\u00fchjahrs. &#8222;Minimalismus ist derzeit sehr angesagt, aber es geht auch darum, den Look mit kleinen Details zu verfeinern&#8220;, erkl\u00e4rt Nageldesigner Andreas Schr\u00f6der. Wie ein zartes Fr\u00fchlingsblatt bieten diese dezenten Designs die perfekte Leinwand f\u00fcr filigrane Verzierungen und geometrische Akzente. <a href=\"https:\/\/www.journee-mondiale.com\/de\/category\/lebensstil\/\" target=\"_blank\">Lebensstil-Trends<\/a> zeigen, dass Eleganz in der Zur\u00fcckhaltung liegt.<\/p>\n<h2>Neon-Revival: Die leuchtende Revolution<\/h2>\n<p>Nach dem Winter sehnen wir uns nach Farbe, und die <strong>Neontrends<\/strong> 2025 liefern genau das. Pink, Gr\u00fcn und Orange in ihrer intensivsten Form bringen Leben in die Fr\u00fchjahrsgarde. Diese elektrisierenden T\u00f6ne sind wie die ersten Fr\u00fchlingsbl\u00fcten \u2013 unm\u00f6glich zu \u00fcbersehen und voller Energie.<\/p>\n<h2>Glitzer-Explosion: Nicht nur f\u00fcr besondere Anl\u00e4sse<\/h2>\n<p>Was einst den Partyn\u00e4chten vorbehalten war, geh\u00f6rt jetzt zum Alltags-Look. <strong>Glitzereffekte<\/strong> und schimmernde Akzente haben den Sprung ins t\u00e4gliche Leben geschafft. &#8222;Ich liebe es, meine N\u00e4gel kreativ zu gestalten. Es ist eine gro\u00dfartige M\u00f6glichkeit, sich selbst auszudr\u00fccken&#8220;, verr\u00e4t Lena Meyer-Landrut, die regelm\u00e4\u00dfig mit funkelnden Nagelkreationen begeistert.<\/p>\n<h2>Modern French: Der Klassiker neu interpretiert<\/h2>\n<p>Die franz\u00f6sische Manik\u00fcre erlebt ein k\u00fchnes <strong>Comeback<\/strong> mit bunten Twist. Statt klassischem Wei\u00df zieren jetzt Neon, Metallic oder Pastellt\u00f6ne die Nagelspitzen. Diese Neuinterpretation ist wie ein altbekanntes Lied in einem \u00fcberraschenden Arrangement \u2013 vertraut und doch aufregend neu.<\/p>\n<h2>3D-Optik: Taktile Dimensionen erobern N\u00e4gel<\/h2>\n<p>N\u00e4gel werden zur Skulptur mit <strong>dreidimensionalen Designs<\/strong>, die zum Ber\u00fchren einladen. Perlen, kleine Schmuckst\u00fccke und reliefierte Oberfl\u00e4chen verwandeln die Fingerspitzen in kleine Kunstwerke. <a href=\"https:\/\/www.journee-mondiale.com\/de\/geschichte-der-welttage\/\" target=\"_blank\">Geschichte der Beauty-Trends<\/a> zeigt, dass solche haptischen Elemente immer wiederkehren \u2013 jetzt aber technisch perfektioniert.<\/p>\n<h2>Soap Nails: Marmorierte Meisterwerke<\/h2>\n<p>Dieser aus Asien stammende Trend erzeugt <strong>hypnotisierende Farbverl\u00e4ufe<\/strong>, die an Seifenblasen erinnern. &#8222;Trends wie Soap Nails sind perfekt f\u00fcr diejenigen, die einen minimalistischen, aber dennoch auff\u00e4lligen Look suchen&#8220;, schw\u00e4rmt Beauty-Influencerin Dagi Bee. Die wichtigsten Farben f\u00fcr diesen Fr\u00fchling:<\/p>\n<ul>\n<li>Sanftes Lavendel f\u00fcr romantische Vibes<\/li>\n<li>Pfirsicht\u00f6ne f\u00fcr warme Fr\u00fchlingstage<\/li>\n<li>Aquamarines Blau f\u00fcr k\u00fchle Eleganz<\/li>\n<\/ul>\n<h2>Pflege als Grundlage jedes Trends<\/h2>\n<p>Die <strong>Nagelgesundheit<\/strong> bleibt fundamentaler Bestandteil aller Trends. &#8222;Die richtige Nagelpflege ist entscheidend f\u00fcr die Langlebigkeit eines Designs&#8220;, betont Dr. Christine Schrammek-Drusio. <a href=\"https:\/\/www.journee-mondiale.com\/de\/\" target=\"_blank\">Aktuelle Lifestyle-News<\/a> unterstreichen die Wichtigkeit gesunder N\u00e4gel als Basis jeder Manik\u00fcre. Essenzielle Pflegetipps:<\/p>\n<ul>\n<li>Regelm\u00e4\u00dfige \u00d6lb\u00e4der mit Mandel- oder Jojoba\u00f6l<\/li>\n<li>Qualitativ hochwertige Unterlacke verwenden<\/li>\n<li>Zweiw\u00f6chige Pausen zwischen Gel-Anwendungen einlegen<\/li>\n<\/ul>\n<h2>Wie findet man seinen pers\u00f6nlichen Nagelstil?<\/h2>\n<p>Zwischen internationalen Trends und <a href=\"https:\/\/www.journee-mondiale.com\/de\/category\/reisen\/\" target=\"_blank\">Internationale Beauty-Inspirationen<\/a> seinen eigenen Stil zu finden, kann herausfordernd sein. Wie bei einem Kleidungsst\u00fcck sollte der Nagelstil zur Pers\u00f6nlichkeit passen. Experimentieren Sie mit verschiedenen Techniken und finden Sie heraus, welcher Trend Ihre H\u00e4nde am besten zur Geltung bringt. <a href=\"https:\/\/www.journee-mondiale.com\/de\/feed\/\" target=\"_blank\">Beauty-Updates abonnieren<\/a> kann dabei helfen, stets informiert zu bleiben.<\/p>\n<p>Welcher Nageltrend spricht am meisten zu Ihnen? Die Sch\u00f6nheit der Nagelkunst 2025 liegt in ihrer Vielseitigkeit \u2013 von zur\u00fcckhaltend elegant bis dramatisch auff\u00e4llig ist f\u00fcr jeden etwas dabei. Lassen Sie Ihre Fingerspitzen zu kleinen Leinw\u00e4nden werden, auf denen Sie Ihre Pers\u00f6nlichkeit zum Ausdruck bringen k\u00f6nnen. Die Fr\u00fchjahrssaison 2025 l\u00e4dt ein zum kreativen Experimentieren!<\/p>\n","protected":false},"excerpt":{"rendered":"<p>Die Fr\u00fchjahrssaison 2025 l\u00e4utet eine Revolution in der Nagelkunst ein. Was auf unseren Fingerspitzen gl\u00e4nzt, spiegelt mehr als nur Mode wider \u2013 es ist eine Form des pers\u00f6nlichen Ausdrucks. Die Nail Trends 2025 vereinen Minimalismus mit Extravaganz und lassen Raum f\u00fcr individuelle Interpretation. Entdecken wir, welche Nageldesigns diesen Fr\u00fchling unsere H\u00e4nde schm\u00fccken werden. Der Minimalismus &#8230; <a title=\"Diese 5 Nail Trends f\u00fcr Fr\u00fchjahr 2025 kreieren Ihre pers\u00f6nliche Fingerspitzen-Revolution (&#8230; und warum Minimalismus jetzt mit Extravaganz verschmilzt)\" class=\"read-more\" href=\"https:\/\/www.journee-mondiale.com\/de\/diese-5-nail-trends-fuer-fruehjahr-2025-kreieren-ihre-persoenliche-fingerspitzen-revolution-und-warum-minimalismus-jetzt-mit-extravaganz-verschmilzt\/\" aria-label=\"Mehr Informationen \u00fcber Diese 5 Nail Trends f\u00fcr Fr\u00fchjahr 2025 kreieren Ihre pers\u00f6nliche Fingerspitzen-Revolution (&#8230; und warum Minimalismus jetzt mit Extravaganz verschmilzt)\">Lire plus<\/a><\/p>\n","protected":false},"author":1,"featured_media":12806,"comment_status":"","ping_status":"","sticky":false,"template":"","format":"standard","meta":{"footnotes":""},"categories":[48],"tags":[],"class_list":["post-12807","post","type-post","status-publish","format-standard","has-post-thumbnail","hentry","category-lebensstil"],"acf":[],"_yoast_wpseo_primary_category":null,"_yoast_wpseo_title":null,"_yoast_wpseo_metadesc":null,"_links":{"self":[{"href":"https:\/\/www.journee-mondiale.com\/de\/wp-json\/wp\/v2\/posts\/12807","targetHints":{"allow":["GET"]}}],"collection":[{"href":"https:\/\/www.journee-mondiale.com\/de\/wp-json\/wp\/v2\/posts"}],"about":[{"href":"https:\/\/www.journee-mondiale.com\/de\/wp-json\/wp\/v2\/types\/post"}],"author":[{"embeddable":true,"href":"https:\/\/www.journee-mondiale.com\/de\/wp-json\/wp\/v2\/users\/1"}],"replies":[{"embeddable":true,"href":"https:\/\/www.journee-mondiale.com\/de\/wp-json\/wp\/v2\/comments?post=12807"}],"version-history":[{"count":0,"href":"https:\/\/www.journee-mondiale.com\/de\/wp-json\/wp\/v2\/posts\/12807\/revisions"}],"wp:featuredmedia":[{"embeddable":true,"href":"https:\/\/www.journee-mondiale.com\/de\/wp-json\/wp\/v2\/media\/12806"}],"wp:attachment":[{"href":"https:\/\/www.journee-mondiale.com\/de\/wp-json\/wp\/v2\/media?parent=12807"}],"wp:term":[{"taxonomy":"category","embeddable":true,"href":"https:\/\/www.journee-mondiale.com\/de\/wp-json\/wp\/v2\/categories?post=12807"},{"taxonomy":"post_tag","embeddable":true,"href":"https:\/\/www.journee-mondiale.com\/de\/wp-json\/wp\/v2\/tags?post=12807"}],"curies":[{"name":"wp","href":"https:\/\/api.w.org\/{rel}","templated":true}]}}