{"id":12783,"date":"2025-03-22T01:15:08","date_gmt":"2025-03-22T00:15:08","guid":{"rendered":"https:\/\/www.journee-mondiale.com\/de\/ich-habe-meine-beach-waves-in-7-minuten-fruehlingsfit-gemacht-dieser-natuerliche-look-veraendert-alles\/"},"modified":"2025-03-22T01:15:08","modified_gmt":"2025-03-22T00:15:08","slug":"ich-habe-meine-beach-waves-in-7-minuten-fruehlingsfit-gemacht-dieser-natuerliche-look-veraendert-alles","status":"publish","type":"post","link":"https:\/\/www.journee-mondiale.com\/de\/ich-habe-meine-beach-waves-in-7-minuten-fruehlingsfit-gemacht-dieser-natuerliche-look-veraendert-alles\/","title":{"rendered":"Ich habe meine Beach Waves in 7 Minuten fr\u00fchlingsfit gemacht (dieser nat\u00fcrliche Look ver\u00e4ndert alles)"},"content":{"rendered":"<p>Tousled Beach Waves: Fr\u00fchlingsfrisch und nat\u00fcrlich sch\u00f6n<\/p>\n<h2>Der Fr\u00fchlingstrend, der uns bereits jetzt in Sommerstimmung versetzt<\/h2>\n<p>Mit den ersten warmen Sonnenstrahlen im M\u00e4rz 2025 kehrt auch die Sehnsucht nach l\u00e4ssigen Frisuren zur\u00fcck. <strong>Tousled Beach Waves<\/strong> erleben diesen Fr\u00fchling ein kraftvolles Comeback und bringen uns ein St\u00fcck Strandfeeling ins noch k\u00fchle Deutschland. &#8222;Diese Wellen strahlen eine m\u00fchelose Eleganz aus, die perfekt zum Aufbruch in die w\u00e4rmere Jahreszeit passt&#8220;, erkl\u00e4rt <strong>Lisa Bergmann<\/strong>, Creative Director des renommierten Berliner Salons &#8222;Wellenreiter&#8220;.<\/p>\n<p>Der besondere Charme dieser Frisur liegt in ihrer Unvollkommenheit. Wie die ersten Knospen im Fr\u00fchling entfalten sich die Wellen in einer nat\u00fcrlichen Wildheit, die gleichzeitig gez\u00e4hmt wirkt \u2013 eine Kunst f\u00fcr sich. Entdecken wir gemeinsam, warum gerade jetzt <a href=\"https:\/\/www.journee-mondiale.com\/de\/category\/lebensstil\/\" target=\"_blank\">Lebensstil-Trends<\/a> wie dieser unsere Herzen erobern.<\/p>\n<h2>Die perfekte Fr\u00fchlings-Interpretation des Strand-Looks<\/h2>\n<p>Anders als im Hochsommer d\u00fcrfen die <strong>Beach Waves<\/strong> im Fr\u00fchling etwas definierter ausfallen. &#8222;Im M\u00e4rz und April arbeite ich mit weicheren, geschmeidigeren Wellen, die mehr Struktur haben als der typische Sommerlook&#8220;, verr\u00e4t Stylist <strong>Thomas Schmidt<\/strong> vom Studio &#8222;Haarkunst&#8220;. Diese Fr\u00fchlingsvariante wirkt wie ein Sonnenuntergang am Meer \u2013 sanft und doch kraftvoll in seiner Ausstrahlung.<\/p>\n<h2>Styling ohne Hitze \u2013 perfekt f\u00fcr die \u00dcbergangszeit<\/h2>\n<p>Mit der <strong>Zopftechnik<\/strong> lassen sich Beach Waves ganz ohne Hitze kreieren \u2013 ideal f\u00fcr die noch empfindlichen Haare nach dem Winter:<\/p>\n<ul>\n<li>Haare leicht feucht in 4-6 Z\u00f6pfe flechten<\/li>\n<li>\u00dcber Nacht trocknen lassen<\/li>\n<li>Morgens l\u00f6sen und mit den Fingern auflockern<\/li>\n<li>Mit einem leichten Meersalzspray fixieren<\/li>\n<\/ul>\n<p>Diese Methode schont nicht nur die Haare, sondern schafft auch diesen unwiderstehlichen &#8222;Gerade vom Strand gekommen&#8220;-Look, der wie ein Fr\u00fchlingsspaziergang am Meer wirkt \u2013 belebend und erfrischend.<\/p>\n<h2>Der Fr\u00fchlingsboost f\u00fcr feines Haar<\/h2>\n<p>Besonders f\u00fcr <strong>feines Haar<\/strong> sind Tousled Beach Waves ein wahrer Segen. &#8222;Wie eine sanfte Meeresbrise, die selbst das zarteste Blatt zum Tanzen bringt, verleihen diese Wellen auch feinem Haar Bewegung und F\u00fclle&#8220;, schw\u00e4rmt Haarstylistin <strong>Marie Weber<\/strong>. Ein gutes <a href=\"https:\/\/www.journee-mondiale.com\/de\/category\/reisen\/\" target=\"_blank\">Strand-Inspirationen<\/a> suchendes Styling-Produkt kann hier Wunder wirken.<\/p>\n<h2>Fr\u00fchlingsfrische Beach Waves in 10 Minuten<\/h2>\n<p>F\u00fcr alle Eiligen: Mit einem <strong>Gl\u00e4tteisen<\/strong> lassen sich im Fr\u00fchling schnell nat\u00fcrliche Wellen zaubern. Drehen Sie das Eisen beim Durchgleiten sanft nach innen und au\u00dfen. Variieren Sie die Richtung und die St\u00e4rke der Drehung f\u00fcr einen besonders nat\u00fcrlichen Look. Diese Technik funktioniert wie ein Fr\u00fchlingsputz f\u00fcr Ihre Frisur \u2013 schnell, effektiv und mit sofort sichtbarem Ergebnis.<\/p>\n<h2>Die richtigen Produkte f\u00fcr Fr\u00fchlingsfrische<\/h2>\n<ul>\n<li>Leichtes Texturspray statt schwerem Salzspray<\/li>\n<li>Feuchtigkeitsspendende Haarmaske (1x w\u00f6chentlich)<\/li>\n<li>Hitzeschutzspray bei Verwendung von Styling-Tools<\/li>\n<\/ul>\n<p>Diese Produktauswahl unterst\u00fctzt Ihre Haare perfekt beim \u00dcbergang in die w\u00e4rmere Jahreszeit und bereitet sie auf mehr Sonneneinstrahlung vor. Bei <a href=\"https:\/\/www.journee-mondiale.com\/de\/\" target=\"_blank\">Aktuelle Beauty-Trends<\/a> finden Sie stets die neuesten Empfehlungen f\u00fcr saisonale Haarpflege.<\/p>\n<h2>Der Fr\u00fchjahrsschnitt als Basis<\/h2>\n<p>Der perfekte <strong>Stufenschnitt<\/strong> bildet die Grundlage f\u00fcr traumhafte Beach Waves. Ich erinnere mich an eine Kundin, die nach einem besonders harten Winter mit stumpfem Haar zu mir kam. Ein frischer, leicht gestufter Schnitt verwandelte ihre m\u00fcden Str\u00e4hnen in ein federndes Wellenmeer \u2013 wie ein Fr\u00fchlingswunder f\u00fcr ihr Haar!<\/p>\n<p>Die Beach Waves folgen dem gleichen Prinzip wie die Natur im Fr\u00fchling: Sie brauchen eine gesunde Basis, um in voller Pracht zu erbl\u00fchen. <a href=\"https:\/\/www.journee-mondiale.com\/de\/geschichte-der-welttage\/\" target=\"_blank\">Internationale Beauty-Tage<\/a> wie der &#8222;World Hair Day&#8220; unterstreichen die Bedeutung von Haarpflege im Jahreszyklus.<\/p>\n<h2>Vom Alltag bis zum Fr\u00fchlingsball<\/h2>\n<p>Das Sch\u00f6ne an Tousled Beach Waves: Sie passen zu jedem Anlass. F\u00fcr den Alltag etwas lockerer und nat\u00fcrlicher, f\u00fcr besondere Anl\u00e4sse mit etwas mehr Definition und <a href=\"https:\/\/www.journee-mondiale.com\/de\/juridisk-informationen\/\" target=\"_blank\">Produktempfehlungen<\/a> f\u00fcr l\u00e4ngeren Halt. Wie ein Cham\u00e4leon wandelt sich diese Frisur mit nur kleinen Anpassungen vom B\u00fcro-Look zum Dinner-Date \u2013 vielseitig wie der Fr\u00fchling selbst.<\/p>\n<h2>Sind Sie bereit f\u00fcr Ihre pers\u00f6nliche Fr\u00fchlingsverwandlung?<\/h2>\n<p>Tousled Beach Waves sind mehr als nur eine Frisur \u2013 sie sind eine Einstellung. Sie verk\u00f6rpern jene Leichtigkeit, nach der wir uns nach den grauen Wintermonaten sehnen. G\u00f6nnen Sie Ihrem Haar diesen Fr\u00fchlings-Refresh und sp\u00fcren Sie, wie nicht nur Ihre Locken, sondern auch Ihre Stimmung einen Aufschwung erf\u00e4hrt. Denn wie die ersten Sonnenstrahlen im M\u00e4rz versprechen auch diese sanften Wellen: Die sch\u00f6nste Zeit des Jahres steht noch bevor!<\/p>\n","protected":false},"excerpt":{"rendered":"<p>Tousled Beach Waves: Fr\u00fchlingsfrisch und nat\u00fcrlich sch\u00f6n Der Fr\u00fchlingstrend, der uns bereits jetzt in Sommerstimmung versetzt Mit den ersten warmen Sonnenstrahlen im M\u00e4rz 2025 kehrt auch die Sehnsucht nach l\u00e4ssigen Frisuren zur\u00fcck. Tousled Beach Waves erleben diesen Fr\u00fchling ein kraftvolles Comeback und bringen uns ein St\u00fcck Strandfeeling ins noch k\u00fchle Deutschland. &#8222;Diese Wellen strahlen eine &#8230; <a title=\"Ich habe meine Beach Waves in 7 Minuten fr\u00fchlingsfit gemacht (dieser nat\u00fcrliche Look ver\u00e4ndert alles)\" class=\"read-more\" href=\"https:\/\/www.journee-mondiale.com\/de\/ich-habe-meine-beach-waves-in-7-minuten-fruehlingsfit-gemacht-dieser-natuerliche-look-veraendert-alles\/\" aria-label=\"Mehr Informationen \u00fcber Ich habe meine Beach Waves in 7 Minuten fr\u00fchlingsfit gemacht (dieser nat\u00fcrliche Look ver\u00e4ndert alles)\">Lire plus<\/a><\/p>\n","protected":false},"author":1,"featured_media":12782,"comment_status":"","ping_status":"","sticky":false,"template":"","format":"standard","meta":{"footnotes":""},"categories":[48],"tags":[],"class_list":["post-12783","post","type-post","status-publish","format-standard","has-post-thumbnail","hentry","category-lebensstil"],"acf":[],"_yoast_wpseo_primary_category":null,"_yoast_wpseo_title":null,"_yoast_wpseo_metadesc":null,"_links":{"self":[{"href":"https:\/\/www.journee-mondiale.com\/de\/wp-json\/wp\/v2\/posts\/12783","targetHints":{"allow":["GET"]}}],"collection":[{"href":"https:\/\/www.journee-mondiale.com\/de\/wp-json\/wp\/v2\/posts"}],"about":[{"href":"https:\/\/www.journee-mondiale.com\/de\/wp-json\/wp\/v2\/types\/post"}],"author":[{"embeddable":true,"href":"https:\/\/www.journee-mondiale.com\/de\/wp-json\/wp\/v2\/users\/1"}],"replies":[{"embeddable":true,"href":"https:\/\/www.journee-mondiale.com\/de\/wp-json\/wp\/v2\/comments?post=12783"}],"version-history":[{"count":0,"href":"https:\/\/www.journee-mondiale.com\/de\/wp-json\/wp\/v2\/posts\/12783\/revisions"}],"wp:featuredmedia":[{"embeddable":true,"href":"https:\/\/www.journee-mondiale.com\/de\/wp-json\/wp\/v2\/media\/12782"}],"wp:attachment":[{"href":"https:\/\/www.journee-mondiale.com\/de\/wp-json\/wp\/v2\/media?parent=12783"}],"wp:term":[{"taxonomy":"category","embeddable":true,"href":"https:\/\/www.journee-mondiale.com\/de\/wp-json\/wp\/v2\/categories?post=12783"},{"taxonomy":"post_tag","embeddable":true,"href":"https:\/\/www.journee-mondiale.com\/de\/wp-json\/wp\/v2\/tags?post=12783"}],"curies":[{"name":"wp","href":"https:\/\/api.w.org\/{rel}","templated":true}]}}