{"id":12779,"date":"2025-03-21T21:55:30","date_gmt":"2025-03-21T20:55:30","guid":{"rendered":"https:\/\/www.journee-mondiale.com\/de\/die-unerwartete-3-minuten-methode-warum-mein-nagellack-jetzt-7-tage-ohne-absplittern-haelt-selbst-beim-gaertnern\/"},"modified":"2025-03-21T21:55:30","modified_gmt":"2025-03-21T20:55:30","slug":"die-unerwartete-3-minuten-methode-warum-mein-nagellack-jetzt-7-tage-ohne-absplittern-haelt-selbst-beim-gaertnern","status":"publish","type":"post","link":"https:\/\/www.journee-mondiale.com\/de\/die-unerwartete-3-minuten-methode-warum-mein-nagellack-jetzt-7-tage-ohne-absplittern-haelt-selbst-beim-gaertnern\/","title":{"rendered":"Die unerwartete 3-Minuten-Methode: Warum mein Nagellack jetzt 7 Tage ohne Absplittern h\u00e4lt (selbst beim G\u00e4rtnern)"},"content":{"rendered":"<p>Perfekter Nagellack im Fr\u00fchlings-Alltag: Tipps gegen l\u00e4stiges Absplittern<\/p>\n<p>Der Fr\u00fchling 2025 ist da, und mit ihm kehrt die Lust auf frische Farben und <strong>gepflegte N\u00e4gel<\/strong> zur\u00fcck! Doch kennen wir nicht alle das Problem? Kaum ist die Manik\u00fcre perfekt, zeigen sich die ersten Absplitterungen &#8211; besonders jetzt, wo wir unsere H\u00e4nde nach den Wintermonaten wieder mehr pr\u00e4sentieren. &#8222;Viele meiner Kundinnen sind frustriert, weil ihr Nagellack bereits nach einem oder zwei Tagen erste Macken zeigt, gerade wenn sie im Fr\u00fchling aktiver werden&#8220;, erkl\u00e4rt <a href=\"https:\/\/www.journee-mondiale.com\/de\/294\/tag-der-kosmetik-und-parfums.htm\" target=\"_blank\">Nagelstylistin Nadine Reich<\/a> aus M\u00fcnchen.<\/p>\n<h2>Warum splittert Nagellack \u00fcberhaupt?<\/h2>\n<p>Der Fr\u00fchling mit seiner h\u00f6heren Luftfeuchtigkeit und vermehrten Gartenaktivit\u00e4ten stellt besondere Herausforderungen f\u00fcr unsere Manik\u00fcre dar. &#8222;Die Hauptursache f\u00fcr abbl\u00e4tternden Nagellack ist mangelnde Vorbereitung der N\u00e4gel&#8220;, betont Dr. Christine Schrammek, <strong>Dermatologin<\/strong> und Expertin f\u00fcr Nagelpflege. Wie ein Haus ohne solides Fundament kann auch Nagellack nicht lange halten, wenn die Basis nicht stimmt.<\/p>\n<h2>Die Fr\u00fchlings-Vorbereitung: Dein Weg zu lang haltenden N\u00e4geln<\/h2>\n<p>Bevor der erste Pinselstrich gesetzt wird, solltest du deine N\u00e4gel gr\u00fcndlich vorbereiten. Entferne zun\u00e4chst alle Reste alten Nagellacks und reinige die Nageloberfl\u00e4che. Der Fr\u00fchling ist die ideale Zeit, um mit einer <strong>saisonalen Nagelpflege-Routine<\/strong> zu beginnen, die der erh\u00f6hten Belastung durch Gartenarbeit und Outdoor-Aktivit\u00e4ten standh\u00e4lt.<\/p>\n<h2>Das A und O: Der richtige Base Coat<\/h2>\n<p>&#8222;Ein Base Coat ist unverzichtbar, um die Haltbarkeit des Nagellacks zu verl\u00e4ngern und gleichzeitig die N\u00e4gel zu sch\u00fctzen&#8220;, erkl\u00e4rt Nadine Reich. Diese Grundierungsschicht wirkt wie ein <strong>Kleber<\/strong> zwischen Nagel und Farblack und verhindert zudem, dass Pigmente in den Nagel eindringen und ihn verf\u00e4rben \u2013 besonders wichtig bei den leuchtenden Fr\u00fchlingsfarben 2025.<\/p>\n<h2>Die Technik macht den Unterschied<\/h2>\n<p>Beim Auftragen gilt:<\/p>\n<ul>\n<li>Immer in <strong>d\u00fcnnen Schichten<\/strong> arbeiten<\/li>\n<li>Jede Schicht vollst\u00e4ndig trocknen lassen<\/li>\n<li>Den freien Nagelrand mitlackieren<\/li>\n<\/ul>\n<h2>Der Fr\u00fchlings-Schutzschild: Top Coat richtig anwenden<\/h2>\n<p>Ein hochwertiger Top Coat bildet eine <strong>sch\u00fctzende Barriere<\/strong> gegen die Fr\u00fchlingselemente. &#8222;Erneuere deinen Top Coat alle zwei Tage, um die Widerstandsf\u00e4higkeit zu erh\u00f6hen&#8220;, r\u00e4t Dr. Schrammek. Der Top Coat ist wie ein Regenschirm f\u00fcr deine Manik\u00fcre \u2013 besonders wichtig in der wechselhaften Fr\u00fchlingszeit mit ihren Regenschauern.<\/p>\n<h2>Alltags-Schutz f\u00fcr deine Fr\u00fchlings-Manik\u00fcre<\/h2>\n<p>Im Alltag solltest du auf folgende Dinge achten:<\/p>\n<ul>\n<li>Trage <strong>Handschuhe<\/strong> bei Hausarbeiten und Gartenaktivit\u00e4ten<\/li>\n<li>Verwende regelm\u00e4\u00dfig Nagel\u00f6l, um deine N\u00e4gel geschmeidig zu halten<\/li>\n<li>Verzichte auf Nagellackentferner mit Aceton w\u00e4hrend der Fr\u00fchlingssaison<\/li>\n<\/ul>\n<h2>Nachhaltige Alternativen im Fr\u00fchling 2025<\/h2>\n<p>Der Trend geht zu <strong>umweltfreundlichen Produkten<\/strong>, die gleichzeitig die Haltbarkeit versprechen. &#8222;Viele meiner deutschen Kundinnen fragen explizit nach veganen und nachhaltigen Nagellack-Optionen&#8220;, berichtet Reich. Diese Produkte schonen nicht nur die Umwelt, sondern sind durch ihre innovative Zusammensetzung oft besonders <a href=\"https:\/\/www.journee-mondiale.com\/de\/365\/tag-der-natuerlichen-schoenheit.htm\" target=\"_blank\">widerstandsf\u00e4hig gegen Abbl\u00e4ttern<\/a>.<\/p>\n<h2>Saisonale Fr\u00fchlings-Empfehlungen f\u00fcr langlebigen Nagellack<\/h2>\n<p>Die Marken Essie und OPI bieten spezielle Kollektionen mit <strong>verst\u00e4rkter Haltbarkeit<\/strong> f\u00fcr das Fr\u00fchjahr 2025 an. Besonders die neuen shellack\u00e4hnlichen Formulierungen versprechen bis zu 10 Tage Halt ohne die Nachteile von Gel-Manik\u00fcre. Die perfekte L\u00f6sung f\u00fcr aktive Fr\u00fchlingstage!<\/p>\n<h2>Die unsichtbare Gefahr: Wie Wasser deine Manik\u00fcre beeinflusst<\/h2>\n<p>Mit den ersten <a href=\"https:\/\/www.journee-mondiale.com\/de\/569\/tag-des-nagellacks.htm\" target=\"_blank\">Fr\u00fchlingsregen<\/a> lauert ein h\u00e4ufig \u00fcbersehener Feind: Wasser. &#8222;Bei l\u00e4ngerem Kontakt dehnt sich der Nagel aus, w\u00e4hrend der Lack starr bleibt&#8220;, erkl\u00e4rt Dr. Schrammek. Diese unterschiedliche Elastizit\u00e4t f\u00fchrt zu Mikrorissen \u2013 wie ein zu eng gewordenes Kleidungsst\u00fcck, das bei Bewegung rei\u00dft.<\/p>\n<h2>Deine Fr\u00fchlingsmanik\u00fcre \u2013 ein Ausdruck deines pers\u00f6nlichen Stils?<\/h2>\n<p>Mit diesen Tipps h\u00e4lt dein Nagellack nicht nur l\u00e4nger, sondern du kannst auch die frischen Farben des Fr\u00fchlings in vollen Z\u00fcgen genie\u00dfen. Die richtige Vorbereitung, Pflege und Anwendungstechnik sind deine besten Verb\u00fcndeten f\u00fcr langanhaltend sch\u00f6ne N\u00e4gel. Welche <a href=\"https:\/\/www.journee-mondiale.com\/de\/category\/lebensstil\/\" target=\"_blank\">Fr\u00fchlingsfarbe<\/a> wird deine H\u00e4nde in dieser Saison schm\u00fccken? Die <strong>M\u00f6glichkeiten<\/strong> sind so vielf\u00e4ltig wie die ersten Fr\u00fchlingsblumen!<\/p>\n","protected":false},"excerpt":{"rendered":"<p>Perfekter Nagellack im Fr\u00fchlings-Alltag: Tipps gegen l\u00e4stiges Absplittern Der Fr\u00fchling 2025 ist da, und mit ihm kehrt die Lust auf frische Farben und gepflegte N\u00e4gel zur\u00fcck! Doch kennen wir nicht alle das Problem? Kaum ist die Manik\u00fcre perfekt, zeigen sich die ersten Absplitterungen &#8211; besonders jetzt, wo wir unsere H\u00e4nde nach den Wintermonaten wieder mehr &#8230; <a title=\"Die unerwartete 3-Minuten-Methode: Warum mein Nagellack jetzt 7 Tage ohne Absplittern h\u00e4lt (selbst beim G\u00e4rtnern)\" class=\"read-more\" href=\"https:\/\/www.journee-mondiale.com\/de\/die-unerwartete-3-minuten-methode-warum-mein-nagellack-jetzt-7-tage-ohne-absplittern-haelt-selbst-beim-gaertnern\/\" aria-label=\"Mehr Informationen \u00fcber Die unerwartete 3-Minuten-Methode: Warum mein Nagellack jetzt 7 Tage ohne Absplittern h\u00e4lt (selbst beim G\u00e4rtnern)\">Lire plus<\/a><\/p>\n","protected":false},"author":1,"featured_media":12778,"comment_status":"","ping_status":"","sticky":false,"template":"","format":"standard","meta":{"footnotes":""},"categories":[48],"tags":[],"class_list":["post-12779","post","type-post","status-publish","format-standard","has-post-thumbnail","hentry","category-lebensstil"],"acf":[],"_yoast_wpseo_primary_category":null,"_yoast_wpseo_title":null,"_yoast_wpseo_metadesc":null,"_links":{"self":[{"href":"https:\/\/www.journee-mondiale.com\/de\/wp-json\/wp\/v2\/posts\/12779","targetHints":{"allow":["GET"]}}],"collection":[{"href":"https:\/\/www.journee-mondiale.com\/de\/wp-json\/wp\/v2\/posts"}],"about":[{"href":"https:\/\/www.journee-mondiale.com\/de\/wp-json\/wp\/v2\/types\/post"}],"author":[{"embeddable":true,"href":"https:\/\/www.journee-mondiale.com\/de\/wp-json\/wp\/v2\/users\/1"}],"replies":[{"embeddable":true,"href":"https:\/\/www.journee-mondiale.com\/de\/wp-json\/wp\/v2\/comments?post=12779"}],"version-history":[{"count":0,"href":"https:\/\/www.journee-mondiale.com\/de\/wp-json\/wp\/v2\/posts\/12779\/revisions"}],"wp:featuredmedia":[{"embeddable":true,"href":"https:\/\/www.journee-mondiale.com\/de\/wp-json\/wp\/v2\/media\/12778"}],"wp:attachment":[{"href":"https:\/\/www.journee-mondiale.com\/de\/wp-json\/wp\/v2\/media?parent=12779"}],"wp:term":[{"taxonomy":"category","embeddable":true,"href":"https:\/\/www.journee-mondiale.com\/de\/wp-json\/wp\/v2\/categories?post=12779"},{"taxonomy":"post_tag","embeddable":true,"href":"https:\/\/www.journee-mondiale.com\/de\/wp-json\/wp\/v2\/tags?post=12779"}],"curies":[{"name":"wp","href":"https:\/\/api.w.org\/{rel}","templated":true}]}}