{"id":12777,"date":"2025-03-21T21:05:38","date_gmt":"2025-03-21T20:05:38","guid":{"rendered":"https:\/\/www.journee-mondiale.com\/de\/ich-tauschte-mein-blondes-haar-gegen-silber-und-warum-der-fruehling-2025-der-perfekte-zeitpunkt-dafuer-ist\/"},"modified":"2025-03-21T21:05:38","modified_gmt":"2025-03-21T20:05:38","slug":"ich-tauschte-mein-blondes-haar-gegen-silber-und-warum-der-fruehling-2025-der-perfekte-zeitpunkt-dafuer-ist","status":"publish","type":"post","link":"https:\/\/www.journee-mondiale.com\/de\/ich-tauschte-mein-blondes-haar-gegen-silber-und-warum-der-fruehling-2025-der-perfekte-zeitpunkt-dafuer-ist\/","title":{"rendered":"Ich tauschte mein blondes Haar gegen Silber (und warum der Fr\u00fchling 2025 der perfekte Zeitpunkt daf\u00fcr ist)"},"content":{"rendered":"<p>Von strahlendem Blond zu elegantem Silber \u2013 ein \u00dcbergang, der im Fr\u00fchjahr 2025 immer mehr Frauen begeistert. W\u00e4hrend die Natur drau\u00dfen zu neuem Leben erwacht, entscheiden sich viele f\u00fcr diese mutige Verwandlung. <strong>Der \u00dcbergang zu Silberhaar<\/strong> ist mehr als nur ein Farbwechsel \u2013 er symbolisiert Selbstakzeptanz und einen nat\u00fcrlichen Umgang mit der eigenen Sch\u00f6nheit.<\/p>\n<h2>Der richtige Zeitpunkt f\u00fcr den silbernen Wandel<\/h2>\n<p>Das Fr\u00fchjahr bietet sich perfekt f\u00fcr diese Transformation an. &#8222;Die zunehmende Sonneneinstrahlung unterst\u00fctzt den \u00dcbergang, da nat\u00fcrliches Licht die silbernen Nuancen besonders sch\u00f6n zur Geltung bringt&#8220;, erkl\u00e4rt <strong>Thomas Schmidt<\/strong>, Meisterfriseur im Berliner Salon &#8222;Haarkunst&#8220;. Nicht umsonst vergleiche ich diesen Prozess gerne mit einem Schmetterling, der seine Verwandlung im Fr\u00fchling vollendet \u2013 er braucht Zeit, doch das Ergebnis ist atemberaubend.<\/p>\n<h2>Zwei Wege zum silbernen Glanz<\/h2>\n<p>Grunds\u00e4tzlich stehen dir zwei Methoden zur Verf\u00fcgung:<\/p>\n<ul>\n<li>Die <strong>Kalt-Entzug-Methode<\/strong> \u2013 nat\u00fcrliches Herauswachsen ohne chemische Behandlung<\/li>\n<li>Der <strong>Salon-\u00dcbergang<\/strong> mit gezielten F\u00e4rbetechniken<\/li>\n<\/ul>\n<p>&#8222;W\u00e4hrend die erste Methode Geduld erfordert, bietet die zweite einen harmonischeren \u00dcbergang&#8220;, betont Schmidt. Eine Kundin erz\u00e4hlte mir k\u00fcrzlich, wie sie w\u00e4hrend ihres sechsmonatigen \u00dcbergangs mehr Komplimente bekommen hat als in den Jahren zuvor mit ihrem gef\u00e4rbten Blond.<\/p>\n<h2>Balayage als goldene Br\u00fccke<\/h2>\n<p>Die <strong>Balayage-Technik<\/strong> erweist sich als wahre Geheimwaffe beim \u00dcbergang. &#8222;Wie ein geschickter Maler tupft der Friseur silberne Highlights ein, die sich mit dem Blond vermischen und den \u00dcbergang flie\u00dfend gestalten&#8220;, erkl\u00e4rt <strong>Lisa Wagner<\/strong>, Color-Expertin aus M\u00fcnchen. Diese Technik hat mir gezeigt, dass der Weg manchmal genauso sch\u00f6n sein kann wie das Ziel.<\/p>\n<h2>Die richtige Pflege f\u00fcr strahlendes Silber<\/h2>\n<p>Silberhaar ben\u00f6tigt besondere Aufmerksamkeit, besonders im Fr\u00fchling, wenn UV-Strahlung zunimmt. Essentiell sind:<\/p>\n<ul>\n<li><strong>Violettes Shampoo<\/strong> gegen Gelbstich<\/li>\n<li>Intensive Feuchtigkeitsmasken f\u00fcr gesch\u00e4digtes Haar<\/li>\n<li>UV-Schutzprodukte f\u00fcr den Fr\u00fchling und Sommer<\/li>\n<\/ul>\n<p>Ein hochwertiges <a href=\"https:\/\/www.journee-mondiale.com\/de\/category\/lebensstil\/\" target=\"_blank\">Haarpflegesystem f\u00fcr Silberhaar<\/a> ist wie ein ma\u00dfgeschneidertes Kleid \u2013 es betont die nat\u00fcrliche Sch\u00f6nheit, ohne aufgesetzt zu wirken.<\/p>\n<h2>Die psychologische Dimension des \u00dcbergangs<\/h2>\n<p>Der Wechsel zu Silberhaar ist oft mehr als eine <a href=\"https:\/\/www.journee-mondiale.com\/de\/\" target=\"_blank\">\u00e4sthetische Entscheidung<\/a>. &#8222;Es ist ein Statement der Selbstakzeptanz&#8220;, sagt <strong>Dr. Maria Berger<\/strong>, Psychologin mit Fokus auf K\u00f6rperbild. Eine Klientin beschrieb ihren \u00dcbergang als befreiende Reise: &#8222;Mit jedem Zentimeter Silber f\u00fchlte ich mich authentischer.&#8220;<\/p>\n<h2>Moderne Schnitte f\u00fcr silbernes Haar<\/h2>\n<p>Ein passender Haarschnitt kann den \u00dcbergang elegant unterstreichen. <strong>Pixie-Cuts<\/strong> oder <strong>Bob-Varianten<\/strong> eignen sich besonders, da sie das Herauswachsen beschleunigen. Die <a href=\"https:\/\/www.journee-mondiale.com\/de\/feed\/\" target=\"_blank\">regelm\u00e4\u00dfige Auffrischung des Schnitts<\/a> ist wie das Beschneiden eines Gartens \u2013 es f\u00f6rdert gesundes Wachstum und eine harmonische Form.<\/p>\n<h2>Inspiration in der Community finden<\/h2>\n<p>Der Austausch mit anderen Frauen, die diesen Weg gegangen sind, kann enorm motivieren. Online-Gruppen bieten eine F\u00fclle an <a href=\"https:\/\/www.journee-mondiale.com\/de\/comments\/feed\/\" target=\"_blank\">pers\u00f6nlichen Erfahrungsberichten<\/a>, die Mut machen und praktische Tipps liefern. Diese Gemeinschaften sind wie Leuchtfeuer auf dem manchmal herausfordernden Weg zur Silberpracht.<\/p>\n<h2>Silber als internationaler Trend<\/h2>\n<p>Von Paris bis Tokyo \u2013 <strong>silbernes Haar<\/strong> ist ein globaler Trend. Jede Kultur interpretiert ihn anders, was zu einer faszinierenden Vielfalt an <a href=\"https:\/\/www.journee-mondiale.com\/de\/category\/reisen\/\" target=\"_blank\">Styling-Variationen weltweit<\/a> f\u00fchrt. Wie ein gut gereifter Wein gewinnt Silberhaar \u00fcberall an Wertsch\u00e4tzung \u2013 es steht f\u00fcr Eleganz, Weisheit und zeitlose Sch\u00f6nheit.<\/p>\n<h2>Bist du bereit f\u00fcr deinen silbernen Fr\u00fchling?<\/h2>\n<p>Der \u00dcbergang von Blond zu Silber mag eine Herausforderung sein, doch mit der richtigen Herangehensweise wird er zu einer bereichernden Erfahrung. Finde deinen individuellen Weg, genie\u00dfe den Prozess und entdecke eine neue Facette deiner Sch\u00f6nheit \u2013 gerade jetzt, wenn die Natur sich erneuert, ist der perfekte Zeitpunkt, auch deinem Haar einen frischen, authentischen Look zu schenken.<\/p>\n","protected":false},"excerpt":{"rendered":"<p>Von strahlendem Blond zu elegantem Silber \u2013 ein \u00dcbergang, der im Fr\u00fchjahr 2025 immer mehr Frauen begeistert. W\u00e4hrend die Natur drau\u00dfen zu neuem Leben erwacht, entscheiden sich viele f\u00fcr diese mutige Verwandlung. Der \u00dcbergang zu Silberhaar ist mehr als nur ein Farbwechsel \u2013 er symbolisiert Selbstakzeptanz und einen nat\u00fcrlichen Umgang mit der eigenen Sch\u00f6nheit. Der &#8230; <a title=\"Ich tauschte mein blondes Haar gegen Silber (und warum der Fr\u00fchling 2025 der perfekte Zeitpunkt daf\u00fcr ist)\" class=\"read-more\" href=\"https:\/\/www.journee-mondiale.com\/de\/ich-tauschte-mein-blondes-haar-gegen-silber-und-warum-der-fruehling-2025-der-perfekte-zeitpunkt-dafuer-ist\/\" aria-label=\"Mehr Informationen \u00fcber Ich tauschte mein blondes Haar gegen Silber (und warum der Fr\u00fchling 2025 der perfekte Zeitpunkt daf\u00fcr ist)\">Lire plus<\/a><\/p>\n","protected":false},"author":1,"featured_media":12776,"comment_status":"","ping_status":"","sticky":false,"template":"","format":"standard","meta":{"footnotes":""},"categories":[48],"tags":[],"class_list":["post-12777","post","type-post","status-publish","format-standard","has-post-thumbnail","hentry","category-lebensstil"],"acf":[],"_yoast_wpseo_primary_category":null,"_yoast_wpseo_title":null,"_yoast_wpseo_metadesc":null,"_links":{"self":[{"href":"https:\/\/www.journee-mondiale.com\/de\/wp-json\/wp\/v2\/posts\/12777","targetHints":{"allow":["GET"]}}],"collection":[{"href":"https:\/\/www.journee-mondiale.com\/de\/wp-json\/wp\/v2\/posts"}],"about":[{"href":"https:\/\/www.journee-mondiale.com\/de\/wp-json\/wp\/v2\/types\/post"}],"author":[{"embeddable":true,"href":"https:\/\/www.journee-mondiale.com\/de\/wp-json\/wp\/v2\/users\/1"}],"replies":[{"embeddable":true,"href":"https:\/\/www.journee-mondiale.com\/de\/wp-json\/wp\/v2\/comments?post=12777"}],"version-history":[{"count":0,"href":"https:\/\/www.journee-mondiale.com\/de\/wp-json\/wp\/v2\/posts\/12777\/revisions"}],"wp:featuredmedia":[{"embeddable":true,"href":"https:\/\/www.journee-mondiale.com\/de\/wp-json\/wp\/v2\/media\/12776"}],"wp:attachment":[{"href":"https:\/\/www.journee-mondiale.com\/de\/wp-json\/wp\/v2\/media?parent=12777"}],"wp:term":[{"taxonomy":"category","embeddable":true,"href":"https:\/\/www.journee-mondiale.com\/de\/wp-json\/wp\/v2\/categories?post=12777"},{"taxonomy":"post_tag","embeddable":true,"href":"https:\/\/www.journee-mondiale.com\/de\/wp-json\/wp\/v2\/tags?post=12777"}],"curies":[{"name":"wp","href":"https:\/\/api.w.org\/{rel}","templated":true}]}}