{"id":12773,"date":"2025-03-21T17:16:58","date_gmt":"2025-03-21T16:16:58","guid":{"rendered":"https:\/\/www.journee-mondiale.com\/de\/meine-farbenfrohe-ueberraschung-mit-60-wie-ich-durch-mutige-fruehlingstoene-7-jahre-juenger-wirke\/"},"modified":"2025-03-26T10:51:21","modified_gmt":"2025-03-26T09:51:21","slug":"meine-farbenfrohe-ueberraschung-mit-60-wie-ich-durch-mutige-fruehlingstoene-7-jahre-juenger-wirke","status":"publish","type":"post","link":"https:\/\/www.journee-mondiale.com\/de\/meine-farbenfrohe-ueberraschung-mit-60-wie-ich-durch-mutige-fruehlingstoene-7-jahre-juenger-wirke\/","title":{"rendered":"Meine farbenfrohe \u00dcberraschung mit 60: Wie ich durch mutige Fr\u00fchlingst\u00f6ne 7 Jahre j\u00fcnger wirke"},"content":{"rendered":"<p>Fr\u00fchlingsfrisch in den Sechzigern: Wie Sie mutige Farben stilvoll in Ihren Look integrieren<\/p>\n<p>W\u00e4hrend der Fr\u00fchling 2025 in voller Bl\u00fcte steht, explodiert die Modewelt in einem Spektrum aus lebendigen Farben. F\u00fcr viele Menschen in ihren Sechzigern erscheint diese Farbenpracht jedoch oft einsch\u00fcchternd. &#8222;Farben sind eine gro\u00dfartige M\u00f6glichkeit, sich selbst auszudr\u00fccken und den eigenen Stil zu definieren,&#8220; erkl\u00e4rt Influencerin Lena Gercke. Doch wie kann man im reiferen Alter diese Farbtrends aufgreifen, ohne sich \u00fcberfordert zu f\u00fchlen? Der Fr\u00fchling bietet die <strong>perfekte Gelegenheit<\/strong>, mit Farben zu experimentieren, die Ihre nat\u00fcrliche Ausstrahlung unterstreichen.<\/p>\n<h2>Die Farbtrends des Fr\u00fchlings 2025 verstehen<\/h2>\n<p>Die aktuellen Farbtrends umfassen eine beeindruckende Palette &#8211; von lebendigen <strong>Neonfarben<\/strong> bis hin zu beruhigenden Pastellt\u00f6nen. &#8222;Die Wahl der richtigen Farben h\u00e4ngt stark von der Hautfarbe und dem Hautton ab,&#8220; betont Stylistin Anja Gockel. Besonders im Fr\u00fchling dominieren frische T\u00f6ne wie Airy Blue und Viridian Green, die eine harmonische Verbindung zur erwachenden Natur darstellen. Ein Blick auf die <a href=\"https:\/\/www.journee-mondiale.com\/de\/479\/tag-der-mode\/\" target=\"_blank\" rel=\"noopener\">Tag der Mode<\/a> Kollektionen zeigt, dass Erdt\u00f6ne wie Terrakotta ebenfalls im Trend liegen.<\/p>\n<h2>Perfekter Einstieg: Farbakzente statt Totalumsturz<\/h2>\n<p>Beginnen Sie Ihre Farbexperimente mit kleinen Schritten. &#8222;Mutige Farben k\u00f6nnen jeden Look aufpeppen und sind nicht nur f\u00fcr junge Menschen geeignet,&#8220; so Caro Daur. Starten Sie mit:<\/p>\n<ul>\n<li><strong>Accessoires in Trendfarben<\/strong> &#8211; Schals, Taschen oder Schmuck<\/li>\n<li>Einzelne <strong>farbige Kleidungsst\u00fccke<\/strong>, kombiniert mit neutralen Basics<\/li>\n<li>Dezente <strong>Farbmuster<\/strong> statt gro\u00dffl\u00e4chiger Blockfarben<\/li>\n<\/ul>\n<p>Besonders der <a href=\"https:\/\/www.journee-mondiale.com\/de\/378\/tag-des-accessoire\/\" target=\"_blank\" rel=\"noopener\">Tag des Accessoire<\/a> zeigt, wie kleine farbige Elemente gro\u00dfe Wirkung entfalten k\u00f6nnen.<\/p>\n<h2>Die Kraft der nat\u00fcrlichen Farbharmonie<\/h2>\n<p>Erdige T\u00f6ne erfreuen sich gro\u00dfer Beliebtheit, da sie Eleganz mit <strong>Naturverbundenheit<\/strong> verbinden. Diese T\u00f6ne wirken wie ein solides Fundament, auf dem mutigere Farbexperimente aufbauen k\u00f6nnen. Der Bezug zur Natur spiegelt einen wichtigen Wert im deutschen Modekontext wider. Die <a href=\"https:\/\/www.journee-mondiale.com\/de\/406\/tag-der-natur\/\" target=\"_blank\" rel=\"noopener\">Tag der Natur<\/a> Inspiration findet sich in vielen Fr\u00fchjahrskollektionen 2025.<\/p>\n<h2>Ihr pers\u00f6nlicher Farbweg: Es ist eine Reise<\/h2>\n<p>&#8222;Die Farbtheorie kann helfen, die passenden Farben f\u00fcr jeden Typ zu finden,&#8220; empfiehlt Farbberaterin Christine Sch\u00e4fer. Entdecken Sie Farben, die:<\/p>\n<ul>\n<li>Ihre <strong>nat\u00fcrliche Hautfarbe<\/strong> zum Strahlen bringen<\/li>\n<li>Mit Ihrer vorhandenen <strong>Garderobe harmonieren<\/strong><\/li>\n<li>Sie emotional <strong>ansprechen und st\u00e4rken<\/strong><\/li>\n<\/ul>\n<h2>Nachhaltigkeit trifft auf Farbfreude<\/h2>\n<p>Im deutschen Modemarkt geht der Trend klar zu <strong>umweltbewussten Entscheidungen<\/strong>. Hochwertige Teile in Trendfarben, die mehrere Saisons \u00fcberdauern, sind eine kluge Investition. Diese Philosophie passt perfekt zum <a href=\"https:\/\/www.journee-mondiale.com\/de\/367\/tag-des-natuerlichen-lebens\/\" target=\"_blank\" rel=\"noopener\">Tag des nat\u00fcrlichen Lebens<\/a> und zeigt, wie Farbfreude und Verantwortungsbewusstsein Hand in Hand gehen k\u00f6nnen.<\/p>\n<h2>Selbstvertrauen: Der ultimative Stilfaktor<\/h2>\n<p>Die gr\u00f6\u00dfte Herausforderung beim Tragen von Farbe ist oft nicht die Farbe selbst, sondern unser eigenes Z\u00f6gern. Wie ein <a href=\"https:\/\/www.journee-mondiale.com\/de\/186\/tag-des-positiven-denkens\/\" target=\"_blank\" rel=\"noopener\">Tag des positiven Denkens<\/a> zeigt, ist <strong>innere Einstellung<\/strong> entscheidend. Farbe zu tragen ist wie ein selbstbewusstes L\u00e4cheln &#8211; es strahlt von innen nach au\u00dfen. Denken Sie an eine Fr\u00fchlingswiese &#8211; jede Blume tr\u00e4gt ihre eigene Farbe mit nat\u00fcrlicher Pracht.<\/p>\n<h2>Sind Sie bereit f\u00fcr Ihre pers\u00f6nliche Farbreise?<\/h2>\n<p>Mit dem Fr\u00fchling vor der T\u00fcr ist jetzt der perfekte Zeitpunkt, Ihre Garderobe mit gezielten <strong>Farbimpulsen<\/strong> zu beleben. Experimentieren Sie mit Vertrauen, h\u00f6ren Sie auf Ihr Bauchgef\u00fchl und erinnern Sie sich: Stilsicherheit entsteht aus Selbstbewusstsein. Die richtige Farbe zur richtigen Zeit kann wie Fr\u00fchlingssonnenschein wirken &#8211; sie w\u00e4rmt, belebt und zaubert ein strahlendes L\u00e4cheln auf Ihr Gesicht.<\/p>\n","protected":false},"excerpt":{"rendered":"<p>Fr\u00fchlingsfrisch in den Sechzigern: Wie Sie mutige Farben stilvoll in Ihren Look integrieren W\u00e4hrend der Fr\u00fchling 2025 in voller Bl\u00fcte steht, explodiert die Modewelt in einem Spektrum aus lebendigen Farben. F\u00fcr viele Menschen in ihren Sechzigern erscheint diese Farbenpracht jedoch oft einsch\u00fcchternd. &#8222;Farben sind eine gro\u00dfartige M\u00f6glichkeit, sich selbst auszudr\u00fccken und den eigenen Stil zu &#8230; <a title=\"Meine farbenfrohe \u00dcberraschung mit 60: Wie ich durch mutige Fr\u00fchlingst\u00f6ne 7 Jahre j\u00fcnger wirke\" class=\"read-more\" href=\"https:\/\/www.journee-mondiale.com\/de\/meine-farbenfrohe-ueberraschung-mit-60-wie-ich-durch-mutige-fruehlingstoene-7-jahre-juenger-wirke\/\" aria-label=\"Mehr Informationen \u00fcber Meine farbenfrohe \u00dcberraschung mit 60: Wie ich durch mutige Fr\u00fchlingst\u00f6ne 7 Jahre j\u00fcnger wirke\">Lire plus<\/a><\/p>\n","protected":false},"author":1,"featured_media":12772,"comment_status":"closed","ping_status":"closed","sticky":false,"template":"","format":"standard","meta":{"footnotes":""},"categories":[48],"tags":[],"class_list":["post-12773","post","type-post","status-publish","format-standard","has-post-thumbnail","hentry","category-lebensstil"],"acf":[],"_yoast_wpseo_primary_category":"","_yoast_wpseo_title":null,"_yoast_wpseo_metadesc":null,"_links":{"self":[{"href":"https:\/\/www.journee-mondiale.com\/de\/wp-json\/wp\/v2\/posts\/12773","targetHints":{"allow":["GET"]}}],"collection":[{"href":"https:\/\/www.journee-mondiale.com\/de\/wp-json\/wp\/v2\/posts"}],"about":[{"href":"https:\/\/www.journee-mondiale.com\/de\/wp-json\/wp\/v2\/types\/post"}],"author":[{"embeddable":true,"href":"https:\/\/www.journee-mondiale.com\/de\/wp-json\/wp\/v2\/users\/1"}],"replies":[{"embeddable":true,"href":"https:\/\/www.journee-mondiale.com\/de\/wp-json\/wp\/v2\/comments?post=12773"}],"version-history":[{"count":1,"href":"https:\/\/www.journee-mondiale.com\/de\/wp-json\/wp\/v2\/posts\/12773\/revisions"}],"predecessor-version":[{"id":12926,"href":"https:\/\/www.journee-mondiale.com\/de\/wp-json\/wp\/v2\/posts\/12773\/revisions\/12926"}],"wp:featuredmedia":[{"embeddable":true,"href":"https:\/\/www.journee-mondiale.com\/de\/wp-json\/wp\/v2\/media\/12772"}],"wp:attachment":[{"href":"https:\/\/www.journee-mondiale.com\/de\/wp-json\/wp\/v2\/media?parent=12773"}],"wp:term":[{"taxonomy":"category","embeddable":true,"href":"https:\/\/www.journee-mondiale.com\/de\/wp-json\/wp\/v2\/categories?post=12773"},{"taxonomy":"post_tag","embeddable":true,"href":"https:\/\/www.journee-mondiale.com\/de\/wp-json\/wp\/v2\/tags?post=12773"}],"curies":[{"name":"wp","href":"https:\/\/api.w.org\/{rel}","templated":true}]}}