{"id":12771,"date":"2025-03-21T16:56:08","date_gmt":"2025-03-21T15:56:08","guid":{"rendered":"https:\/\/www.journee-mondiale.com\/de\/diese-5-kurzhaarfrisuren-machen-frauen-ueber-60-im-fruehling-2025-um-jahre-juenger-meine-kundin-ist-begeistert\/"},"modified":"2025-03-21T16:56:08","modified_gmt":"2025-03-21T15:56:08","slug":"diese-5-kurzhaarfrisuren-machen-frauen-ueber-60-im-fruehling-2025-um-jahre-juenger-meine-kundin-ist-begeistert","status":"publish","type":"post","link":"https:\/\/www.journee-mondiale.com\/de\/diese-5-kurzhaarfrisuren-machen-frauen-ueber-60-im-fruehling-2025-um-jahre-juenger-meine-kundin-ist-begeistert\/","title":{"rendered":"Diese 5 Kurzhaarfrisuren machen Frauen \u00fcber 60 im Fr\u00fchling 2025 um Jahre j\u00fcnger (meine Kundin ist begeistert&#8230;)"},"content":{"rendered":"<p>Mit jedem Fr\u00fchlingserwachen entdecken immer mehr reife Frauen, dass stilvolle Haarschnitte keine Frage des Alters sind. Im Fr\u00fchling 2025 sehen wir einen wunderbaren Trend: <strong>Senior-Frauen<\/strong>, die mutige Frisuren als Ausdruck ihrer Pers\u00f6nlichkeit w\u00e4hlen. &#8222;Alter ist nur eine Zahl, wenn es um Stil geht&#8220;, erkl\u00e4rt die renommierte Berliner Stylistin Maria Weber. Diese Bewegung zeigt, wie <a href=\"https:\/\/www.journee-mondiale.com\/de\/category\/lebensstil\/\" target=\"_blank\">Lebensstil-Trends<\/a> sich ver\u00e4ndern \u2013 weg von konservativen Vorstellungen, hin zu mehr Individualit\u00e4t.<\/p>\n<h2>Moderne Pixie-Cuts: Kurz, mutig und befreiend<\/h2>\n<p>Der <strong>Pixie-Cut<\/strong> steht 2025 an der Spitze der Beliebtheitsskala f\u00fcr modebewusste Frauen \u00fcber 60. Mit seinen kurzen, frechen Seiten und l\u00e4ngerem Deckhaar bietet er unz\u00e4hlige Stylingm\u00f6glichkeiten. &#8222;Ich vergleiche den Pixie gerne mit einem guten Gespr\u00e4ch \u2013 kurz, pr\u00e4gnant und dennoch voller Charakter&#8220;, schw\u00e4rmt Frisurenexpertin Claudia Hoffmann vom <a href=\"https:\/\/www.journee-mondiale.com\/de\/431\/tag-des-friseurs\/\" target=\"_blank\">Tag des Friseurs<\/a>.<\/p>\n<p>Besonders beliebt sind Varianten mit <strong>texturierten Oberfl\u00e4chen<\/strong> und weichen Konturen, die das Gesicht umschmeicheln. Diese Schnitte bieten nicht nur visuelles Volumen, sondern sind auch im hektischen Fr\u00fchlingsalltag unglaublich pflegeleicht.<\/p>\n<h2>Der zeitlose Bob neu interpretiert<\/h2>\n<p>Der <strong>klassische Bob<\/strong> erlebt ein stylisches Revival mit modernen Twists. Statt strenger Linien dominieren nun weichere Silhouetten mit subtilen Stufen, die Bewegung ins Haar bringen. Eine Kundin erz\u00e4hlte mir k\u00fcrzlich: &#8222;Mit 67 habe ich mich f\u00fcr einen gestuften Bob entschieden \u2013 jetzt werde ich st\u00e4ndig auf mein jugendliches Aussehen angesprochen!&#8220;<\/p>\n<ul>\n<li>Asymmetrische Bobs mit l\u00e4ngerer Vorderpartie<\/li>\n<li>Stufen f\u00fcr mehr Volumen und Textur<\/li>\n<li>Weiche Wellen f\u00fcr einen romantischen Look<\/li>\n<\/ul>\n<h2>Graues Haar als Statement-Piece<\/h2>\n<p>Das Akzeptieren des nat\u00fcrlichen <strong>Graus<\/strong> ist vielleicht die mutigste Entscheidung \u00fcberhaupt. &#8222;Graues Haar ist wie ein ma\u00dfgeschneidertes Designerst\u00fcck \u2013 einzigartig und unverwechselbar&#8220;, erkl\u00e4rt Thomas Schmidt, Meisterfriseur im Berliner Salon &#8222;Haarkunst&#8220;. Modern geschnittene Frisuren mit gepflegtem Grau strahlen Selbstbewusstsein und Eleganz aus, besonders zum <a href=\"https:\/\/www.journee-mondiale.com\/de\/167\/welttag-der-alteren-menschen\/\" target=\"_blank\">Welttag der \u00e4lteren Menschen<\/a>.<\/p>\n<h2>Fr\u00fchlingstrend: Moderne Stufen und Fransen<\/h2>\n<p>Fransen sind wie ein Fr\u00fchlingswind \u2013 sie frischen jede Frisur sofort auf. Ob <strong>seitlich gestuft<\/strong> oder als weicher Vorhang, sie kaschieren Falten und lenken den Blick auf die Augen. Meine Stammkundin Brigitte (72) berichtet: &#8222;Mit meinen neuen Fransen f\u00fchle ich mich wie neugeboren \u2013 leichter und frischer!&#8220;<\/p>\n<h2>Farbe als Verj\u00fcngungskur<\/h2>\n<p>Strategisch platzierte <strong>Highlights<\/strong> oder sanfte Farbverl\u00e4ufe k\u00f6nnen Wunder wirken. Warme T\u00f6ne wie Kupfer oder Honig verleihen dem Teint einen frischen Glow. Das Experimentieren mit Farben ist eine kreative M\u00f6glichkeit, den pers\u00f6nlichen Stil auszudr\u00fccken, besonders passend zum <a href=\"https:\/\/www.journee-mondiale.com\/de\/413\/weltschonheitstag\/\" target=\"_blank\">Weltsch\u00f6nheitstag<\/a>. Probieren Sie diese Fr\u00fchlingsfarben:<\/p>\n<ul>\n<li>Sanfte Karamell-Highlights f\u00fcr W\u00e4rme<\/li>\n<li>Subtile Ros\u00e9reflexe f\u00fcr einen frischen Teint<\/li>\n<li>Silberne Akzente zur Betonung des nat\u00fcrlichen Graus<\/li>\n<\/ul>\n<h2>Pflegetipps f\u00fcr anspruchsvolles Haar<\/h2>\n<p>Reifes Haar ben\u00f6tigt besondere <strong>Pflegeroutinen<\/strong>. Feuchtigkeitsspendende Masken einmal w\u00f6chentlich und spezielle Shampoos ohne Sulfate halten das Haar geschmeidig. &#8222;Reifes Haar ist wie ein edles Holz \u2013 mit der richtigen Pflege wird es nur sch\u00f6ner&#8220;, betont Pflegeexpertin Dr. Sabine Klein.<\/p>\n<h2>Trauen Sie sich \u2013 Ihr Stil, Ihre Regeln!<\/h2>\n<p>Modebewusste Seniorinnen brechen heute mit Konventionen. Ihr Stil ist ein pers\u00f6nliches Statement, keine Altersfrage. Mit der richtigen Frisur k\u00f6nnen Sie Ihre beste Version zeigen \u2013 unabh\u00e4ngig vom Geburtsdatum. Am <a href=\"https:\/\/www.journee-mondiale.com\/de\/447\/internationaler-frauentag\/\" target=\"_blank\">Internationalen Frauentag<\/a> feiern wir genau diese Freiheit: Die Freiheit, in jedem Alter selbstbewusst und stilvoll zu sein. Wie w\u00e4re es mit einem mutigen neuen Look in diesem Fr\u00fchling?<\/p>\n","protected":false},"excerpt":{"rendered":"<p>Mit jedem Fr\u00fchlingserwachen entdecken immer mehr reife Frauen, dass stilvolle Haarschnitte keine Frage des Alters sind. Im Fr\u00fchling 2025 sehen wir einen wunderbaren Trend: Senior-Frauen, die mutige Frisuren als Ausdruck ihrer Pers\u00f6nlichkeit w\u00e4hlen. &#8222;Alter ist nur eine Zahl, wenn es um Stil geht&#8220;, erkl\u00e4rt die renommierte Berliner Stylistin Maria Weber. Diese Bewegung zeigt, wie Lebensstil-Trends &#8230; <a title=\"Diese 5 Kurzhaarfrisuren machen Frauen \u00fcber 60 im Fr\u00fchling 2025 um Jahre j\u00fcnger (meine Kundin ist begeistert&#8230;)\" class=\"read-more\" href=\"https:\/\/www.journee-mondiale.com\/de\/diese-5-kurzhaarfrisuren-machen-frauen-ueber-60-im-fruehling-2025-um-jahre-juenger-meine-kundin-ist-begeistert\/\" aria-label=\"Mehr Informationen \u00fcber Diese 5 Kurzhaarfrisuren machen Frauen \u00fcber 60 im Fr\u00fchling 2025 um Jahre j\u00fcnger (meine Kundin ist begeistert&#8230;)\">Lire plus<\/a><\/p>\n","protected":false},"author":1,"featured_media":12770,"comment_status":"","ping_status":"","sticky":false,"template":"","format":"standard","meta":{"footnotes":""},"categories":[48],"tags":[],"class_list":["post-12771","post","type-post","status-publish","format-standard","has-post-thumbnail","hentry","category-lebensstil"],"acf":[],"_yoast_wpseo_primary_category":null,"_yoast_wpseo_title":null,"_yoast_wpseo_metadesc":null,"_links":{"self":[{"href":"https:\/\/www.journee-mondiale.com\/de\/wp-json\/wp\/v2\/posts\/12771","targetHints":{"allow":["GET"]}}],"collection":[{"href":"https:\/\/www.journee-mondiale.com\/de\/wp-json\/wp\/v2\/posts"}],"about":[{"href":"https:\/\/www.journee-mondiale.com\/de\/wp-json\/wp\/v2\/types\/post"}],"author":[{"embeddable":true,"href":"https:\/\/www.journee-mondiale.com\/de\/wp-json\/wp\/v2\/users\/1"}],"replies":[{"embeddable":true,"href":"https:\/\/www.journee-mondiale.com\/de\/wp-json\/wp\/v2\/comments?post=12771"}],"version-history":[{"count":0,"href":"https:\/\/www.journee-mondiale.com\/de\/wp-json\/wp\/v2\/posts\/12771\/revisions"}],"wp:featuredmedia":[{"embeddable":true,"href":"https:\/\/www.journee-mondiale.com\/de\/wp-json\/wp\/v2\/media\/12770"}],"wp:attachment":[{"href":"https:\/\/www.journee-mondiale.com\/de\/wp-json\/wp\/v2\/media?parent=12771"}],"wp:term":[{"taxonomy":"category","embeddable":true,"href":"https:\/\/www.journee-mondiale.com\/de\/wp-json\/wp\/v2\/categories?post=12771"},{"taxonomy":"post_tag","embeddable":true,"href":"https:\/\/www.journee-mondiale.com\/de\/wp-json\/wp\/v2\/tags?post=12771"}],"curies":[{"name":"wp","href":"https:\/\/api.w.org\/{rel}","templated":true}]}}