{"id":12743,"date":"2025-03-20T20:07:14","date_gmt":"2025-03-20T19:07:14","guid":{"rendered":"https:\/\/www.journee-mondiale.com\/de\/diese-frisuren-nehmen-15-jahre-von-ihrem-gesicht-speziell-fuer-frauen-mit-markantem-kinn\/"},"modified":"2025-03-20T20:07:14","modified_gmt":"2025-03-20T19:07:14","slug":"diese-frisuren-nehmen-15-jahre-von-ihrem-gesicht-speziell-fuer-frauen-mit-markantem-kinn","status":"publish","type":"post","link":"https:\/\/www.journee-mondiale.com\/de\/diese-frisuren-nehmen-15-jahre-von-ihrem-gesicht-speziell-fuer-frauen-mit-markantem-kinn\/","title":{"rendered":"Diese Frisuren nehmen 15 Jahre von Ihrem Gesicht (speziell f\u00fcr Frauen mit markantem Kinn)"},"content":{"rendered":"<p>Fr\u00fchlingshaft verj\u00fcngen: Elegante Frisuren f\u00fcr Seniorinnen mit markanter Kinnpartie<\/p>\n<p>Mit dem <strong>Fr\u00fchlingserwachen<\/strong> 2025 erwacht auch unsere Lust auf Ver\u00e4nderung. Gerade f\u00fcr Seniorinnen mit markanter Kinnpartie kann die richtige Frisur wahre Wunder bewirken und Jahre vom Gesicht zaubern. &#8222;Eine passende Frisur gleicht nicht nur Gesichtsmerkmale harmonisch aus, sondern unterstreicht die Pers\u00f6nlichkeit jeder Frau&#8220;, erkl\u00e4rt <strong>Claudia Weber<\/strong>, Meisterfriseurin aus M\u00fcnchen. Wir zeigen Ihnen die schmeichelhaftesten Frisuren f\u00fcr diesen Gesichtstyp \u2013 perfekt f\u00fcr den anstehenden Fr\u00fchling!<\/p>\n<h2>Warum die richtige Frisur f\u00fcr markante Kinnlinien so wichtig ist<\/h2>\n<p>Eine markante Kinnpartie verleiht dem Gesicht Charakter, kann aber ohne die passende Frisur zu hart wirken. &#8222;Es geht nicht darum, Ihr Kinn zu verstecken, sondern um Balance&#8220;, betont Weber. &#8222;Wie ein ma\u00dfgeschneidertes Kleid sollte die Frisur Ihre besten Eigenschaften hervorheben und gleichzeitig harmonisieren.&#8220; Untersuchungen zeigen, dass 78% der Frauen \u00fcber 60 sich mit der richtigen Frisur deutlich selbstbewusster f\u00fchlen \u2013 Grund genug, den perfekten Schnitt zu finden.<\/p>\n<h2>Der verj\u00fcngende Bob: Zeitlos und anpassungsf\u00e4hig<\/h2>\n<p>Der <strong>kinnlange Bob<\/strong> mit weichen Linien ist der absolute Favorit f\u00fcr Seniorinnen mit markanter Kinnpartie. Modefriseur <strong>Thomas Schmidt<\/strong> vom Berliner Salon &#8222;Haarkunst&#8220; schw\u00e4rmt: &#8222;Ein Bob mit sanften, nach innen gedrehten Spitzen schmeichelt dem Kinn und lenkt den Blick auf die Augen.&#8220; Kombinieren Sie diesen Schnitt mit seitlich fallendem <a href=\"https:\/\/www.journee-mondiale.com\/de\/schoenheit\/welcher-kurzhaarschnitt-passt-zu-dir.html\" target=\"_blank\">Kurzhaarschnitt-Typenberatung<\/a> Pony f\u00fcr eine besonders verj\u00fcngende Wirkung.<\/p>\n<h2>Pixie-Schnitt mit weichen Konturen \u2013 mutig und feminin<\/h2>\n<p>Der <strong>Pixie-Cut<\/strong> erlebt gerade ein modisches Comeback und eignet sich hervorragend f\u00fcr Frauen mit ausgepr\u00e4gtem Kinn. Wichtig ist, dass die Seitenpartien weich und nicht zu kurz geschnitten werden. Diese Frisur ist wie ein frischer Fr\u00fchlingswind \u2013 sie befreit von schwerem Haar und lenkt die Aufmerksamkeit auf die Augen. Informieren Sie sich \u00fcber passende <a href=\"https:\/\/www.journee-mondiale.com\/de\/beaute\/10-haartrends-und-looks-die-2021-im-trend-liegen.html\" target=\"_blank\">aktuelle Haartrends<\/a>, die diese klassische Frisur modern interpretieren.<\/p>\n<h2>Sanfte Wellen f\u00fcr mehr Harmonie<\/h2>\n<p>Nichts mildert harte Gesichtslinien besser als <strong>sanfte Wellen<\/strong>. Schulterlanges, leicht gewelltes Haar wirkt wie ein nat\u00fcrlicher Weichzeichner f\u00fcr markante Gesichtsz\u00fcge. &#8222;Wellen sind wie Musik f\u00fcr das Gesicht \u2013 sie bringen Rhythmus und Balance&#8220;, schw\u00e4rmt Stylistin Weber. Bei feinem Haar ist folgende Pflegestrategie entscheidend:<\/p>\n<ul>\n<li>Volumengebende Produkte nur im Ansatz verwenden<\/li>\n<li>Leichter Seitenscheitel f\u00fcr mehr F\u00fclle<\/li>\n<li>Lockenstab nur f\u00fcr die mittleren Haarpartien nutzen<\/li>\n<\/ul>\n<h2>Der asymmetrische Schnitt: Aufmerksamkeit clever lenken<\/h2>\n<p>Asymmetrie ist ein wundervolles Stilmittel, um von einem starken Kinn abzulenken. Ein <strong>l\u00e4ngerer Seitenpony<\/strong> kombiniert mit unterschiedlichen L\u00e4ngen schafft visuelles Interesse im oberen Gesichtsbereich. F\u00fcr Frauen, die mit <a href=\"https:\/\/www.journee-mondiale.com\/de\/gesundheit\/ursachen-fur-haarausfall-bei-frauen.html\" target=\"_blank\">Umgang mit Haarausfall<\/a> konfrontiert sind, bietet diese Frisur geschickte M\u00f6glichkeiten, d\u00fcnnere Stellen zu kaschieren.<\/p>\n<h2>Farbe und Dimension als Verj\u00fcngungstrick<\/h2>\n<p>Die richtige <strong>Haarfarbe<\/strong> kann ebenso wichtig sein wie der Schnitt selbst. Sanfte Highlights um das Gesicht herum \u2013 wie Sonnenstrahlen im Fr\u00fchlingswald \u2013 lassen die Haut frischer wirken. Vermeiden Sie jedoch:<\/p>\n<ul>\n<li>Zu dunkle, eint\u00f6nige Farben, die h\u00e4rter wirken<\/li>\n<li>Extreme Platinblondt\u00f6ne, die die Haut fahl erscheinen lassen<\/li>\n<li>Scharfe Farbkontraste ohne weiche \u00dcberg\u00e4nge<\/li>\n<\/ul>\n<h2>Styling-Tipps f\u00fcr besondere Anl\u00e4sse<\/h2>\n<p>Mit dem Fr\u00fchling kommen auch festliche Anl\u00e4sse. F\u00fcr elegante Events eignen sich <a href=\"https:\/\/www.journee-mondiale.com\/de\/beauty\/haarkranz.html\" target=\"_blank\">Frisuren f\u00fcr besondere Anl\u00e4sse<\/a> wie weiche Hochsteckfrisuren mit gel\u00f6sten Str\u00e4hnen um das Gesicht. Diese fungieren wie ein nat\u00fcrlicher Rahmen, der die Kinnpartie optisch ausbalanciert.<\/p>\n<h2>Der Fr\u00fchling ruft nach Ver\u00e4nderung \u2013 sind Sie bereit?<\/h2>\n<p>Die richtige Frisur kann nicht nur Ihr Gesicht schmeichelhaft betonen, sondern auch Ihr Lebensgef\u00fchl ver\u00e4ndern. &#8222;Meine Kundinnen verlassen oft den Salon mit einer neuen Leichtigkeit \u2013 als h\u00e4tten sie nicht nur ihre Haare, sondern auch ihre Einstellung verj\u00fcngt&#8220;, berichtet Schmidt. Entdecken Sie weitere <a href=\"https:\/\/www.journee-mondiale.com\/de\/lifestyle\/wie-man-im-alter-gut-aussieht.html\" target=\"_blank\">Tipps f\u00fcr ein gepflegtes Aussehen im Alter<\/a> und erleben Sie, wie ein frischer Look Ihnen neues Selbstbewusstsein schenken kann. Der Fr\u00fchling 2025 ist der perfekte Zeitpunkt, um Ihrer nat\u00fcrlichen Sch\u00f6nheit mit der idealen Frisur zu neuem Glanz zu verhelfen!<\/p>\n","protected":false},"excerpt":{"rendered":"<p>Fr\u00fchlingshaft verj\u00fcngen: Elegante Frisuren f\u00fcr Seniorinnen mit markanter Kinnpartie Mit dem Fr\u00fchlingserwachen 2025 erwacht auch unsere Lust auf Ver\u00e4nderung. Gerade f\u00fcr Seniorinnen mit markanter Kinnpartie kann die richtige Frisur wahre Wunder bewirken und Jahre vom Gesicht zaubern. &#8222;Eine passende Frisur gleicht nicht nur Gesichtsmerkmale harmonisch aus, sondern unterstreicht die Pers\u00f6nlichkeit jeder Frau&#8220;, erkl\u00e4rt Claudia Weber, &#8230; <a title=\"Diese Frisuren nehmen 15 Jahre von Ihrem Gesicht (speziell f\u00fcr Frauen mit markantem Kinn)\" class=\"read-more\" href=\"https:\/\/www.journee-mondiale.com\/de\/diese-frisuren-nehmen-15-jahre-von-ihrem-gesicht-speziell-fuer-frauen-mit-markantem-kinn\/\" aria-label=\"Mehr Informationen \u00fcber Diese Frisuren nehmen 15 Jahre von Ihrem Gesicht (speziell f\u00fcr Frauen mit markantem Kinn)\">Lire plus<\/a><\/p>\n","protected":false},"author":1,"featured_media":12742,"comment_status":"","ping_status":"","sticky":false,"template":"","format":"standard","meta":{"footnotes":""},"categories":[48],"tags":[],"class_list":["post-12743","post","type-post","status-publish","format-standard","has-post-thumbnail","hentry","category-lebensstil"],"acf":[],"_yoast_wpseo_primary_category":null,"_yoast_wpseo_title":null,"_yoast_wpseo_metadesc":null,"_links":{"self":[{"href":"https:\/\/www.journee-mondiale.com\/de\/wp-json\/wp\/v2\/posts\/12743","targetHints":{"allow":["GET"]}}],"collection":[{"href":"https:\/\/www.journee-mondiale.com\/de\/wp-json\/wp\/v2\/posts"}],"about":[{"href":"https:\/\/www.journee-mondiale.com\/de\/wp-json\/wp\/v2\/types\/post"}],"author":[{"embeddable":true,"href":"https:\/\/www.journee-mondiale.com\/de\/wp-json\/wp\/v2\/users\/1"}],"replies":[{"embeddable":true,"href":"https:\/\/www.journee-mondiale.com\/de\/wp-json\/wp\/v2\/comments?post=12743"}],"version-history":[{"count":0,"href":"https:\/\/www.journee-mondiale.com\/de\/wp-json\/wp\/v2\/posts\/12743\/revisions"}],"wp:featuredmedia":[{"embeddable":true,"href":"https:\/\/www.journee-mondiale.com\/de\/wp-json\/wp\/v2\/media\/12742"}],"wp:attachment":[{"href":"https:\/\/www.journee-mondiale.com\/de\/wp-json\/wp\/v2\/media?parent=12743"}],"wp:term":[{"taxonomy":"category","embeddable":true,"href":"https:\/\/www.journee-mondiale.com\/de\/wp-json\/wp\/v2\/categories?post=12743"},{"taxonomy":"post_tag","embeddable":true,"href":"https:\/\/www.journee-mondiale.com\/de\/wp-json\/wp\/v2\/tags?post=12743"}],"curies":[{"name":"wp","href":"https:\/\/api.w.org\/{rel}","templated":true}]}}