{"id":12739,"date":"2025-03-20T17:56:34","date_gmt":"2025-03-20T16:56:34","guid":{"rendered":"https:\/\/www.journee-mondiale.com\/de\/die-sanfte-revolution-wie-mode-mit-50-zur-taeglichen-dankbarkeitspraxis-wird-5-zeitlose-wege-fuer-fruehjahr-2025\/"},"modified":"2025-03-20T17:56:34","modified_gmt":"2025-03-20T16:56:34","slug":"die-sanfte-revolution-wie-mode-mit-50-zur-taeglichen-dankbarkeitspraxis-wird-5-zeitlose-wege-fuer-fruehjahr-2025","status":"publish","type":"post","link":"https:\/\/www.journee-mondiale.com\/de\/die-sanfte-revolution-wie-mode-mit-50-zur-taeglichen-dankbarkeitspraxis-wird-5-zeitlose-wege-fuer-fruehjahr-2025\/","title":{"rendered":"Die sanfte Revolution: Wie Mode mit 50+ zur t\u00e4glichen Dankbarkeitspraxis wird (5 zeitlose Wege f\u00fcr Fr\u00fchjahr 2025)"},"content":{"rendered":"<p>Die Fr\u00fchlingssonne scheint durch die Fenster und inspiriert uns, den Kleiderschrank neu zu entdecken. Gerade Frauen in ihren 50ern erleben einen besonderen Lebensabschnitt, in dem Mode mehr sein kann als nur Kleidung &#8211; sie wird zum <strong>Ausdruck von Dankbarkeit<\/strong> f\u00fcr den eigenen K\u00f6rper, die eigene Geschichte und das Leben. Heute erkunden wir f\u00fcnf wundervolle Wege, wie Mode im Fr\u00fchjahr 2025 zur Dankbarkeitspraxis werden kann.<\/p>\n<h2>Zeitlose Eleganz als Hommage an die eigene Geschichte<\/h2>\n<p>Mit jedem Lebensjahrzehnt sammeln wir nicht nur Erfahrungen, sondern entwickeln auch unseren pers\u00f6nlichen Stil. &#8222;Mode in den 50ern ist keine Frage von Trends, sondern eine W\u00fcrdigung der eigenen Reise,&#8220; erkl\u00e4rt <strong>Modedesignerin Claudia Berger<\/strong> aus M\u00fcnchen. &#8222;Wenn wir zeitlose St\u00fccke w\u00e4hlen, zelebrieren wir unsere Best\u00e4ndigkeit in einer schnelllebigen Welt.&#8220; Investieren Sie in <a href=\"https:\/\/www.journee-mondiale.com\/de\/zeitlose-mode-diese-klassischen-kleidungsstucke-sollten-in-keinem-kleiderschrank-fehlen\/\" target=\"_blank\">Zeitlose Modeklassiker<\/a> wie ein perfekt geschnittenes Fr\u00fchlingskleid oder einen eleganten Trenchcoat.<\/p>\n<h2>Qualit\u00e4t statt Quantit\u00e4t &#8211; Dankbarkeit durch bewusste Entscheidungen<\/h2>\n<p>Frauen in ihren 50ern haben die Weisheit erlangt, dass weniger oft mehr ist. Die <strong>Capsule Wardrobe<\/strong> gewinnt gerade zum Fr\u00fchlingsanfang 2025 an Bedeutung. Dr. Lisa Hoffmann, Modesoziologin an der Universit\u00e4t Berlin, betont: &#8222;Wenn wir uns f\u00fcr Qualit\u00e4t statt Masse entscheiden, praktizieren wir Dankbarkeit gegen\u00fcber unserem Planeten und uns selbst.&#8220; Diese bewusste Reduktion ist wie ein Fr\u00fchjahrsputz f\u00fcr die Seele.<\/p>\n<h2>Farben als Ausdruck der Lebensfreude<\/h2>\n<p>Nach dem tristen Winter k\u00f6nnen wir durch <strong>Farbakzente<\/strong> unsere Dankbarkeit f\u00fcr das wiederkehrende Leben im Fr\u00fchling ausdr\u00fccken. Besonders popul\u00e4r f\u00fcr die Saison 2025:<\/p>\n<ul>\n<li>Sanftes Salbeigr\u00fcn f\u00fcr innere Ruhe<\/li>\n<li>Koralle als Symbol der Lebensenergie<\/li>\n<li>Pudrige Blaut\u00f6ne f\u00fcr Klarheit und Weisheit<\/li>\n<\/ul>\n<p>Wie Schmetterlinge, die nach der Metamorphose in strahlenden Farben erscheinen, d\u00fcrfen wir in diesem Lebensabschnitt unsere wahren Farben zeigen &#8211; ein tiefgreifender Akt der <a href=\"https:\/\/www.journee-mondiale.com\/de\/selbstliebe-praktizieren-5-wege-zu-mehr-selbstwertgefuhl\/\" target=\"_blank\">Selbstliebe praktizieren<\/a>.<\/p>\n<h2>Accessoires als Dankbarkeitssymbole<\/h2>\n<p>Nichts dr\u00fcckt <strong>Pers\u00f6nlichkeit<\/strong> so unmittelbar aus wie gut gew\u00e4hlte Accessoires. &#8222;Jedes Schmuckst\u00fcck kann eine Geschichte erz\u00e4hlen &#8211; von Reisen, Beziehungen oder pers\u00f6nlichen Triumphen,&#8220; so Stylistin Martina Weber. <a href=\"https:\/\/www.journee-mondiale.com\/de\/accessoires-richtig-kombinieren-so-werten-sie-jedes-outfit-auf\/\" target=\"_blank\">Accessoires richtig kombinieren<\/a> ist eine Kunst, die unsere Lebensgeschichte w\u00fcrdigt.<\/p>\n<h2>Mode als Weg zu mehr Selbstliebe<\/h2>\n<p>Mit 50+ haben viele Frauen gelernt, ihren K\u00f6rper anzunehmen wie er ist. <strong>K\u00f6rperakzeptanz<\/strong> durch passende Kleidung ist ein t\u00e4gliches Ritual der Dankbarkeit. Vergessen Sie die strengen Regeln fr\u00fcherer Jahrzehnte! Folgende Aspekte k\u00f6nnen dabei helfen:<\/p>\n<ul>\n<li>Schnitte w\u00e4hlen, die Ihre Lieblingsstellen betonen<\/li>\n<li>Stoffe ausw\u00e4hlen, die sich gut anf\u00fchlen<\/li>\n<li>Kleidung tragen, die Bewegungsfreiheit schenkt<\/li>\n<\/ul>\n<h2>Die stille Kraft der <a href=\"https:\/\/www.journee-mondiale.com\/de\/mode-als-selbstausdruck-wie-kleidung-unser-selbstwertgefuhl-beeinflusst\/\" target=\"_blank\">Mode als Selbstausdruck<\/a><\/h2>\n<p>Mir fiel neulich eine 56-j\u00e4hrige Frau im Caf\u00e9 auf, die ein schlichtes Leinenkleid mit einer kunstvollen Brosche trug &#8211; ein Erbst\u00fcck ihrer Gro\u00dfmutter. Ihr Outfit war wie ein Gedicht: reduziert, aber voller Bedeutung. So kann <strong>Vintage-Mode<\/strong> zur Br\u00fccke zwischen Generationen werden und <a href=\"https:\/\/www.journee-mondiale.com\/de\/nachhaltige-mode-wie-bewusster-konsum-die-umwelt-schutzt\/\" target=\"_blank\">Nachhaltige Mode<\/a> f\u00f6rdern.<\/p>\n<h2>Kann Mode wirklich Dankbarkeit ausdr\u00fccken?<\/h2>\n<p>Was wir tragen, ist wie eine stumme Sprache, die von unserem Selbstwertgef\u00fchl, unserer Geschichte und unseren Werten erz\u00e4hlt. In jedem bewusst gew\u00e4hlten Outfit liegt eine tiefe Weisheit: Die wahre Sch\u00f6nheit erw\u00e4chst aus der Dankbarkeit f\u00fcr den eigenen, einzigartigen Weg. Mode wird so vom oberfl\u00e4chlichen Konsumgut zum t\u00e4glichen Ritual der Selbstwertsch\u00e4tzung &#8211; und das ist vielleicht das kostbarste Geschenk, das wir uns selbst im Fr\u00fchling 2025 machen k\u00f6nnen.<\/p>\n","protected":false},"excerpt":{"rendered":"<p>Die Fr\u00fchlingssonne scheint durch die Fenster und inspiriert uns, den Kleiderschrank neu zu entdecken. Gerade Frauen in ihren 50ern erleben einen besonderen Lebensabschnitt, in dem Mode mehr sein kann als nur Kleidung &#8211; sie wird zum Ausdruck von Dankbarkeit f\u00fcr den eigenen K\u00f6rper, die eigene Geschichte und das Leben. Heute erkunden wir f\u00fcnf wundervolle Wege, &#8230; <a title=\"Die sanfte Revolution: Wie Mode mit 50+ zur t\u00e4glichen Dankbarkeitspraxis wird (5 zeitlose Wege f\u00fcr Fr\u00fchjahr 2025)\" class=\"read-more\" href=\"https:\/\/www.journee-mondiale.com\/de\/die-sanfte-revolution-wie-mode-mit-50-zur-taeglichen-dankbarkeitspraxis-wird-5-zeitlose-wege-fuer-fruehjahr-2025\/\" aria-label=\"Mehr Informationen \u00fcber Die sanfte Revolution: Wie Mode mit 50+ zur t\u00e4glichen Dankbarkeitspraxis wird (5 zeitlose Wege f\u00fcr Fr\u00fchjahr 2025)\">Lire plus<\/a><\/p>\n","protected":false},"author":1,"featured_media":12738,"comment_status":"","ping_status":"","sticky":false,"template":"","format":"standard","meta":{"footnotes":""},"categories":[48],"tags":[],"class_list":["post-12739","post","type-post","status-publish","format-standard","has-post-thumbnail","hentry","category-lebensstil"],"acf":[],"_yoast_wpseo_primary_category":null,"_yoast_wpseo_title":null,"_yoast_wpseo_metadesc":null,"_links":{"self":[{"href":"https:\/\/www.journee-mondiale.com\/de\/wp-json\/wp\/v2\/posts\/12739","targetHints":{"allow":["GET"]}}],"collection":[{"href":"https:\/\/www.journee-mondiale.com\/de\/wp-json\/wp\/v2\/posts"}],"about":[{"href":"https:\/\/www.journee-mondiale.com\/de\/wp-json\/wp\/v2\/types\/post"}],"author":[{"embeddable":true,"href":"https:\/\/www.journee-mondiale.com\/de\/wp-json\/wp\/v2\/users\/1"}],"replies":[{"embeddable":true,"href":"https:\/\/www.journee-mondiale.com\/de\/wp-json\/wp\/v2\/comments?post=12739"}],"version-history":[{"count":0,"href":"https:\/\/www.journee-mondiale.com\/de\/wp-json\/wp\/v2\/posts\/12739\/revisions"}],"wp:featuredmedia":[{"embeddable":true,"href":"https:\/\/www.journee-mondiale.com\/de\/wp-json\/wp\/v2\/media\/12738"}],"wp:attachment":[{"href":"https:\/\/www.journee-mondiale.com\/de\/wp-json\/wp\/v2\/media?parent=12739"}],"wp:term":[{"taxonomy":"category","embeddable":true,"href":"https:\/\/www.journee-mondiale.com\/de\/wp-json\/wp\/v2\/categories?post=12739"},{"taxonomy":"post_tag","embeddable":true,"href":"https:\/\/www.journee-mondiale.com\/de\/wp-json\/wp\/v2\/tags?post=12739"}],"curies":[{"name":"wp","href":"https:\/\/api.w.org\/{rel}","templated":true}]}}