{"id":12715,"date":"2025-03-20T03:25:14","date_gmt":"2025-03-20T02:25:14","guid":{"rendered":"https:\/\/www.journee-mondiale.com\/de\/warum-der-pixie-cut-2025-zur-befreiung-wird-und-wie-stars-ihn-neu-definieren\/"},"modified":"2025-03-20T03:25:14","modified_gmt":"2025-03-20T02:25:14","slug":"warum-der-pixie-cut-2025-zur-befreiung-wird-und-wie-stars-ihn-neu-definieren","status":"publish","type":"post","link":"https:\/\/www.journee-mondiale.com\/de\/warum-der-pixie-cut-2025-zur-befreiung-wird-und-wie-stars-ihn-neu-definieren\/","title":{"rendered":"Warum der Pixie Cut 2025 zur Befreiung wird (und wie Stars ihn neu definieren)"},"content":{"rendered":"<p>Der <strong>Pixie Cut<\/strong> erlebt im Fr\u00fchling 2025 ein fulminantes Comeback! Was einst als mutiger Schritt galt, ist heute der ultimative Ausdruck von Selbstbewusstsein und Stil. Stars wie Emma Stone und Brie Larson machen es vor \u2013 kurze Haare sind nicht nur pflegeleicht, sondern auch unglaublich vielseitig. Lassen Sie sich von den angesagtesten Celebrity-inspirierten Pixie-Variationen verzaubern und entdecken Sie, wie dieser zeitlose Look auch Ihren Fr\u00fchling auffrischen kann.<\/p>\n<h2>Die Renaissance des Pixie Cuts: Vom Filmstar zum Alltagslook<\/h2>\n<p>Der <strong>Pixie Cut<\/strong> hat eine beeindruckende Geschichte hinter sich. &#8222;Was mit Audrey Hepburn und Twiggy begann, entwickelt sich st\u00e4ndig weiter \u2013 heute interpretieren wir den klassischen Pixie viel individueller und spielerischer&#8220;, erkl\u00e4rt Thomas Schmidt, Meisterfriseur im Berliner Salon &#8222;Haarkunst&#8220;. Die kurze Frisur symbolisiert l\u00e4ngst nicht mehr nur Rebellion, sondern steht f\u00fcr Eleganz und Modernit\u00e4t. Besonders im Fr\u00fchling 2025 sehen wir eine Vielzahl an <a href=\"https:\/\/www.journee-mondiale.com\/de\/category\/lebensstil\/\" target=\"_blank\">Lebensstil-Trends<\/a>, die den Pixie in den Mittelpunkt stellen.<\/p>\n<h2>Der Tinkerbell-Effekt: Die angesagteste Pixie-Variante<\/h2>\n<p>Wie ein frischer Windhauch aus dem Feenreich erobert der <strong>Tinkerbell Pixie<\/strong> die K\u00f6pfe modebewusster Frauen. &#8222;Diese Version besticht durch asymmetrische Elemente und etwas mehr L\u00e4nge im Nacken \u2013 perfekt f\u00fcr alle, die Verspieltheit mit Eleganz verbinden m\u00f6chten&#8220;, schw\u00e4rmt Stylistin Maria Weber. Die Interpretation erinnert tats\u00e4chlich an die Disney-Fee: verspielt, feminin und dennoch markant. Prominente wie Rihanna haben dem Look zus\u00e4tzlichen Schwung verliehen und zeigen, wie <a href=\"https:\/\/www.journee-mondiale.com\/de\/\" target=\"_blank\">Aktuelle Trends 2025<\/a> traditionelle Kurzhaarschnitte neu definieren.<\/p>\n<h2>Der perfekte Pixie f\u00fcr jede Gesichtsform<\/h2>\n<p>Was viele nicht wissen: Der Pixie ist ein wahres Cham\u00e4leon unter den Frisuren. Je nach Schnitt kann er unterschiedliche Gesichtsformen optimal betonen:<\/p>\n<ul>\n<li><strong>Ovales Gesicht<\/strong>: Klassischer, symmetrischer Pixie<\/li>\n<li><strong>Rundes Gesicht<\/strong>: Asymmetrische Variante mit l\u00e4ngeren Partien vorne<\/li>\n<li><strong>Herzf\u00f6rmiges Gesicht<\/strong>: Weiche Stufung und fransiger Pony<\/li>\n<\/ul>\n<h2>Vom Runway zum Alltag: Celebrity-Inspirationen<\/h2>\n<p>Wie ein guter Wein wird der Pixie Cut mit jeder Interpretation besser. Emma Stone zeigt mit ihrem <strong>texturierten Pixie<\/strong>, wie vielseitig der Look sein kann \u2013 von elegant bis edgy. Brie Larson hingegen setzt auf einen klassischen, aber dennoch modernen Schnitt. &#8222;Celebrities haben den Vorteil eines pers\u00f6nlichen Stylisten, aber die grundlegenden Techniken k\u00f6nnen wir alle adaptieren&#8220;, verr\u00e4t Schmidt. Die <a href=\"https:\/\/www.journee-mondiale.com\/de\/geschichte-der-welttage\/\" target=\"_blank\">Mode-Geschichte im Wandel<\/a> zeigt, wie Prominente stets Trendsetter f\u00fcr Alltagsfrisuren waren.<\/p>\n<h2>Styling-Geheimnisse f\u00fcr den perfekten Pixie<\/h2>\n<p>Der gr\u00f6\u00dfte Vorteil des Pixie? Er ist wandelbar wie kaum eine andere Frisur. F\u00fcr das perfekte Styling empfehlen Experten:<\/p>\n<ul>\n<li><strong>Textur-Sprays<\/strong> f\u00fcr den definierten messy Look<\/li>\n<li>Leichte <strong>Mattierungspaste<\/strong> f\u00fcr Struktur und Halt<\/li>\n<li><strong>F\u00f6hnwachs<\/strong> f\u00fcr elegante Abendstyles<\/li>\n<\/ul>\n<p>&#8222;Ein Pixie ist wie ein Rohdiamant \u2013 mit den richtigen Werkzeugen bringen Sie ihn zum Strahlen&#8220;, sagt Weber. Entdecken Sie weitere <a href=\"https:\/\/www.journee-mondiale.com\/de\/juridisk-informationen\/\" target=\"_blank\">Styling-Tipps von Experten<\/a>, die Ihren Look perfektionieren.<\/p>\n<h2>Die Fr\u00fchlings-Edition: Saisonale Anpassungen<\/h2>\n<p>Mit dem Fr\u00fchling 2025 erwachen nicht nur die G\u00e4rten zum Leben, sondern auch unser Wunsch nach Ver\u00e4nderung. Der Pixie passt perfekt zur Aufbruchstimmung dieser Jahreszeit. Wie ein Schmetterling, der seine Kokons abwirft, lassen auch wir \u00fcberfl\u00fcssigen Ballast hinter uns. Experimentieren Sie mit sanften <strong>Pastellt\u00f6nen<\/strong> oder nat\u00fcrlich wirkenden <strong>Balayage-Akzenten<\/strong>, um Ihrem Pixie einen frischen Fr\u00fchlingstouch zu verleihen.<\/p>\n<h2>Ist der Pixie auch etwas f\u00fcr Sie?<\/h2>\n<p>Der Pixie ist mehr als nur ein Haarschnitt \u2013 er ist eine Lebenseinstellung, ein Statement der Selbstsicherheit. Wie ein ma\u00dfgeschneidertes Kleid sollte er zu Ihrer Pers\u00f6nlichkeit passen. Wagen Sie den Schritt in eine neue Haardimension! Mit den richtigen <a href=\"https:\/\/www.journee-mondiale.com\/de\/category\/reisen\/\" target=\"_blank\">Internationale Styling-Trends<\/a> im Gep\u00e4ck wird Ihr Pixie zum Ausdruck Ihrer einzigartigen Pers\u00f6nlichkeit \u2013 genau wie bei den Stars, nur eben ganz individuell interpretiert.<\/p>\n","protected":false},"excerpt":{"rendered":"<p>Der Pixie Cut erlebt im Fr\u00fchling 2025 ein fulminantes Comeback! Was einst als mutiger Schritt galt, ist heute der ultimative Ausdruck von Selbstbewusstsein und Stil. Stars wie Emma Stone und Brie Larson machen es vor \u2013 kurze Haare sind nicht nur pflegeleicht, sondern auch unglaublich vielseitig. Lassen Sie sich von den angesagtesten Celebrity-inspirierten Pixie-Variationen verzaubern &#8230; <a title=\"Warum der Pixie Cut 2025 zur Befreiung wird (und wie Stars ihn neu definieren)\" class=\"read-more\" href=\"https:\/\/www.journee-mondiale.com\/de\/warum-der-pixie-cut-2025-zur-befreiung-wird-und-wie-stars-ihn-neu-definieren\/\" aria-label=\"Mehr Informationen \u00fcber Warum der Pixie Cut 2025 zur Befreiung wird (und wie Stars ihn neu definieren)\">Lire plus<\/a><\/p>\n","protected":false},"author":1,"featured_media":12714,"comment_status":"","ping_status":"","sticky":false,"template":"","format":"standard","meta":{"footnotes":""},"categories":[48],"tags":[],"class_list":["post-12715","post","type-post","status-publish","format-standard","has-post-thumbnail","hentry","category-lebensstil"],"acf":[],"_yoast_wpseo_primary_category":null,"_yoast_wpseo_title":null,"_yoast_wpseo_metadesc":null,"_links":{"self":[{"href":"https:\/\/www.journee-mondiale.com\/de\/wp-json\/wp\/v2\/posts\/12715","targetHints":{"allow":["GET"]}}],"collection":[{"href":"https:\/\/www.journee-mondiale.com\/de\/wp-json\/wp\/v2\/posts"}],"about":[{"href":"https:\/\/www.journee-mondiale.com\/de\/wp-json\/wp\/v2\/types\/post"}],"author":[{"embeddable":true,"href":"https:\/\/www.journee-mondiale.com\/de\/wp-json\/wp\/v2\/users\/1"}],"replies":[{"embeddable":true,"href":"https:\/\/www.journee-mondiale.com\/de\/wp-json\/wp\/v2\/comments?post=12715"}],"version-history":[{"count":0,"href":"https:\/\/www.journee-mondiale.com\/de\/wp-json\/wp\/v2\/posts\/12715\/revisions"}],"wp:featuredmedia":[{"embeddable":true,"href":"https:\/\/www.journee-mondiale.com\/de\/wp-json\/wp\/v2\/media\/12714"}],"wp:attachment":[{"href":"https:\/\/www.journee-mondiale.com\/de\/wp-json\/wp\/v2\/media?parent=12715"}],"wp:term":[{"taxonomy":"category","embeddable":true,"href":"https:\/\/www.journee-mondiale.com\/de\/wp-json\/wp\/v2\/categories?post=12715"},{"taxonomy":"post_tag","embeddable":true,"href":"https:\/\/www.journee-mondiale.com\/de\/wp-json\/wp\/v2\/tags?post=12715"}],"curies":[{"name":"wp","href":"https:\/\/api.w.org\/{rel}","templated":true}]}}