{"id":12711,"date":"2025-03-19T23:16:19","date_gmt":"2025-03-19T22:16:19","guid":{"rendered":"https:\/\/www.journee-mondiale.com\/de\/mit-dieser-denim-technik-sehen-frauen-ueber-50-sofort-10-jahre-juenger-aus-meine-stylistin-verraet-warum\/"},"modified":"2025-03-19T23:16:19","modified_gmt":"2025-03-19T22:16:19","slug":"mit-dieser-denim-technik-sehen-frauen-ueber-50-sofort-10-jahre-juenger-aus-meine-stylistin-verraet-warum","status":"publish","type":"post","link":"https:\/\/www.journee-mondiale.com\/de\/mit-dieser-denim-technik-sehen-frauen-ueber-50-sofort-10-jahre-juenger-aus-meine-stylistin-verraet-warum\/","title":{"rendered":"Mit dieser Denim-Technik sehen Frauen \u00fcber 50 sofort 10 Jahre j\u00fcnger aus (meine Stylistin verr\u00e4t warum&#8230;)"},"content":{"rendered":"<p>Modefr\u00fchling 2025 f\u00fcr Frauen \u00fcber 50: Wie Sie Denim stilvoll neu interpretieren<\/p>\n<h2>Der Denim-Fr\u00fchling bringt frischen Wind in Ihren Kleiderschrank<\/h2>\n<p>Der Fr\u00fchling 2025 steht vor der T\u00fcr und eine Botschaft ist klarer denn je: Frauen \u00fcber 50 stehen im Mittelpunkt der Modewelt, besonders wenn es um Denim geht. Die neuen Kollektionen zelebrieren <strong>Komfort, Stil und Selbstbewusstsein<\/strong> \u2013 eine perfekte Kombination f\u00fcr die moderne, selbstbewusste Frau. &#8222;Denim ist nicht nur ein Stoff, sondern eine Lebenseinstellung&#8220;, erkl\u00e4rt Modestylistin Marie Berger aus M\u00fcnchen. &#8222;2025 sehen wir eine Renaissance klassischer Schnitte, die mit modernen Details aufgefrischt werden.&#8220;<\/p>\n<h2>Weites Bein, weiter Horizont: Die Trendschnitte des Fr\u00fchlings<\/h2>\n<p>Die Tage der unbequemen Skinny Jeans sind gez\u00e4hlt. Der Fr\u00fchling 2025 bringt luftige Alternativen, die sowohl modisch als auch bequem sind. <a href=\"https:\/\/www.journee-mondiale.com\/de\/mode\/\" target=\"_blank\">Mode-Trends<\/a> zeigen deutlich: Weitgeschnittene Beine sind der neue Star am Denim-Himmel. Diese Silhouette verl\u00e4ngert optisch die Beine und bietet gleichzeitig uneingeschr\u00e4nkte Bewegungsfreiheit \u2013 wie ein sanfter Fr\u00fchlingswind, der um Ihre Beine weht.<\/p>\n<h2>Die neue Eleganz: Dunkle Waschungen und raffinierte Details<\/h2>\n<p>Dunkle Jeanswaschungen erleben ein stylisches Comeback und verk\u00f6rpern <strong>zeitlose Eleganz<\/strong> mit modernem Twist. Kombiniert mit einer luftigen wei\u00dfen Bluse und auff\u00e4lligem Schmuck entsteht ein Look, der von Morgenbesprechungen bis zum Abendessen mit Freundinnen tr\u00e4gt. &#8222;Dunkle Denim ist wie ein Cham\u00e4leon \u2013 anpassungsf\u00e4hig und gleichzeitig charakterstark&#8220;, so Modeexpertin Christina Weber vom Berliner Style-Institut.<\/p>\n<h2>Wei\u00dfe Denim: Der Fr\u00fchlingsbote in Ihrem Kleiderschrank<\/h2>\n<p>Wei\u00dfe Jeans symbolisieren den Fr\u00fchlingsanfang wie kaum ein anderes Kleidungsst\u00fcck. Sie sind der perfekte Hintergrund f\u00fcr die <strong>pastellfarbenen T\u00f6ne<\/strong> und floralen Muster der Saison. Wie eine leere Leinwand warten sie darauf, mit farbenfrohen Accessoires zum Leben erweckt zu werden. Die Kombination mit <a href=\"https:\/\/www.journee-mondiale.com\/de\/lifestyle\/accessoires\/\" target=\"_blank\">Accessoires<\/a> in Erdt\u00f6nen schafft einen harmonischen, naturinspirierten Look.<\/p>\n<h3>Expertentipps f\u00fcr das perfekte Denim-Styling:<\/h3>\n<ul>\n<li>Balancieren Sie weite Beine mit figurbetonten Oberteilen aus<\/li>\n<li>W\u00e4hlen Sie hochwertige Stoffe, die ihre Form behalten<\/li>\n<li>Investieren Sie in Jeans mit hohem Bund f\u00fcr eine vorteilhafte Silhouette<\/li>\n<\/ul>\n<h2>Nachhaltigkeit trifft auf Stil<\/h2>\n<p>Deutsche Verbraucherinnen legen zunehmend Wert auf <strong>nachhaltige Mode<\/strong>. &#8222;Ich sehe eine wachsende Nachfrage nach ethisch produzierten Denimprodukten&#8220;, berichtet Modedesignerin Sabine Krause. &#8222;Frauen \u00fcber 50 investieren lieber in wenige, hochwertige St\u00fccke als in kurzlebige Trends.&#8220; Diese Philosophie entspricht perfekt dem Zeitgeist und verbindet <a href=\"https:\/\/www.journee-mondiale.com\/de\/lifestyle\/nachhaltige-mode\/\" target=\"_blank\">Nachhaltige Mode<\/a> mit stilvoller Eleganz.<\/p>\n<h2>Die besten Denim-Marken f\u00fcr anspruchsvolle Frauen<\/h2>\n<p>Auf dem deutschen Markt bieten etablierte Ketten wie H&#038;M und Zara erschwingliche Denim-Optionen, w\u00e4hrend Premium-Marken wie Levi&#8217;s und Gucci f\u00fcr ihre <strong>Qualit\u00e4tsverarbeitung<\/strong> gesch\u00e4tzt werden. Internationale Labels wie Talbots und J.Jill haben sich speziell auf die Bed\u00fcrfnisse reifer Frauen spezialisiert und bieten Schnitte, die die nat\u00fcrliche Sch\u00f6nheit betonen.<\/p>\n<h3>Styling-Ideen f\u00fcr jede Gelegenheit:<\/h3>\n<ul>\n<li>B\u00fcrotauglich: Dunkle Straight-Leg-Jeans mit Blazer und Statement-Kette<\/li>\n<li>Weekend-Chic: Wei\u00dfe Denim mit Kaschmirpullover und l\u00e4ssigen Sneakers<\/li>\n<li>Abendgarderobe: Elegante weite Jeans mit Seidenbluse und Absatzschuhen<\/li>\n<\/ul>\n<h2>Vom Laufsteg in Ihren Alltag<\/h2>\n<p>Die <a href=\"https:\/\/www.journee-mondiale.com\/de\/fashion-week\/\" target=\"_blank\">Fashion Week Highlights<\/a> zeigen, dass Denim 2025 vielseitiger denn je ist. Von der morgendlichen Gartenarbeit bis zum Abendessen mit Freunden \u2013 die richtigen Jeans begleiten Sie durch jeden Moment des Tages wie ein treuer Freund, der immer die richtigen Worte findet. Diese Vielseitigkeit macht Denim zum idealen Begleiter f\u00fcr den abwechslungsreichen Alltag moderner Frauen.<\/p>\n<p>Welchen Denim-Trend werden Sie diesen Fr\u00fchling f\u00fcr sich entdecken? Die Saison bietet zahlreiche M\u00f6glichkeiten, Ihren pers\u00f6nlichen Stil mit <a href=\"https:\/\/www.journee-mondiale.com\/de\/lifestyle\/styling-tipps\/\" target=\"_blank\">Styling-Tipps f\u00fcr jeden Anlass<\/a> zu verfeinern und zu zelebrieren. Denn Mode ist keine Frage des Alters, sondern eine Frage der Haltung \u2013 und die richtige Denim unterstreicht genau das.<\/p>\n","protected":false},"excerpt":{"rendered":"<p>Modefr\u00fchling 2025 f\u00fcr Frauen \u00fcber 50: Wie Sie Denim stilvoll neu interpretieren Der Denim-Fr\u00fchling bringt frischen Wind in Ihren Kleiderschrank Der Fr\u00fchling 2025 steht vor der T\u00fcr und eine Botschaft ist klarer denn je: Frauen \u00fcber 50 stehen im Mittelpunkt der Modewelt, besonders wenn es um Denim geht. Die neuen Kollektionen zelebrieren Komfort, Stil und &#8230; <a title=\"Mit dieser Denim-Technik sehen Frauen \u00fcber 50 sofort 10 Jahre j\u00fcnger aus (meine Stylistin verr\u00e4t warum&#8230;)\" class=\"read-more\" href=\"https:\/\/www.journee-mondiale.com\/de\/mit-dieser-denim-technik-sehen-frauen-ueber-50-sofort-10-jahre-juenger-aus-meine-stylistin-verraet-warum\/\" aria-label=\"Mehr Informationen \u00fcber Mit dieser Denim-Technik sehen Frauen \u00fcber 50 sofort 10 Jahre j\u00fcnger aus (meine Stylistin verr\u00e4t warum&#8230;)\">Lire plus<\/a><\/p>\n","protected":false},"author":1,"featured_media":12710,"comment_status":"","ping_status":"","sticky":false,"template":"","format":"standard","meta":{"footnotes":""},"categories":[48],"tags":[],"class_list":["post-12711","post","type-post","status-publish","format-standard","has-post-thumbnail","hentry","category-lebensstil"],"acf":[],"_yoast_wpseo_primary_category":null,"_yoast_wpseo_title":null,"_yoast_wpseo_metadesc":null,"_links":{"self":[{"href":"https:\/\/www.journee-mondiale.com\/de\/wp-json\/wp\/v2\/posts\/12711","targetHints":{"allow":["GET"]}}],"collection":[{"href":"https:\/\/www.journee-mondiale.com\/de\/wp-json\/wp\/v2\/posts"}],"about":[{"href":"https:\/\/www.journee-mondiale.com\/de\/wp-json\/wp\/v2\/types\/post"}],"author":[{"embeddable":true,"href":"https:\/\/www.journee-mondiale.com\/de\/wp-json\/wp\/v2\/users\/1"}],"replies":[{"embeddable":true,"href":"https:\/\/www.journee-mondiale.com\/de\/wp-json\/wp\/v2\/comments?post=12711"}],"version-history":[{"count":0,"href":"https:\/\/www.journee-mondiale.com\/de\/wp-json\/wp\/v2\/posts\/12711\/revisions"}],"wp:featuredmedia":[{"embeddable":true,"href":"https:\/\/www.journee-mondiale.com\/de\/wp-json\/wp\/v2\/media\/12710"}],"wp:attachment":[{"href":"https:\/\/www.journee-mondiale.com\/de\/wp-json\/wp\/v2\/media?parent=12711"}],"wp:term":[{"taxonomy":"category","embeddable":true,"href":"https:\/\/www.journee-mondiale.com\/de\/wp-json\/wp\/v2\/categories?post=12711"},{"taxonomy":"post_tag","embeddable":true,"href":"https:\/\/www.journee-mondiale.com\/de\/wp-json\/wp\/v2\/tags?post=12711"}],"curies":[{"name":"wp","href":"https:\/\/api.w.org\/{rel}","templated":true}]}}