{"id":12709,"date":"2025-03-19T23:16:01","date_gmt":"2025-03-19T22:16:01","guid":{"rendered":"https:\/\/www.journee-mondiale.com\/de\/xxl-trend-2025-warum-lange-haare-im-fruehling-wieder-alle-begeistern-werden\/"},"modified":"2025-03-19T23:16:01","modified_gmt":"2025-03-19T22:16:01","slug":"xxl-trend-2025-warum-lange-haare-im-fruehling-wieder-alle-begeistern-werden","status":"publish","type":"post","link":"https:\/\/www.journee-mondiale.com\/de\/xxl-trend-2025-warum-lange-haare-im-fruehling-wieder-alle-begeistern-werden\/","title":{"rendered":"XXL-Trend 2025: Warum lange Haare im Fr\u00fchling (wieder) alle begeistern werden"},"content":{"rendered":"<p>Die R\u00fcckkehr der M\u00e4hne: <strong>Langhaarfrisuren 2025<\/strong> feiern ihr gro\u00dfes Comeback im Fr\u00fchling<\/p>\n<h2>XXL-Hair dominiert die Frisurentrends im Fr\u00fchling 2025<\/h2>\n<p>Der Winter verabschiedet sich, und mit dem Fr\u00fchling 2025 kehrt die Liebe zu langen, \u00fcppigen Haaren zur\u00fcck. <strong>Extralange M\u00e4hnen<\/strong> sind nicht nur ein Statement, sondern ein echtes Lebensgef\u00fchl. &#8222;Lange Haare stehen f\u00fcr eine neue Selbstbestimmtheit und einen bewussten Umgang mit Nat\u00fcrlichkeit&#8220;, erkl\u00e4rt <a href=\"https:\/\/www.journee-mondiale.com\/de\/421\/tag-der-friseure.htm\" target=\"_blank\">Tag der Friseure<\/a>-Botschafterin und Stylistin Lisa Hofmann aus M\u00fcnchen.<\/p>\n<h2>Der klassische Blunt Cut bekommt einen modernen Twist<\/h2>\n<p>Besonders angesagt ist der <strong>Blunt Cut mit Pony<\/strong> \u2013 ein gerader Schnitt ohne Stufen, der dem Haar optisch mehr F\u00fclle verleiht. Die klare Linie schafft einen eleganten Look, der sowohl im B\u00fcro als auch bei Fr\u00fchlingsveranstaltungen Eindruck macht. <a href=\"https:\/\/www.journee-mondiale.com\/de\/458\/tag-der-schonheit.htm\" target=\"_blank\">Tag der Sch\u00f6nheit<\/a>-Experten betonen: Diese Frisur ist wie ein ma\u00dfgeschneidertes Kleidungsst\u00fcck f\u00fcr dein Haar \u2013 pr\u00e4zise, aber dennoch vielseitig.<\/p>\n<h2>Mittelscheitel \u2013 zeitlose Eleganz mit modernem Flair<\/h2>\n<p>Der <strong>Mittelscheitel<\/strong> erlebt 2025 seine Renaissance. Er schmeichelt fast jeder Gesichtsform und verleiht langen Haaren eine symmetrische, ausgewogene Optik. Ob glatt gef\u00f6hnt oder mit sanften Wellen versehen \u2013 der Mittelscheitel wirkt wie ein edler Rahmen f\u00fcr dein Gesicht und l\u00e4sst sich m\u00fchelos in den Alltag integrieren.<\/p>\n<h2>Styling-Vielfalt f\u00fcr lange Haare im Fr\u00fchling<\/h2>\n<blockquote><p>&#8222;Lange Haare sind wie eine leere Leinwand \u2013 sie bieten unbegrenzte M\u00f6glichkeiten, sich selbst neu zu erfinden&#8220;, schw\u00e4rmt Thomas Schmidt, Meisterfriseur im Berliner Salon &#8222;Haarkunst&#8220;.<\/p><\/blockquote>\n<p>Die <strong>Stylingm\u00f6glichkeiten<\/strong> reichen von glamour\u00f6s glatt \u00fcber sanfte Beach Waves bis hin zu aufwendigen Flechtfrisuren. F\u00fcr den Fr\u00fchling 2025 eignen sich besonders nat\u00fcrlich wirkende Wellen, die dem Haar Bewegung und Volumen verleihen.<\/p>\n<h2>Die richtige Pflege f\u00fcr XXL-Haare<\/h2>\n<p>Lange Haare erfordern besondere Aufmerksamkeit. Hier sind die wichtigsten Pflegetipps f\u00fcr gesunde L\u00e4ngen:<\/p>\n<ul>\n<li>Verwende <strong>n\u00e4hrende Haarmasken<\/strong> mindestens einmal w\u00f6chentlich<\/li>\n<li>F\u00f6hne dein Haar mit k\u00fchler Temperaturstufe, um Spliss zu vermeiden<\/li>\n<li>Lass alle 8-10 Wochen die Spitzen schneiden<\/li>\n<\/ul>\n<h2>Lange Haare f\u00fcr M\u00e4nner \u2013 stylisch und selbstbewusst<\/h2>\n<p>Auch M\u00e4nner tragen 2025 wieder l\u00e4ngeres Haar. Der nach hinten gek\u00e4mmte Look vermittelt L\u00e4ssigkeit und Selbstbewusstsein. &#8222;Lange Haare bei M\u00e4nnern sind wie ein gut gereifter Wein \u2013 sie brauchen Zeit und die richtige Pflege, um ihr volles Potenzial zu entfalten&#8220;, erkl\u00e4rt Stylist Michael Weber. Der <a href=\"https:\/\/www.journee-mondiale.com\/de\/492\/mannertag.htm\" target=\"_blank\">M\u00e4nnertag<\/a> k\u00f6nnte die perfekte Gelegenheit sein, eine neue Langhaarfrisur auszuprobieren.<\/p>\n<h2>Fr\u00fchjahrsfarben f\u00fcr lange Haare<\/h2>\n<p>Diese <strong>Farbtrends<\/strong> dominieren die Langhaarfrisuren im Fr\u00fchling 2025:<\/p>\n<ul>\n<li>Warme Goldt\u00f6ne, die im Fr\u00fchlingslicht besonders sch\u00f6n schimmern<\/li>\n<li>Sanfte Kupfernuancen f\u00fcr einen nat\u00fcrlichen Glow<\/li>\n<li>Subtile Balayage-Techniken f\u00fcr mehr Dimension<\/li>\n<\/ul>\n<h2>Vom Alltag zum besonderen Anlass<\/h2>\n<p>Das Sch\u00f6ne an langen Haaren: Sie lassen sich im Handumdrehen vom Alltags- zum Festlook verwandeln. Eine simple Hochsteckfrisur oder elegante Wasserwellen k\u00f6nnen dein Styling komplett ver\u00e4ndern. Lange Haare sind wie ein treuer Begleiter, der sich jeder Situation anpasst \u2013 vom Home Office bis zur Fr\u00fchlingsfeier.<\/p>\n<h2>Was macht deinen Look besonders?<\/h2>\n<p>Die Magie der Langhaarfrisuren liegt in ihrer Anpassungsf\u00e4higkeit. Sie k\u00f6nnen wild und ungeb\u00e4ndigt sein wie ein Fr\u00fchlingswind oder glatt und strukturiert wie ein ruhiger See. <a href=\"https:\/\/www.journee-mondiale.com\/de\/404\/welttag-des-kompliments.htm\" target=\"_blank\">Welttag des Kompliments<\/a>-Studien zeigen: Eine gepflegte Langhaarfrisur geh\u00f6rt zu den am h\u00e4ufigsten kommentierten Sch\u00f6nheitsmerkmalen. Ob elegant oder l\u00e4ssig \u2013 es gibt f\u00fcr jeden Geschmack und Anlass die passende Langhaarfrisur. Entdecke weitere <a href=\"https:\/\/www.journee-mondiale.com\/de\/category\/lebensstil\/\" target=\"_blank\">Lebensstil-Themen<\/a>, die deinen pers\u00f6nlichen Stil unterstreichen k\u00f6nnen.<\/p>\n","protected":false},"excerpt":{"rendered":"<p>Die R\u00fcckkehr der M\u00e4hne: Langhaarfrisuren 2025 feiern ihr gro\u00dfes Comeback im Fr\u00fchling XXL-Hair dominiert die Frisurentrends im Fr\u00fchling 2025 Der Winter verabschiedet sich, und mit dem Fr\u00fchling 2025 kehrt die Liebe zu langen, \u00fcppigen Haaren zur\u00fcck. Extralange M\u00e4hnen sind nicht nur ein Statement, sondern ein echtes Lebensgef\u00fchl. &#8222;Lange Haare stehen f\u00fcr eine neue Selbstbestimmtheit und &#8230; <a title=\"XXL-Trend 2025: Warum lange Haare im Fr\u00fchling (wieder) alle begeistern werden\" class=\"read-more\" href=\"https:\/\/www.journee-mondiale.com\/de\/xxl-trend-2025-warum-lange-haare-im-fruehling-wieder-alle-begeistern-werden\/\" aria-label=\"Mehr Informationen \u00fcber XXL-Trend 2025: Warum lange Haare im Fr\u00fchling (wieder) alle begeistern werden\">Lire plus<\/a><\/p>\n","protected":false},"author":1,"featured_media":12708,"comment_status":"","ping_status":"","sticky":false,"template":"","format":"standard","meta":{"footnotes":""},"categories":[48],"tags":[],"class_list":["post-12709","post","type-post","status-publish","format-standard","has-post-thumbnail","hentry","category-lebensstil"],"acf":[],"_yoast_wpseo_primary_category":null,"_yoast_wpseo_title":null,"_yoast_wpseo_metadesc":null,"_links":{"self":[{"href":"https:\/\/www.journee-mondiale.com\/de\/wp-json\/wp\/v2\/posts\/12709","targetHints":{"allow":["GET"]}}],"collection":[{"href":"https:\/\/www.journee-mondiale.com\/de\/wp-json\/wp\/v2\/posts"}],"about":[{"href":"https:\/\/www.journee-mondiale.com\/de\/wp-json\/wp\/v2\/types\/post"}],"author":[{"embeddable":true,"href":"https:\/\/www.journee-mondiale.com\/de\/wp-json\/wp\/v2\/users\/1"}],"replies":[{"embeddable":true,"href":"https:\/\/www.journee-mondiale.com\/de\/wp-json\/wp\/v2\/comments?post=12709"}],"version-history":[{"count":0,"href":"https:\/\/www.journee-mondiale.com\/de\/wp-json\/wp\/v2\/posts\/12709\/revisions"}],"wp:featuredmedia":[{"embeddable":true,"href":"https:\/\/www.journee-mondiale.com\/de\/wp-json\/wp\/v2\/media\/12708"}],"wp:attachment":[{"href":"https:\/\/www.journee-mondiale.com\/de\/wp-json\/wp\/v2\/media?parent=12709"}],"wp:term":[{"taxonomy":"category","embeddable":true,"href":"https:\/\/www.journee-mondiale.com\/de\/wp-json\/wp\/v2\/categories?post=12709"},{"taxonomy":"post_tag","embeddable":true,"href":"https:\/\/www.journee-mondiale.com\/de\/wp-json\/wp\/v2\/tags?post=12709"}],"curies":[{"name":"wp","href":"https:\/\/api.w.org\/{rel}","templated":true}]}}