{"id":12705,"date":"2025-03-19T19:06:44","date_gmt":"2025-03-19T18:06:44","guid":{"rendered":"https:\/\/www.journee-mondiale.com\/de\/dieser-kurze-bob-mit-pony-nimmt-10-jahre-was-meine-67-jaehrige-kundin-zur-trendfrisur-2025-sagt\/"},"modified":"2025-03-19T19:06:44","modified_gmt":"2025-03-19T18:06:44","slug":"dieser-kurze-bob-mit-pony-nimmt-10-jahre-was-meine-67-jaehrige-kundin-zur-trendfrisur-2025-sagt","status":"publish","type":"post","link":"https:\/\/www.journee-mondiale.com\/de\/dieser-kurze-bob-mit-pony-nimmt-10-jahre-was-meine-67-jaehrige-kundin-zur-trendfrisur-2025-sagt\/","title":{"rendered":"Dieser kurze Bob mit Pony nimmt 10 Jahre (was meine 67-j\u00e4hrige Kundin zur Trendfrisur 2025 sagt&#8230;)"},"content":{"rendered":"<p>Der kurze Bob mit Pony \u2013 die <strong>Trendfrisur 2025<\/strong> f\u00fcr Frauen \u00fcber 60, die im Fr\u00fchling besonders gut zur Geltung kommt. W\u00e4hrend die ersten Sonnenstrahlen des M\u00e4rz f\u00fcr frischen Wind sorgen, erleben wir eine Renaissance dieser klassischen, aber zeitgem\u00e4\u00dfen Frisur, die reife Gesichtsz\u00fcge perfekt umschmeichelt. Was macht diesen Look so besonders? Entdecken wir gemeinsam, warum immer mehr stilbewusste Frauen auf diese verj\u00fcngende Verwandlung setzen.<\/p>\n<h2>Die R\u00fcckkehr des kurzen Bobs mit Pony \u2013 warum gerade jetzt?<\/h2>\n<p>Der <strong>Face-Framing-Effekt<\/strong> steht 2025 im Mittelpunkt des Frisuren-Trends. &#8222;Im Fr\u00fchjahr sehen wir eine deutliche Hinwendung zu Schnitten, die das Gesicht optimal einrahmen und betonen statt zu verstecken&#8220;, erkl\u00e4rt Thomas Schmidt, Meisterfriseur im Berliner Salon &#8222;Haarkunst&#8220;. Diese Frisur wirkt wie ein nat\u00fcrlicher Facelifting-Effekt \u2013 genau das Richtige nach den tristen Wintermonaten, wenn die Haut oft m\u00fcde wirkt.<\/p>\n<h2>Individuell angepasste Ponyfransen f\u00fcr jede Gesichtsform<\/h2>\n<p>Nicht jeder Pony ist gleich \u2013 und das macht diesen Trend so vielseitig. Bei <a href=\"https:\/\/www.journee-mondiale.com\/de\/category\/lebensstil\/\" target=\"_blank\">Lebensstil-Trends f\u00fcr Frauen \u00fcber 60<\/a> stehen individualisierte L\u00f6sungen im Vordergrund. Wie eine ma\u00dfgeschneiderte Jacke sollte auch der Pony perfekt sitzen und die besten Eigenschaften hervorheben. Dr. Claudia Weber, Dermatologin mit Fokus auf reife Haut, best\u00e4tigt: &#8222;Die richtige Ponyl\u00e4nge kann Jahre vom Gesicht nehmen und gleichzeitig von Alterserscheinungen ablenken.&#8220;<\/p>\n<h2>Diese Pony-Varianten schmeicheln reifen Gesichtern besonders<\/h2>\n<ul>\n<li><strong>Weiche, seitlich gestylte Ponys<\/strong> \u2013 kaschieren Stirnfalten und betonen die Augenpartie<\/li>\n<li><strong>Luftig-leichte Curtain Bangs<\/strong> \u2013 rahmen das Gesicht sanft ein ohne zu dominieren<\/li>\n<li><strong>Asymmetrische Ponyfransen<\/strong> \u2013 lenken den Blick und schaffen interessante Gesichtsproportionen<\/li>\n<\/ul>\n<h2>Die Magie der richtigen Schnittl\u00e4nge<\/h2>\n<p>Die optimale L\u00e4nge eines Bobs ist wie der goldene Schnitt in der Kunst \u2013 sie muss f\u00fcr jede Frau individuell gefunden werden. Meine langj\u00e4hrige Beobachtung: Viele Frauen halten an zu langen Haaren fest aus Angst vor dem &#8222;Oma-Look&#8220;. Dabei ist es gerade die pr\u00e4zise <strong>L\u00e4ngenvariante<\/strong> zwischen Kinn und Schl\u00fcsselbein, die einen modernen, frischen Eindruck erzeugt und das Haar voller wirken l\u00e4sst.<\/p>\n<h2>Fr\u00fchlings-Styling leicht gemacht<\/h2>\n<p>Mit den w\u00e4rmeren Temperaturen \u00e4ndern sich auch die Styling-Bed\u00fcrfnisse. F\u00fcr <a href=\"https:\/\/www.journee-mondiale.com\/de\/category\/reisen\/\" target=\"_blank\">stilvolle Reisefrisuren f\u00fcr die aktive Frau<\/a> ist der kurze Bob mit Pony ideal. &#8222;Wie ein gut gestimmtes Instrument braucht diese Frisur nur minimale Anpassungen, um perfekt zu klingen&#8220;, schmunzelt Christina Berger vom M\u00fcnchner Elite-Salon &#8222;Kopfsache&#8220;. Ein F\u00f6n, eine Rundb\u00fcrste und ein leichtes Stylingprodukt \u2013 mehr ist nicht n\u00f6tig.<\/p>\n<h2>Die psychologische Wirkung der Ver\u00e4nderung<\/h2>\n<p>Eine neue Frisur kann wie ein innerer Reset wirken. Besonders im Fr\u00fchling 2025 beobachte ich, wie Frauen nach dem Schnitt f\u00f6rmlich aufbl\u00fchen. Der <strong>Verj\u00fcngungseffekt<\/strong> geschieht nicht nur \u00e4u\u00dferlich \u2013 die leichte, schwungvolle Frisur wirkt sich nachweislich auf das Selbstbewusstsein aus. Wie ein Schmetterling, der seine H\u00fclle verl\u00e4sst, f\u00fchlen sich viele meiner Kundinnen leichter und energiegeladener.<\/p>\n<h3>Tricks f\u00fcr mehr Volumen bei feinem Haar<\/h3>\n<ul>\n<li>Den Bob leicht gestuft schneiden lassen f\u00fcr nat\u00fcrliche F\u00fclle<\/li>\n<li>Wurzelansatz beim F\u00f6hnen gegen die Wuchsrichtung trocknen<\/li>\n<li>Spezielle <strong>Volumen-Mousses<\/strong> f\u00fcr reifes Haar verwenden<\/li>\n<\/ul>\n<h2>Farbtipps, die den Look perfektionieren<\/h2>\n<p>Die Farbwahl spielt eine entscheidende Rolle bei <a href=\"https:\/\/www.journee-mondiale.com\/de\/\" target=\"_blank\">aktuellen Haartrends 2025<\/a>. Sanfte Highlights um das Gesicht herum \u2013 auch &#8222;Face-Framing-Lights&#8220; genannt \u2013 verleihen der Frisur Dimension und lassen blasses Winterteint sofort frischer wirken. Wie Sonnenstrahlen, die durch ein Bl\u00e4tterdach fallen, bringen sie Licht und Bewegung ins Spiel.<\/p>\n<h2>Pflege f\u00fcr langanhaltende Freude<\/h2>\n<p>Damit der Bob mit Pony nicht zur Belastung wird, ist regelm\u00e4\u00dfige Pflege essenziell. Die Investition in <a href=\"https:\/\/www.journee-mondiale.com\/de\/juridisk-informationen\/\" target=\"_blank\">Experten-Ratgeber zur Haarpflege<\/a> lohnt sich. Als Faustregel gilt: Alle 4-6 Wochen sollte der Pony nachgeschnitten werden, der restliche Bob kommt mit 8-10 Wochen aus. Wie ein sch\u00f6ner Garten braucht auch die perfekte Frisur kontinuierliche, aber \u00fcberschaubare Pflege.<\/p>\n<p>Bereit f\u00fcr die Fr\u00fchjahrs-Verwandlung mit einem kurzen Bob und Pony? Diese Frisur ist mehr als ein Trend \u2013 sie ist eine Hommage an zeitlose Eleganz, die speziell f\u00fcr die Bed\u00fcrfnisse reifer Frauen neu interpretiert wurde. Wagen Sie den Schritt, und erleben Sie, wie ein pr\u00e4ziser Schnitt Ihr Erscheinungsbild m\u00fchelos in die Moderne katapultiert.<\/p>\n","protected":false},"excerpt":{"rendered":"<p>Der kurze Bob mit Pony \u2013 die Trendfrisur 2025 f\u00fcr Frauen \u00fcber 60, die im Fr\u00fchling besonders gut zur Geltung kommt. W\u00e4hrend die ersten Sonnenstrahlen des M\u00e4rz f\u00fcr frischen Wind sorgen, erleben wir eine Renaissance dieser klassischen, aber zeitgem\u00e4\u00dfen Frisur, die reife Gesichtsz\u00fcge perfekt umschmeichelt. Was macht diesen Look so besonders? Entdecken wir gemeinsam, warum &#8230; <a title=\"Dieser kurze Bob mit Pony nimmt 10 Jahre (was meine 67-j\u00e4hrige Kundin zur Trendfrisur 2025 sagt&#8230;)\" class=\"read-more\" href=\"https:\/\/www.journee-mondiale.com\/de\/dieser-kurze-bob-mit-pony-nimmt-10-jahre-was-meine-67-jaehrige-kundin-zur-trendfrisur-2025-sagt\/\" aria-label=\"Mehr Informationen \u00fcber Dieser kurze Bob mit Pony nimmt 10 Jahre (was meine 67-j\u00e4hrige Kundin zur Trendfrisur 2025 sagt&#8230;)\">Lire plus<\/a><\/p>\n","protected":false},"author":1,"featured_media":12704,"comment_status":"","ping_status":"","sticky":false,"template":"","format":"standard","meta":{"footnotes":""},"categories":[48],"tags":[],"class_list":["post-12705","post","type-post","status-publish","format-standard","has-post-thumbnail","hentry","category-lebensstil"],"acf":[],"_yoast_wpseo_primary_category":null,"_yoast_wpseo_title":null,"_yoast_wpseo_metadesc":null,"_links":{"self":[{"href":"https:\/\/www.journee-mondiale.com\/de\/wp-json\/wp\/v2\/posts\/12705","targetHints":{"allow":["GET"]}}],"collection":[{"href":"https:\/\/www.journee-mondiale.com\/de\/wp-json\/wp\/v2\/posts"}],"about":[{"href":"https:\/\/www.journee-mondiale.com\/de\/wp-json\/wp\/v2\/types\/post"}],"author":[{"embeddable":true,"href":"https:\/\/www.journee-mondiale.com\/de\/wp-json\/wp\/v2\/users\/1"}],"replies":[{"embeddable":true,"href":"https:\/\/www.journee-mondiale.com\/de\/wp-json\/wp\/v2\/comments?post=12705"}],"version-history":[{"count":0,"href":"https:\/\/www.journee-mondiale.com\/de\/wp-json\/wp\/v2\/posts\/12705\/revisions"}],"wp:featuredmedia":[{"embeddable":true,"href":"https:\/\/www.journee-mondiale.com\/de\/wp-json\/wp\/v2\/media\/12704"}],"wp:attachment":[{"href":"https:\/\/www.journee-mondiale.com\/de\/wp-json\/wp\/v2\/media?parent=12705"}],"wp:term":[{"taxonomy":"category","embeddable":true,"href":"https:\/\/www.journee-mondiale.com\/de\/wp-json\/wp\/v2\/categories?post=12705"},{"taxonomy":"post_tag","embeddable":true,"href":"https:\/\/www.journee-mondiale.com\/de\/wp-json\/wp\/v2\/tags?post=12705"}],"curies":[{"name":"wp","href":"https:\/\/api.w.org\/{rel}","templated":true}]}}