{"id":12703,"date":"2025-03-19T18:35:39","date_gmt":"2025-03-19T17:35:39","guid":{"rendered":"https:\/\/www.journee-mondiale.com\/de\/diese-3-denim-trends-werden-2025-unsere-kleiderschraenke-revolutionieren-ich-habe-alle-getestet\/"},"modified":"2025-03-19T18:35:39","modified_gmt":"2025-03-19T17:35:39","slug":"diese-3-denim-trends-werden-2025-unsere-kleiderschraenke-revolutionieren-ich-habe-alle-getestet","status":"publish","type":"post","link":"https:\/\/www.journee-mondiale.com\/de\/diese-3-denim-trends-werden-2025-unsere-kleiderschraenke-revolutionieren-ich-habe-alle-getestet\/","title":{"rendered":"# Diese 3 Denim-Trends werden 2025 unsere Kleiderschr\u00e4nke revolutionieren (ich habe alle getestet)"},"content":{"rendered":"<p>Denim-Trends 2025: Was wir diesen Fr\u00fchling tragen werden<\/p>\n<h2>Die Renaissance des Jeansstoffs im Fr\u00fchling 2025<\/h2>\n<p>Der frische Fr\u00fchlingswind bringt nicht nur Knospen an die B\u00e4ume, sondern weht auch <strong>neue Denim-Trends<\/strong> in unsere Garderoben. W\u00e4hrend wir die dicken Winterm\u00e4ntel endlich in den Schrank h\u00e4ngen k\u00f6nnen, fragen sich viele: Was sind die angesagtesten Jeans-Styles f\u00fcr diesen Fr\u00fchling 2025? Die Antwort liegt in einer spannenden Mischung aus Nostalgie, Nachhaltigkeit und moderner L\u00e4ssigkeit.<\/p>\n<h2>Die wichtigsten Denim-Silhouetten dieser Saison<\/h2>\n<p>Die Tage der Skinny-Dominanz sind endg\u00fcltig gez\u00e4hlt. &#8222;Jeans sind ein Klassiker, der sich immer wieder neu erfinden l\u00e4sst&#8220;, erkl\u00e4rt <strong>Modebloggerin Leonie Hanne<\/strong>. Besonders gefragt sind aktuell:<\/p>\n<ul>\n<li>Wide-Leg-Jeans f\u00fcr maximalen Komfort und stilvolles Statement<\/li>\n<li>Barrel-Jeans mit ihrer schmeichelhaften Taillierung<\/li>\n<li>Dunkle Waschungen f\u00fcr vielseitige Styling-Optionen<\/li>\n<\/ul>\n<h2>Fr\u00fchlings-Trendfarbe: Wei\u00dfes Denim erobert deutsche Stra\u00dfen<\/h2>\n<p>W\u00e4hrend wir traditionell <strong>wei\u00dfes Denim<\/strong> mit dem Sommer verbinden, bricht der Fr\u00fchling 2025 mit dieser Konvention. &#8222;Die klare, frische Optik von wei\u00dfem Denim passt perfekt zur Aufbruchstimmung des Fr\u00fchlings&#8220;, so <strong>Modeexperte Guido Maria Kretschmer<\/strong>. Kombiniert mit pastellfarbenen Oberteilen entsteht ein Look, der die Leichtigkeit der Jahreszeit perfekt einf\u00e4ngt.<\/p>\n<h2>Nachhaltigkeit im Fokus deutscher Konsumenten<\/h2>\n<p>Der deutsche Markt zeigt eine <strong>deutliche Pr\u00e4ferenz<\/strong> f\u00fcr umweltbewusste Denim-Produkte. &#8222;Nachhaltigkeit ist nicht nur ein Trend, sondern eine Notwendigkeit in der Modeindustrie&#8220;, betont Kretschmer in einem Interview. Marken wie <a href=\"https:\/\/www.journee-mondiale.com\/de\/category\/lebensstil\/\" target=\"_blank\">Nachhaltige Modetrends<\/a> erfreuen sich wachsender Beliebtheit. Recycelte Materialien und wassersparende Produktionsprozesse sind keine Nische mehr, sondern Mainstream.<\/p>\n<h2>Der perfekte Denim-Look f\u00fcr k\u00fchle Fr\u00fchlingstage<\/h2>\n<p>F\u00fcr die noch etwas frischen M\u00e4rztage empfehlen Stylisten das Layering mit Denim. Wie w\u00e4re es mit einer <strong>Jeansjacke \u00fcber einem leichten Pullover<\/strong>? Diese Kombination ist nicht nur praktisch, sondern auch stylish. Denkt man an Mode wie an eine Sprache, dann ist Denim der universelle Dialekt, den jeder versteht und interpretieren kann.<\/p>\n<h2>Deutsche Marken setzen Ma\u00dfst\u00e4be<\/h2>\n<p>Auf dem heimischen Markt mischen besonders <strong>Closed und MUD Jeans<\/strong> die Denim-Szene auf. Mit ihrem Fokus auf Qualit\u00e4t und Nachhaltigkeit treffen sie den Nerv umweltbewusster Konsumenten. Wer auf der Suche nach Qualit\u00e4t ist, sollte auch einen Blick auf <a href=\"https:\/\/www.journee-mondiale.com\/de\/juridisk-informationen\/\" target=\"_blank\">Verbraucherrechte bei Modek\u00e4ufen<\/a> werfen, um informierte Entscheidungen zu treffen.<\/p>\n<h2>International inspiriert, deutsch interpretiert<\/h2>\n<p>Deutsche Modebewusste adaptieren <strong>globale Trends<\/strong> auf ihre eigene Weise. W\u00e4hrend in manchen L\u00e4ndern extravagante Waschungen dominieren, bevorzugen deutsche Konsumenten subtilere Varianten. Diese kulturelle Interpretation von <a href=\"https:\/\/www.journee-mondiale.com\/de\/category\/reisen\/\" target=\"_blank\">Modestile international<\/a> macht den deutschen Denim-Markt einzigartig.<\/p>\n<h2>Styling-Tipps f\u00fcr den \u00dcbergang in den Fr\u00fchling<\/h2>\n<p>Wie lassen sich die neuen Trends praktisch umsetzen? Hier einige Inspirationen:<\/p>\n<ul>\n<li>Dunkle Waschungen mit hellen Fr\u00fchlingspullovern kombinieren<\/li>\n<li>Wide-Leg-Jeans mit Ankle Boots f\u00fcr k\u00fchle Tage, mit Sneakern f\u00fcr w\u00e4rmere<\/li>\n<li>Wei\u00dfes Denim mit farbigen Accessoires aufpeppen<\/li>\n<\/ul>\n<h2>Wohin geht die Denim-Reise?<\/h2>\n<p>Der Blick auf <a href=\"https:\/\/www.journee-mondiale.com\/de\/\" target=\"_blank\">Aktuelle Modetrends<\/a> zeigt: Die Denim-Evolution ist noch lange nicht abgeschlossen. F\u00fcr besonders Interessierte lohnt es sich, regelm\u00e4\u00dfig <a href=\"https:\/\/www.journee-mondiale.com\/de\/feed\/\" target=\"_blank\">Denim-Updates abonnieren<\/a> zu aktivieren. Wie ein guter Wein wird auch Denim mit der Zeit nur besser \u2013 nachhaltiger, vielseitiger und dennoch seinem Charakter treu.<\/p>\n<p>Wie werden Sie die Denim-Trends diesen Fr\u00fchling f\u00fcr sich interpretieren? Die Vielfalt der Optionen l\u00e4dt zum Experimentieren ein \u2013 von klassisch bis gewagt ist im Fr\u00fchling 2025 alles m\u00f6glich. Das Beste an Denim bleibt seine zeitlose Anpassungsf\u00e4higkeit, die uns seit Generationen begleitet und immer wieder neu begeistert.<\/p>\n","protected":false},"excerpt":{"rendered":"<p>Denim-Trends 2025: Was wir diesen Fr\u00fchling tragen werden Die Renaissance des Jeansstoffs im Fr\u00fchling 2025 Der frische Fr\u00fchlingswind bringt nicht nur Knospen an die B\u00e4ume, sondern weht auch neue Denim-Trends in unsere Garderoben. W\u00e4hrend wir die dicken Winterm\u00e4ntel endlich in den Schrank h\u00e4ngen k\u00f6nnen, fragen sich viele: Was sind die angesagtesten Jeans-Styles f\u00fcr diesen Fr\u00fchling &#8230; <a title=\"# Diese 3 Denim-Trends werden 2025 unsere Kleiderschr\u00e4nke revolutionieren (ich habe alle getestet)\" class=\"read-more\" href=\"https:\/\/www.journee-mondiale.com\/de\/diese-3-denim-trends-werden-2025-unsere-kleiderschraenke-revolutionieren-ich-habe-alle-getestet\/\" aria-label=\"Mehr Informationen \u00fcber # Diese 3 Denim-Trends werden 2025 unsere Kleiderschr\u00e4nke revolutionieren (ich habe alle getestet)\">Lire plus<\/a><\/p>\n","protected":false},"author":1,"featured_media":12702,"comment_status":"","ping_status":"","sticky":false,"template":"","format":"standard","meta":{"footnotes":""},"categories":[48],"tags":[],"class_list":["post-12703","post","type-post","status-publish","format-standard","has-post-thumbnail","hentry","category-lebensstil"],"acf":[],"_yoast_wpseo_primary_category":null,"_yoast_wpseo_title":null,"_yoast_wpseo_metadesc":null,"_links":{"self":[{"href":"https:\/\/www.journee-mondiale.com\/de\/wp-json\/wp\/v2\/posts\/12703","targetHints":{"allow":["GET"]}}],"collection":[{"href":"https:\/\/www.journee-mondiale.com\/de\/wp-json\/wp\/v2\/posts"}],"about":[{"href":"https:\/\/www.journee-mondiale.com\/de\/wp-json\/wp\/v2\/types\/post"}],"author":[{"embeddable":true,"href":"https:\/\/www.journee-mondiale.com\/de\/wp-json\/wp\/v2\/users\/1"}],"replies":[{"embeddable":true,"href":"https:\/\/www.journee-mondiale.com\/de\/wp-json\/wp\/v2\/comments?post=12703"}],"version-history":[{"count":0,"href":"https:\/\/www.journee-mondiale.com\/de\/wp-json\/wp\/v2\/posts\/12703\/revisions"}],"wp:featuredmedia":[{"embeddable":true,"href":"https:\/\/www.journee-mondiale.com\/de\/wp-json\/wp\/v2\/media\/12702"}],"wp:attachment":[{"href":"https:\/\/www.journee-mondiale.com\/de\/wp-json\/wp\/v2\/media?parent=12703"}],"wp:term":[{"taxonomy":"category","embeddable":true,"href":"https:\/\/www.journee-mondiale.com\/de\/wp-json\/wp\/v2\/categories?post=12703"},{"taxonomy":"post_tag","embeddable":true,"href":"https:\/\/www.journee-mondiale.com\/de\/wp-json\/wp\/v2\/tags?post=12703"}],"curies":[{"name":"wp","href":"https:\/\/api.w.org\/{rel}","templated":true}]}}