{"id":12672,"date":"2025-03-18T22:15:48","date_gmt":"2025-03-18T21:15:48","guid":{"rendered":"https:\/\/www.journee-mondiale.com\/de\/so-habe-ich-meinen-rocknroll-pixie-cut-zum-neuen-fruehlingstrend-2025-gemacht-und-warum-er-nicht-mehr-wegzudenken-ist\/"},"modified":"2025-03-18T22:15:48","modified_gmt":"2025-03-18T21:15:48","slug":"so-habe-ich-meinen-rocknroll-pixie-cut-zum-neuen-fruehlingstrend-2025-gemacht-und-warum-er-nicht-mehr-wegzudenken-ist","status":"publish","type":"post","link":"https:\/\/www.journee-mondiale.com\/de\/so-habe-ich-meinen-rocknroll-pixie-cut-zum-neuen-fruehlingstrend-2025-gemacht-und-warum-er-nicht-mehr-wegzudenken-ist\/","title":{"rendered":"So habe ich meinen Rock&#8217;n&#8217;Roll Pixie Cut zum neuen Fr\u00fchlingstrend 2025 gemacht (und warum er nicht mehr wegzudenken ist)"},"content":{"rendered":"<p>Wenn wir an die <strong>Mode der 50er Jahre<\/strong> denken, tauchen sofort Bilder von Petticoats, rotem Lippenstift und perfekt frisierten Haartolle auf. Doch wie bringt man diesen ikonischen Look ins Fr\u00fchjahr 2025? Mit dem <strong>Rockabilly Pixie Cut<\/strong> \u2013 einer faszinierenden Verbindung aus Vintage-Charme und moderner K\u00fchnheit, die gerade in der deutschen Stylingszene f\u00fcr Furore sorgt!<\/p>\n<h2>Die Wiedergeburt eines Klassikers im Fr\u00fchling 2025<\/h2>\n<p>Der <strong>Pixie Cut<\/strong> hat schon lange seinen Platz in der Modewelt gefunden, doch mit Rockabilly-Elementen aufgepeppt erlebt er dieses Fr\u00fchjahr ein aufregendes Revival. &#8222;Wir sehen eine wachsende Nachfrage nach Kurzhaarschnitten mit Charakter \u2013 Frauen wollen einen Look, der sowohl praktisch als auch ausdrucksstark ist,&#8220; erkl\u00e4rt <a href=\"https:\/\/www.journee-mondiale.com\/de\/1142\/der-tag-des-frisors.htm\" target=\"_blank\">Tag des Frisors<\/a> Preistr\u00e4gerin Michaela Berger vom Berliner Salon &#8222;Haarkunst&#8220;.<\/p>\n<h2>Was macht den Rockabilly Pixie so besonders?<\/h2>\n<p>Anders als der klassische Pixie lebt der <strong>Rockabilly-Style<\/strong> von gezielten Kontrasten: kurz an den Seiten, volumin\u00f6s oben. Denken Sie an einen modernen Pixie, der aussieht, als h\u00e4tte Elvis ihn inspiriert. Die Kombination ist wie ein gut komponiertes Musikst\u00fcck \u2013 rebellisch und doch elegant zugleich.<\/p>\n<blockquote><p>&#8222;Der Rockabilly Pixie ist die perfekte Mischung aus Rebellion und Feminit\u00e4t. Er verk\u00f6rpert die selbstbewusste Frau, die mit Traditionen spielt, ohne sich von ihnen einschr\u00e4nken zu lassen,&#8220; so Stefan Winkler, Haarexperte und Trendscout.<\/p><\/blockquote>\n<h2>Die perfekte Quiff \u2013 Herzst\u00fcck des Looks<\/h2>\n<p>Die <strong>Tolle<\/strong> (Quiff) ist das Herzst\u00fcck jedes Rockabilly-Styles. F\u00fcr den perfekten Fr\u00fchlingslook 2025 wird sie etwas weicher interpretiert, mit mehr Bewegung und weniger starrem Halt. Wie eine Welle, die sich sanft \u00fcber die Stirn erhebt \u2013 eine Metapher f\u00fcr die Freiheit, die dieser Stil ausstrahlt.<\/p>\n<h2>Side Sweeps f\u00fcr unterschiedliche Gesichtsformen<\/h2>\n<p>Was den <strong>Rockabilly Pixie<\/strong> so vielseitig macht, sind die anpassbaren <strong>Side Sweeps<\/strong>. Diese seitlichen Str\u00e4hnen k\u00f6nnen je nach Gesichtsform variiert werden:<\/p>\n<ul>\n<li>Ovale Gesichter: Symmetrische Side Sweeps f\u00fcr harmonische Balance<\/li>\n<li>Runde Gesichter: Schr\u00e4gere, l\u00e4ngere Sweeps f\u00fcr optische Streckung<\/li>\n<li>Eckige Gesichter: Weichere, geschwungene Sweeps zur Milderung harter Konturen<\/li>\n<\/ul>\n<h2>Fr\u00fchlingshafte Farbakzente f\u00fcr den Retro-Twist<\/h2>\n<p>Dieser Fr\u00fchling bringt frische Farbnuancen f\u00fcr den <strong>Rockabilly Look<\/strong>. Von sanften Pastellt\u00f6nen bis zu <a href=\"https:\/\/www.journee-mondiale.com\/de\/1264\/tag-der-farbigen-haare.htm\" target=\"_blank\">Tag der farbigen Haare<\/a> w\u00fcrdigen Farbkontrasten \u2013 alles ist m\u00f6glich. Besonders angesagt: weiche Honigblond-T\u00f6ne mit subtilen Rotnuancen an einzelnen Partien, die dem Look Dimension verleihen.<\/p>\n<h2>Styling-Produkte f\u00fcr den perfekten Halt<\/h2>\n<p>Der <strong>Rockabilly Pixie<\/strong> braucht die richtigen Produkte, um seine Form zu bewahren. Unverzichtbar sind:<\/p>\n<ul>\n<li>Texturisierende Paste f\u00fcr Definition und Bewegung<\/li>\n<li>Mittelstarkes Haarspray f\u00fcr Halt ohne Steifheit<\/li>\n<li>Mattes Puder f\u00fcr Volumen an den Wurzeln<\/li>\n<li>Leichtes Glanzspray f\u00fcr den Vintage-Schimmer<\/li>\n<\/ul>\n<h2>Der perfekte Look f\u00fcr die <a href=\"https:\/\/www.journee-mondiale.com\/de\/440\/tag-der-retro-party.htm\" target=\"_blank\">Tag der Retro-Party<\/a><\/h2>\n<p>Ich erinnere mich an eine Kundin, die mit ihrem frischen Rockabilly Pixie zu einer 50er-Jahre-Party ging \u2013 sie stahl allen die Show! Die <strong>Retro-inspirierten Texturen<\/strong> ihres Haars harmonierten perfekt mit ihrem <a href=\"https:\/\/www.journee-mondiale.com\/de\/485\/tag-der-mode.htm\" target=\"_blank\">Tag der Mode<\/a> typischen Outfit aus Swing-Kleid und roten Pumps.<\/p>\n<h2>Alltagstauglich trotz Vintage-Charme?<\/h2>\n<p>Die wahre Magie des Rockabilly Pixie liegt in seiner Anpassungsf\u00e4higkeit. Morgens mit wenig Produkt gestylt wirkt er businesstauglich, abends mit mehr Pomade und Volumen verwandelt er sich in einen echten Hingucker. Diese Verwandlungsf\u00e4higkeit macht ihn zu einem perfekten Begleiter f\u00fcr die <a href=\"https:\/\/www.journee-mondiale.com\/de\/1273\/tag-der-selbstpflege.htm\" target=\"_blank\">Tag der Selbstpflege<\/a> bewusste Frau im Fr\u00fchling 2025.<\/p>\n<h2>Ein Hauch Rebellion f\u00fcr jeden Tag?<\/h2>\n<p>Wer sagt, dass Vintage nur etwas f\u00fcr besondere Anl\u00e4sse ist? Der Rockabilly Pixie ist wie ein kleines St\u00fcck Freiheit, das Sie jeden Tag tragen k\u00f6nnen \u2013 eine Erinnerung daran, dass Stil zeitlos ist und wahre Eleganz immer einen Hauch Rebellion braucht. Wagen Sie den Schritt in die Vergangenheit, um Ihren Look f\u00fcr die Zukunft zu definieren!<\/p>\n","protected":false},"excerpt":{"rendered":"<p>Wenn wir an die Mode der 50er Jahre denken, tauchen sofort Bilder von Petticoats, rotem Lippenstift und perfekt frisierten Haartolle auf. Doch wie bringt man diesen ikonischen Look ins Fr\u00fchjahr 2025? Mit dem Rockabilly Pixie Cut \u2013 einer faszinierenden Verbindung aus Vintage-Charme und moderner K\u00fchnheit, die gerade in der deutschen Stylingszene f\u00fcr Furore sorgt! Die &#8230; <a title=\"So habe ich meinen Rock&#8217;n&#8217;Roll Pixie Cut zum neuen Fr\u00fchlingstrend 2025 gemacht (und warum er nicht mehr wegzudenken ist)\" class=\"read-more\" href=\"https:\/\/www.journee-mondiale.com\/de\/so-habe-ich-meinen-rocknroll-pixie-cut-zum-neuen-fruehlingstrend-2025-gemacht-und-warum-er-nicht-mehr-wegzudenken-ist\/\" aria-label=\"Mehr Informationen \u00fcber So habe ich meinen Rock&#8217;n&#8217;Roll Pixie Cut zum neuen Fr\u00fchlingstrend 2025 gemacht (und warum er nicht mehr wegzudenken ist)\">Lire plus<\/a><\/p>\n","protected":false},"author":1,"featured_media":12671,"comment_status":"","ping_status":"","sticky":false,"template":"","format":"standard","meta":{"footnotes":""},"categories":[48],"tags":[],"class_list":["post-12672","post","type-post","status-publish","format-standard","has-post-thumbnail","hentry","category-lebensstil"],"acf":[],"_yoast_wpseo_primary_category":null,"_yoast_wpseo_title":null,"_yoast_wpseo_metadesc":null,"_links":{"self":[{"href":"https:\/\/www.journee-mondiale.com\/de\/wp-json\/wp\/v2\/posts\/12672","targetHints":{"allow":["GET"]}}],"collection":[{"href":"https:\/\/www.journee-mondiale.com\/de\/wp-json\/wp\/v2\/posts"}],"about":[{"href":"https:\/\/www.journee-mondiale.com\/de\/wp-json\/wp\/v2\/types\/post"}],"author":[{"embeddable":true,"href":"https:\/\/www.journee-mondiale.com\/de\/wp-json\/wp\/v2\/users\/1"}],"replies":[{"embeddable":true,"href":"https:\/\/www.journee-mondiale.com\/de\/wp-json\/wp\/v2\/comments?post=12672"}],"version-history":[{"count":0,"href":"https:\/\/www.journee-mondiale.com\/de\/wp-json\/wp\/v2\/posts\/12672\/revisions"}],"wp:featuredmedia":[{"embeddable":true,"href":"https:\/\/www.journee-mondiale.com\/de\/wp-json\/wp\/v2\/media\/12671"}],"wp:attachment":[{"href":"https:\/\/www.journee-mondiale.com\/de\/wp-json\/wp\/v2\/media?parent=12672"}],"wp:term":[{"taxonomy":"category","embeddable":true,"href":"https:\/\/www.journee-mondiale.com\/de\/wp-json\/wp\/v2\/categories?post=12672"},{"taxonomy":"post_tag","embeddable":true,"href":"https:\/\/www.journee-mondiale.com\/de\/wp-json\/wp\/v2\/tags?post=12672"}],"curies":[{"name":"wp","href":"https:\/\/api.w.org\/{rel}","templated":true}]}}