{"id":12662,"date":"2025-03-18T14:36:45","date_gmt":"2025-03-18T13:36:45","guid":{"rendered":"https:\/\/www.journee-mondiale.com\/de\/diese-5-fruehlingsfarben-erfrischen-jetzt-sofort-ihre-gesamte-garderobe-ueberraschender-favorit\/"},"modified":"2025-03-18T14:36:45","modified_gmt":"2025-03-18T13:36:45","slug":"diese-5-fruehlingsfarben-erfrischen-jetzt-sofort-ihre-gesamte-garderobe-ueberraschender-favorit","status":"publish","type":"post","link":"https:\/\/www.journee-mondiale.com\/de\/diese-5-fruehlingsfarben-erfrischen-jetzt-sofort-ihre-gesamte-garderobe-ueberraschender-favorit\/","title":{"rendered":"# Diese 5 Fr\u00fchlingsfarben erfrischen jetzt sofort Ihre gesamte Garderobe (\u00fcberraschender Favorit)"},"content":{"rendered":"<p>Fr\u00fchlings-Update: Die Fashion-Trends, die jetzt Ihre Garderobe auffrischen<\/p>\n<h2>Der Fr\u00fchling 2025 l\u00e4utet eine neue Fashion-\u00c4ra ein<\/h2>\n<p>W\u00e4hrend die letzten Schneereste schmelzen, erwacht nicht nur die Natur zu neuem Leben \u2013 auch unsere Garderoben sehnen sich nach Ver\u00e4nderung. &#8222;Der Fr\u00fchling 2025 markiert einen spannenden Wendepunkt in der Mode, bei dem wir eine Renaissance klassischer Silhouetten in modernen Interpretationen erleben&#8220;, erkl\u00e4rt <strong>Modeexpertin<\/strong> Lisa Blumenthal vom Berliner Modeinstitut. Die Trends dieser Saison zeigen eine perfekte Verschmelzung von Vergangenheit und Gegenwart \u2013 wie ein Gem\u00e4lde, das sowohl zeitlos als auch \u00fcberraschend zeitgem\u00e4\u00df wirkt.<\/p>\n<h2>Capes und Umh\u00e4nge: Vom Winterstaple zum Fr\u00fchlingsbegleiter<\/h2>\n<p>Was als winterlicher Trend begann, hat sich elegant in die Fr\u00fchjahrssaison hin\u00fcbergerettet. <strong>Capes<\/strong> in leichteren Stoffen und pastelligen T\u00f6nen werden jetzt zum unverzichtbaren Statement-Piece. &#8222;Ein gut geschnittenes Cape verleiht selbst dem einfachsten Outfit eine dramatische Eleganz&#8220;, best\u00e4tigt Stylistin Julia Kramer, die regelm\u00e4\u00dfig deutsche Prominente f\u00fcr Red-Carpet-Events einkleidet. Diese vielseitigen St\u00fccke funktionieren sowohl f\u00fcr den B\u00fcroalltag als auch f\u00fcr besondere Anl\u00e4sse. Entdecken Sie mehr \u00fcber aktuelle <a href=\"https:\/\/www.journee-mondiale.com\/de\/mode\/\" target=\"_blank\">Modetrends<\/a> und ihre Vielseitigkeit.<\/p>\n<h2>Bubble Skirts: Verspielte Volumen f\u00fcr Fr\u00fchlingsoutfits<\/h2>\n<p>Nach Jahren der schmalen Silhouetten erleben wir eine R\u00fcckkehr zu <strong>volumineuseren Formen<\/strong>. Bubble Skirts mit ihren charakteristischen rundlichen Silhouetten verleihen jedem Look eine verspielte Note. Kombinieren Sie diese mit figurbetondenden Oberteilen f\u00fcr eine ausgewogene Proportion. Besonders angesagt sind midi-lange Varianten in <a href=\"https:\/\/www.journee-mondiale.com\/de\/kleider\/\" target=\"_blank\">Modische Kleider<\/a> f\u00fcr den \u00dcbergang in w\u00e4rmere Tage.<\/p>\n<h2>Neue Neutralit\u00e4ten: Frische Basisfarben f\u00fcr 2025<\/h2>\n<p>Vergessen Sie klassisches Schwarz und Beige \u2013 die <strong>neuen Neutralt\u00f6ne<\/strong> umfassen:\n<\/p>\n<ul>\n<li>Sanfte Salbeit\u00f6ne mit grauem Unterton<\/li>\n<li>Ged\u00e4mpftes Terrakotta mit hohem Tragbarkeitsindex<\/li>\n<li>Cremige Elfenbeinnuancen statt reinem Wei\u00df<\/li>\n<\/ul>\n<p>Diese Farben bilden die perfekte Leinwand f\u00fcr Fr\u00fchlingsoutfits und lassen sich untereinander sowie mit kr\u00e4ftigeren Akzenten m\u00fchelos kombinieren.<\/p>\n<h2>Butter Yellow: Die Trendfarbe des Fr\u00fchlings<\/h2>\n<p>W\u00e4hrend Pastellt\u00f6ne in der Fr\u00fchjahrsmode keine \u00dcberraschung darstellen, hat sich <strong>Butter Yellow<\/strong> als der unbestrittene Star der Saison herauskristallisiert. Diese weiche, warme Nuance erinnert an die ersten Sonnenstrahlen des Fr\u00fchlings und verleiht jedem Teint einen gesunden Schimmer. Erfahren Sie mehr \u00fcber die Psychologie und Anwendung von <a href=\"https:\/\/www.journee-mondiale.com\/de\/farben-in-der-mode\/\" target=\"_blank\">Farbtrends in der Mode<\/a> und wie sie unsere Stimmung beeinflussen.<\/p>\n<h2>Nachhaltigkeit trifft auf Saisonalit\u00e4t<\/h2>\n<p>Im Gespr\u00e4ch mit <strong>Nachhaltigkeitsexperten<\/strong> wird deutlich: Die bewusste Garderobe 2025 verbindet Saisontrends mit langfristigen Investitionen. &#8222;Anstatt komplette Garderoben auszutauschen, empfehlen wir, bestehende Basics mit 2-3 trendigen Teilen pro Saison aufzufrischen&#8220;, r\u00e4t Umweltwissenschaftler Dr. Marcus Weber. Dieser Ansatz schont nicht nur die Umwelt, sondern auch das Budget. Entdecken Sie weitere Ans\u00e4tze zur <a href=\"https:\/\/www.journee-mondiale.com\/de\/sustainable-fashion\/\" target=\"_blank\">Nachhaltige Mode<\/a> in unserer modernen Konsumgesellschaft.<\/p>\n<h2>Accessoires als Game-Changer<\/h2>\n<p>Die richtige <strong>Accessoire-Auswahl<\/strong> kann Ihre Fr\u00fchlingsgarderobe vervielfachen. Besonders angesagt sind:\n<\/p>\n<ul>\n<li>Geometrischer Statement-Schmuck in matten Metallfinishes<\/li>\n<li>Halst\u00fccher in leuchtenden Prints als vielseitige Styling-Helfer<\/li>\n<li>Strukturierte Taschen mit ungew\u00f6hnlichen Formen<\/li>\n<\/ul>\n<p>Diese Elemente funktionieren wie Gew\u00fcrze in einem Rezept \u2013 sie verleihen Ihrem Look die entscheidende W\u00fcrze. Entdecken Sie weitere <a href=\"https:\/\/www.journee-mondiale.com\/de\/accessoires\/\" target=\"_blank\">Stilvolle Accessoires<\/a> f\u00fcr jeden Anlass.<\/p>\n<h2>Wie finden Sie Ihren pers\u00f6nlichen Fr\u00fchlingsstil?<\/h2>\n<p>Trends sind Vorschl\u00e4ge, keine Regeln. Die wahre <strong>Stilkompetenz<\/strong> zeigt sich in der selektiven Adaption dessen, was zu Ihrer Pers\u00f6nlichkeit und Lebenssituation passt. Wie ein erfahrener Koch, der ein Rezept an seinen eigenen Geschmack anpasst, sollten Sie die aktuellen Trends als Inspiration betrachten und sie mutig nach Ihren Bed\u00fcrfnissen interpretieren. Der Fr\u00fchling 2025 l\u00e4dt Sie ein, modisch aufzubl\u00fchen \u2013 welchen Trend werden Sie zu Ihrem eigenen machen?<\/p>\n","protected":false},"excerpt":{"rendered":"<p>Fr\u00fchlings-Update: Die Fashion-Trends, die jetzt Ihre Garderobe auffrischen Der Fr\u00fchling 2025 l\u00e4utet eine neue Fashion-\u00c4ra ein W\u00e4hrend die letzten Schneereste schmelzen, erwacht nicht nur die Natur zu neuem Leben \u2013 auch unsere Garderoben sehnen sich nach Ver\u00e4nderung. &#8222;Der Fr\u00fchling 2025 markiert einen spannenden Wendepunkt in der Mode, bei dem wir eine Renaissance klassischer Silhouetten in &#8230; <a title=\"# Diese 5 Fr\u00fchlingsfarben erfrischen jetzt sofort Ihre gesamte Garderobe (\u00fcberraschender Favorit)\" class=\"read-more\" href=\"https:\/\/www.journee-mondiale.com\/de\/diese-5-fruehlingsfarben-erfrischen-jetzt-sofort-ihre-gesamte-garderobe-ueberraschender-favorit\/\" aria-label=\"Mehr Informationen \u00fcber # Diese 5 Fr\u00fchlingsfarben erfrischen jetzt sofort Ihre gesamte Garderobe (\u00fcberraschender Favorit)\">Lire plus<\/a><\/p>\n","protected":false},"author":1,"featured_media":12661,"comment_status":"","ping_status":"","sticky":false,"template":"","format":"standard","meta":{"footnotes":""},"categories":[48],"tags":[],"class_list":["post-12662","post","type-post","status-publish","format-standard","has-post-thumbnail","hentry","category-lebensstil"],"acf":[],"_yoast_wpseo_primary_category":null,"_yoast_wpseo_title":null,"_yoast_wpseo_metadesc":null,"_links":{"self":[{"href":"https:\/\/www.journee-mondiale.com\/de\/wp-json\/wp\/v2\/posts\/12662","targetHints":{"allow":["GET"]}}],"collection":[{"href":"https:\/\/www.journee-mondiale.com\/de\/wp-json\/wp\/v2\/posts"}],"about":[{"href":"https:\/\/www.journee-mondiale.com\/de\/wp-json\/wp\/v2\/types\/post"}],"author":[{"embeddable":true,"href":"https:\/\/www.journee-mondiale.com\/de\/wp-json\/wp\/v2\/users\/1"}],"replies":[{"embeddable":true,"href":"https:\/\/www.journee-mondiale.com\/de\/wp-json\/wp\/v2\/comments?post=12662"}],"version-history":[{"count":0,"href":"https:\/\/www.journee-mondiale.com\/de\/wp-json\/wp\/v2\/posts\/12662\/revisions"}],"wp:featuredmedia":[{"embeddable":true,"href":"https:\/\/www.journee-mondiale.com\/de\/wp-json\/wp\/v2\/media\/12661"}],"wp:attachment":[{"href":"https:\/\/www.journee-mondiale.com\/de\/wp-json\/wp\/v2\/media?parent=12662"}],"wp:term":[{"taxonomy":"category","embeddable":true,"href":"https:\/\/www.journee-mondiale.com\/de\/wp-json\/wp\/v2\/categories?post=12662"},{"taxonomy":"post_tag","embeddable":true,"href":"https:\/\/www.journee-mondiale.com\/de\/wp-json\/wp\/v2\/tags?post=12662"}],"curies":[{"name":"wp","href":"https:\/\/api.w.org\/{rel}","templated":true}]}}