{"id":12660,"date":"2025-03-18T13:56:07","date_gmt":"2025-03-18T12:56:07","guid":{"rendered":"https:\/\/www.journee-mondiale.com\/de\/von-1920er-bob-bis-2025er-style-meine-reise-durch-100-jahre-haarmode-und-warum-der-vokuhila-zurueckkehrt\/"},"modified":"2025-03-18T13:56:07","modified_gmt":"2025-03-18T12:56:07","slug":"von-1920er-bob-bis-2025er-style-meine-reise-durch-100-jahre-haarmode-und-warum-der-vokuhila-zurueckkehrt","status":"publish","type":"post","link":"https:\/\/www.journee-mondiale.com\/de\/von-1920er-bob-bis-2025er-style-meine-reise-durch-100-jahre-haarmode-und-warum-der-vokuhila-zurueckkehrt\/","title":{"rendered":"Von 1920er Bob bis 2025er Style: Meine Reise durch 100 Jahre Haarmode (und warum der Vokuhila zur\u00fcckkehrt)"},"content":{"rendered":"<p>Mit dem frischen Hauch des Fr\u00fchlings 2025 scheint es der perfekte Zeitpunkt, einen Blick zur\u00fcck auf die <strong>Haarmode-Evolution<\/strong> zu werfen, die Jahrzehnte gepr\u00e4gt und Generationen inspiriert hat. Die Frisuren vergangener Epochen erz\u00e4hlen nicht nur von \u00e4sthetischen Vorlieben, sondern spiegeln auch gesellschaftliche Umbr\u00fcche und kulturelle Revolutionen wider.<\/p>\n<h2>Die goldenen Zwanziger: Als der Bob zur Revolution wurde<\/h2>\n<p>Die 1920er Jahre brachten einen radikalen Wandel in der Frisurenwelt. Der <strong>Bob-Haarschnitt<\/strong> wurde zum Symbol weiblicher Emanzipation. &#8222;Der Bob war mehr als nur eine Frisur \u2013 er war eine Erkl\u00e4rung der Unabh\u00e4ngigkeit&#8220;, erkl\u00e4rt Dr. Claudia Weber, Kulturhistorikerin an der Universit\u00e4t Berlin. &#8222;Frauen schnitten ihre Haare kurz, um mit veralteten Rollenbildern zu brechen.&#8220;<\/p>\n<h2>Volumin\u00f6se Eleganz der 1950er Jahre<\/h2>\n<p>Nach den entbehrungsreichen Kriegsjahren sehnten sich die Menschen nach Glamour. Die <strong>volumin\u00f6sen Lockenfrisuren<\/strong> der 50er Jahre, inspiriert von Hollywoodstars wie Marilyn Monroe, verk\u00f6rperten diese Sehnsucht perfekt. Interessanterweise wurden damals durchschnittlich drei Stunden pro Woche in Friseursalons verbracht \u2013 ein Luxus, den sich heute kaum jemand leistet.<\/p>\n<h2>Flower Power und Haarpracht der 1960er und 70er<\/h2>\n<p>Die Hippie-\u00c4ra brachte lange, nat\u00fcrliche M\u00e4hnen f\u00fcr alle Geschlechter. &#8222;In den 60ern und 70ern wurden Haare zur politischen Aussage&#8220;, so Thomas Schmidt, Meisterfriseur aus Berlin. &#8222;Wie ein frei wachsender Garten sollten sie ungez\u00e4hmt und nat\u00fcrlich sein \u2013 ein Gegenentwurf zur strengen Gesellschaft.&#8220;<\/p>\n<blockquote><p>Die Haarpracht der 70er war wie ein Statement gegen den Mainstream \u2013 je wilder, desto revolution\u00e4rer.<\/p><\/blockquote>\n<h2>Die wilden Achtziger: Dauerwelle und Haarspray-Nebel<\/h2>\n<p>Die 80er Jahre waren das Jahrzehnt der Extreme. <strong>Dauerwellen<\/strong>, Vokuhilas (vorne kurz, hinten lang) und turmhohe Frisuren dominierten die Szene. Der durchschnittliche Deutsche verbrauchte damals etwa sechs Dosen Haarspray pro Jahr \u2013 heute sind es kaum mehr als zwei.<\/p>\n<h3>Die beliebtesten 80er-Jahre Frisuren:<\/h3>\n<ul>\n<li>Der Vokuhila (Mullet) \u2013 vorne Business, hinten Party<\/li>\n<li>Die volumin\u00f6se Dauerwelle mit Seitenscheitel<\/li>\n<li>Der Undercut mit \u00fcberlangen Ponyfransen<\/li>\n<\/ul>\n<h2>Die minimalistischen 90er und 2000er<\/h2>\n<p>Nach den Exzessen der 80er folgte eine Phase der Zur\u00fcckhaltung. Der &#8222;<strong>Rachel-Cut<\/strong>&#8222;, benannt nach Jennifer Anistons Frisur in der Serie &#8222;Friends&#8220;, wurde zum Inbegriff der 90er. &#8222;Diese Frisur war wie eine perfekt gemischte Playlist \u2013 nicht zu wild, nicht zu zahm, aber genau richtig&#8220;, meint Style-Expertin Franziska M\u00fcller.<\/p>\n<h2>Haar-Revival: Wenn alte Trends zur\u00fcckkehren<\/h2>\n<p>Gerade erleben wir eine Renaissance vieler historischer Haartrends. Der Bob der 20er, die Wellen der 50er und sogar der gef\u00fcrchtete Vokuhila feiern ihr Comeback \u2013 allerdings in moderner Interpretation. Wie ein Pendel schwingt die Haarmode zwischen Extremen hin und her, nur um in ver\u00e4nderter Form zur\u00fcckzukehren.<\/p>\n<h3>Zeitlose Styling-Prinzipien, die jede Dekade \u00fcberdauern:<\/h3>\n<ul>\n<li>Die richtige Haarstruktur-Analyse vor jedem Styling<\/li>\n<li>Qualit\u00e4tsprodukte als Basis jeder guten Frisur<\/li>\n<li>Die Ber\u00fccksichtigung der Gesichtsform bei der Stilwahl<\/li>\n<\/ul>\n<h2>Deine pers\u00f6nliche Haargeschichte<\/h2>\n<p>Was bedeutet diese Reise durch die Haarmoden f\u00fcr dich? Jede Frisur, die du tr\u00e4gst, verbindet dich mit einer reichen Kulturgeschichte. Wie ein gut komponiertes Musikst\u00fcck k\u00f6nnen historische Elemente in deinen aktuellen <strong>Fr\u00fchlingslook 2025<\/strong> einflie\u00dfen und ihm Tiefe verleihen. Vielleicht entdeckst du in den Frisuren vergangener Jahrzehnte genau den Stil, der deine Pers\u00f6nlichkeit heute am besten zum Ausdruck bringt.<\/p>\n","protected":false},"excerpt":{"rendered":"<p>Mit dem frischen Hauch des Fr\u00fchlings 2025 scheint es der perfekte Zeitpunkt, einen Blick zur\u00fcck auf die Haarmode-Evolution zu werfen, die Jahrzehnte gepr\u00e4gt und Generationen inspiriert hat. Die Frisuren vergangener Epochen erz\u00e4hlen nicht nur von \u00e4sthetischen Vorlieben, sondern spiegeln auch gesellschaftliche Umbr\u00fcche und kulturelle Revolutionen wider. Die goldenen Zwanziger: Als der Bob zur Revolution wurde &#8230; <a title=\"Von 1920er Bob bis 2025er Style: Meine Reise durch 100 Jahre Haarmode (und warum der Vokuhila zur\u00fcckkehrt)\" class=\"read-more\" href=\"https:\/\/www.journee-mondiale.com\/de\/von-1920er-bob-bis-2025er-style-meine-reise-durch-100-jahre-haarmode-und-warum-der-vokuhila-zurueckkehrt\/\" aria-label=\"Mehr Informationen \u00fcber Von 1920er Bob bis 2025er Style: Meine Reise durch 100 Jahre Haarmode (und warum der Vokuhila zur\u00fcckkehrt)\">Lire plus<\/a><\/p>\n","protected":false},"author":1,"featured_media":12659,"comment_status":"","ping_status":"","sticky":false,"template":"","format":"standard","meta":{"footnotes":""},"categories":[48],"tags":[],"class_list":["post-12660","post","type-post","status-publish","format-standard","has-post-thumbnail","hentry","category-lebensstil"],"acf":[],"_yoast_wpseo_primary_category":null,"_yoast_wpseo_title":null,"_yoast_wpseo_metadesc":null,"_links":{"self":[{"href":"https:\/\/www.journee-mondiale.com\/de\/wp-json\/wp\/v2\/posts\/12660","targetHints":{"allow":["GET"]}}],"collection":[{"href":"https:\/\/www.journee-mondiale.com\/de\/wp-json\/wp\/v2\/posts"}],"about":[{"href":"https:\/\/www.journee-mondiale.com\/de\/wp-json\/wp\/v2\/types\/post"}],"author":[{"embeddable":true,"href":"https:\/\/www.journee-mondiale.com\/de\/wp-json\/wp\/v2\/users\/1"}],"replies":[{"embeddable":true,"href":"https:\/\/www.journee-mondiale.com\/de\/wp-json\/wp\/v2\/comments?post=12660"}],"version-history":[{"count":0,"href":"https:\/\/www.journee-mondiale.com\/de\/wp-json\/wp\/v2\/posts\/12660\/revisions"}],"wp:featuredmedia":[{"embeddable":true,"href":"https:\/\/www.journee-mondiale.com\/de\/wp-json\/wp\/v2\/media\/12659"}],"wp:attachment":[{"href":"https:\/\/www.journee-mondiale.com\/de\/wp-json\/wp\/v2\/media?parent=12660"}],"wp:term":[{"taxonomy":"category","embeddable":true,"href":"https:\/\/www.journee-mondiale.com\/de\/wp-json\/wp\/v2\/categories?post=12660"},{"taxonomy":"post_tag","embeddable":true,"href":"https:\/\/www.journee-mondiale.com\/de\/wp-json\/wp\/v2\/tags?post=12660"}],"curies":[{"name":"wp","href":"https:\/\/api.w.org\/{rel}","templated":true}]}}