{"id":12652,"date":"2025-03-18T05:35:14","date_gmt":"2025-03-18T04:35:14","guid":{"rendered":"https:\/\/www.journee-mondiale.com\/de\/7-elegante-fruehlingsfrisuren-die-jede-frau-ueber-60-bei-besonderen-anlaessen-juenger-wirken-lassen-meine-stylistin-verraet-ihre-geheimnisse\/"},"modified":"2025-03-18T05:35:14","modified_gmt":"2025-03-18T04:35:14","slug":"7-elegante-fruehlingsfrisuren-die-jede-frau-ueber-60-bei-besonderen-anlaessen-juenger-wirken-lassen-meine-stylistin-verraet-ihre-geheimnisse","status":"publish","type":"post","link":"https:\/\/www.journee-mondiale.com\/de\/7-elegante-fruehlingsfrisuren-die-jede-frau-ueber-60-bei-besonderen-anlaessen-juenger-wirken-lassen-meine-stylistin-verraet-ihre-geheimnisse\/","title":{"rendered":"7 elegante Fr\u00fchlingsfrisuren die jede Frau \u00fcber 60 bei besonderen Anl\u00e4ssen j\u00fcnger wirken lassen (meine Stylistin verr\u00e4t ihre Geheimnisse)"},"content":{"rendered":"<p>Mit der Fr\u00fchlingssaison 2025 vor der T\u00fcr ist es der perfekte Zeitpunkt, \u00fcber elegante Frisurenideen f\u00fcr besondere Anl\u00e4sse nachzudenken. Gerade f\u00fcr Frauen \u00fcber 60 bieten stilvolle Haarstylings die M\u00f6glichkeit, ihre nat\u00fcrliche Eleganz zu unterstreichen. F\u00fcr besondere Anl\u00e4sse ist die Wahl einer eleganten Frisur entscheidend, da sie nicht nur das Outfit erg\u00e4nzt, sondern auch das Selbstvertrauen steigert. Entdecken wir gemeinsam, wie Sie mit der richtigen Frisur jeden Fr\u00fchlings- und Sommeranlass in diesem Jahr verzaubern k\u00f6nnen.<\/p>\n<h2>Die zeitlose Eleganz des Bobs mit Fransen<\/h2>\n<p>Der <strong>klassische Bob mit Frontfransen<\/strong> erlebt diesen Fr\u00fchling eine Renaissance. Diese Frisur schmeichelt jedem Gesicht und verleiht besonders feinem Haar mehr Volumen \u2013 ein h\u00e4ufiges Anliegen bei Frauen \u00fcber 60. &#8222;Ein gut geschnittener Bob ist wie ein ma\u00dfgeschneiderter Anzug \u2013 er passt immer und wirkt sofort edel&#8220;, erkl\u00e4rt Thomas Schmidt, Meisterfriseur im Berliner Salon &#8222;Haarkunst&#8220;. F\u00fcr besondere Anl\u00e4sse l\u00e4sst sich dieser Schnitt wunderbar mit sanften Wellen aufwerten, die dem Gesicht Weichheit verleihen.<\/p>\n<h2>Der sophistizierte Pixie-Cut \u2013 Ihr Fr\u00fchlingsbegleiter<\/h2>\n<p>Nichts sagt &#8222;selbstbewusste Eleganz&#8220; wie ein <strong>kurzer Pixie-Schnitt<\/strong>. Dieser pflegeleichte Look schafft die Illusion von mehr Haaren auf dem Kopf und ist ideal f\u00fcr die w\u00e4rmeren Fr\u00fchlingstage. Eine Kundin erz\u00e4hlte mir k\u00fcrzlich: &#8222;Seit ich meinen Pixie trage, erhalte ich bei jedem Familienfest Komplimente \u2013 und das Beste ist, ich brauche morgens nur f\u00fcnf Minuten im Bad!&#8220; F\u00fcr eine festliche Note k\u00f6nnen Sie dezente Accessoires wie filigrane Haarspangen mit Fr\u00fchlingsblumen einarbeiten.<\/p>\n<h2>Gelockte Eleganz f\u00fcr die Hochzeitssaison<\/h2>\n<p>Ein <strong>eleganter Dutt mit weichen Locken<\/strong> ist die perfekte Wahl f\u00fcr Fr\u00fchjahrs- und Sommerhochzeiten. Diese klassische Hochsteckfrisur h\u00e4lt das Haar von Nacken und Schultern fern \u2013 ideal f\u00fcr w\u00e4rmere Tage. Marion Weber, Stylistin f\u00fcr <a href=\"https:\/\/www.journee-mondiale.com\/de\/category\/lebensstil\/\" target=\"_blank\">Lebensstil-Tipps<\/a> und Events, empfiehlt: &#8222;Lassen Sie einige Str\u00e4hnen locker um das Gesicht fallen, um die Konturen weicher erscheinen zu lassen. Das wirkt jugendlich, ohne jugendlich wirken zu wollen.&#8220;<\/p>\n<h2>Der volumin\u00f6se Layered Lob f\u00fcr mehr F\u00fclle<\/h2>\n<p>Der <strong>geschichtete Long Bob<\/strong> erfreut sich gro\u00dfer Beliebtheit, da er sowohl Dimension als auch Bewegung ins Haar bringt. Besonders f\u00fcr Frauen mit feinerem Haar bietet dieser Schnitt genau die richtige Balance zwischen Pflegeleichtigkeit und Eleganz. Mit <a href=\"https:\/\/www.journee-mondiale.com\/de\/juridisk-informationen\/\" target=\"_blank\">Frisiertechniken f\u00fcr feines Haar<\/a> l\u00e4sst sich dieser Look leicht aufwerten. Verwenden Sie Volumenpuder an den Wurzeln, um dem Haar zus\u00e4tzlichen Schwung zu verleihen.<\/p>\n<h3>Styling-Tipps f\u00fcr besondere Fr\u00fchlingsanl\u00e4sse:<\/h3>\n<ul>\n<li>Verwenden Sie einen Lockenstab mit gr\u00f6\u00dferem Durchmesser f\u00fcr weiche, nat\u00fcrliche Wellen<\/li>\n<li>Setzen Sie auf leichte Stylingprodukte, die das Haar nicht beschweren<\/li>\n<li>Experimentieren Sie mit Haaraccessoires in Fr\u00fchlingsfarben<\/li>\n<\/ul>\n<h2>Silver Fox \u2013 Das Selbstbewusstsein grauen Haares<\/h2>\n<p>Grau ist das neue Blond! Ein <strong>Silver Fox Bob<\/strong> mit k\u00fchnen Fransen und Schichten verleiht einen jugendlichen, modernen Look. &#8222;Graues Haar ist wie Seide \u2013 es reflektiert das Licht auf einzigartige Weise und braucht nur die richtige Pflege, um zu strahlen&#8220;, erkl\u00e4rt Frisurenexpertin Claudia Berger. Die <a href=\"https:\/\/www.journee-mondiale.com\/de\/geschichte-der-welttage\/\" target=\"_blank\">Festliche Frisurengeschichte<\/a> zeigt, dass gerade bei formellen Anl\u00e4ssen silbernes Haar besonders edel wirkt.<\/p>\n<h2>Texturierte Fransen f\u00fcr einen modernen Touch<\/h2>\n<p>F\u00fcr mittellange Haarschnitte k\u00f6nnen <strong>texturierte Fransen<\/strong> wahre Wunder wirken. Sie rahmen das Gesicht ein und schaffen Tiefe \u2013 wie ein perfekt abgestimmter Rahmen f\u00fcr ein kostbares Gem\u00e4lde. Mit leichtem Texturspray und gezieltem F\u00f6hnen kann dieser Look f\u00fcr besondere Anl\u00e4sse aufgefrischt werden. Die franz\u00f6sische Stylingtechnik des \u201eEffortless Chic&#8220; findet hier ihre perfekte Umsetzung.<\/p>\n<h3>Pflegeprodukte f\u00fcr reifes Haar:<\/h3>\n<ul>\n<li>Feuchtigkeitsspendende Seren gegen Trockenheit<\/li>\n<li>Farbauffrischende Sp\u00fclungen f\u00fcr strahlendes Grau<\/li>\n<li>Leichte \u00d6le f\u00fcr nat\u00fcrlichen Glanz<\/li>\n<\/ul>\n<h2>Ist Ihre Frisur f\u00fcr den besonderen Anlass bereit?<\/h2>\n<p>Die perfekte Frisur ist wie ein ma\u00dfgeschneidertes Kleid \u2013 sie muss zu Ihrem pers\u00f6nlichen Stil und dem Anlass passen. Mit <a href=\"https:\/\/www.journee-mondiale.com\/de\/category\/reisen\/\" target=\"_blank\">Internationale Frisurentrends<\/a> als Inspiration und lokaler Expertise f\u00fcr die Umsetzung k\u00f6nnen Sie jeden Fr\u00fchlingsanlass mit Stil meistern. Bleiben Sie auf dem Laufenden mit unseren <a href=\"https:\/\/www.journee-mondiale.com\/de\/feed\/\" target=\"_blank\">Aktuelle Sch\u00f6nheitstipps<\/a>. Mit den richtigen Styling-Tipps und Haarpflege k\u00f6nnen Frauen \u00fcber 60 bei jedem Fr\u00fchlings- und Sommeranlass 2025 ihr Bestes aussehen und sich wunderbar f\u00fchlen.<\/p>\n","protected":false},"excerpt":{"rendered":"<p>Mit der Fr\u00fchlingssaison 2025 vor der T\u00fcr ist es der perfekte Zeitpunkt, \u00fcber elegante Frisurenideen f\u00fcr besondere Anl\u00e4sse nachzudenken. Gerade f\u00fcr Frauen \u00fcber 60 bieten stilvolle Haarstylings die M\u00f6glichkeit, ihre nat\u00fcrliche Eleganz zu unterstreichen. F\u00fcr besondere Anl\u00e4sse ist die Wahl einer eleganten Frisur entscheidend, da sie nicht nur das Outfit erg\u00e4nzt, sondern auch das Selbstvertrauen &#8230; <a title=\"7 elegante Fr\u00fchlingsfrisuren die jede Frau \u00fcber 60 bei besonderen Anl\u00e4ssen j\u00fcnger wirken lassen (meine Stylistin verr\u00e4t ihre Geheimnisse)\" class=\"read-more\" href=\"https:\/\/www.journee-mondiale.com\/de\/7-elegante-fruehlingsfrisuren-die-jede-frau-ueber-60-bei-besonderen-anlaessen-juenger-wirken-lassen-meine-stylistin-verraet-ihre-geheimnisse\/\" aria-label=\"Mehr Informationen \u00fcber 7 elegante Fr\u00fchlingsfrisuren die jede Frau \u00fcber 60 bei besonderen Anl\u00e4ssen j\u00fcnger wirken lassen (meine Stylistin verr\u00e4t ihre Geheimnisse)\">Lire plus<\/a><\/p>\n","protected":false},"author":1,"featured_media":12651,"comment_status":"","ping_status":"","sticky":false,"template":"","format":"standard","meta":{"footnotes":""},"categories":[48],"tags":[],"class_list":["post-12652","post","type-post","status-publish","format-standard","has-post-thumbnail","hentry","category-lebensstil"],"acf":[],"_yoast_wpseo_primary_category":null,"_yoast_wpseo_title":null,"_yoast_wpseo_metadesc":null,"_links":{"self":[{"href":"https:\/\/www.journee-mondiale.com\/de\/wp-json\/wp\/v2\/posts\/12652","targetHints":{"allow":["GET"]}}],"collection":[{"href":"https:\/\/www.journee-mondiale.com\/de\/wp-json\/wp\/v2\/posts"}],"about":[{"href":"https:\/\/www.journee-mondiale.com\/de\/wp-json\/wp\/v2\/types\/post"}],"author":[{"embeddable":true,"href":"https:\/\/www.journee-mondiale.com\/de\/wp-json\/wp\/v2\/users\/1"}],"replies":[{"embeddable":true,"href":"https:\/\/www.journee-mondiale.com\/de\/wp-json\/wp\/v2\/comments?post=12652"}],"version-history":[{"count":0,"href":"https:\/\/www.journee-mondiale.com\/de\/wp-json\/wp\/v2\/posts\/12652\/revisions"}],"wp:featuredmedia":[{"embeddable":true,"href":"https:\/\/www.journee-mondiale.com\/de\/wp-json\/wp\/v2\/media\/12651"}],"wp:attachment":[{"href":"https:\/\/www.journee-mondiale.com\/de\/wp-json\/wp\/v2\/media?parent=12652"}],"wp:term":[{"taxonomy":"category","embeddable":true,"href":"https:\/\/www.journee-mondiale.com\/de\/wp-json\/wp\/v2\/categories?post=12652"},{"taxonomy":"post_tag","embeddable":true,"href":"https:\/\/www.journee-mondiale.com\/de\/wp-json\/wp\/v2\/tags?post=12652"}],"curies":[{"name":"wp","href":"https:\/\/api.w.org\/{rel}","templated":true}]}}